{"id":58,"date":"2026-02-06T10:32:00","date_gmt":"2026-02-06T10:32:00","guid":{"rendered":"https:\/\/eskigazeteci.com\/?p=58"},"modified":"2026-02-06T10:32:00","modified_gmt":"2026-02-06T10:32:00","slug":"haber-5","status":"publish","type":"post","link":"https:\/\/eskigazeteci.com\/?p=58","title":{"rendered":"Haber"},"content":{"rendered":"<p>TBMM Ba\u015fkan\u0131 Numan Kurtulmu\u015f: Hepimizi derinden sarsan, milletimizin y\u00fcre\u011finde derin yaralar a\u00e7an 6 \u015eubat depremlerinin sene-i devriyesinde hayat\u0131n\u0131 kaybeden karde\u015flerimizi rahmetle an\u0131yor, geride kalan ailelerimize Cenab-\u0131 Allah\u2019tan sab\u0131r niyaz ediyorum. Ac\u0131n\u0131z ac\u0131m\u0131z, yas\u0131n\u0131z yas\u0131m\u0131zd\u0131r. Devletimiz ve milletimiz d\u00fcn oldu\u011fu gibi bug\u00fcn de yar\u0131n da daima yan\u0131n\u0131zdad\u0131r. Rabbim \u00fclkemizi ve milletimizi b\u00f6ylesi afetlerden muhafaza etsin.<\/p>\n<p>Cumhurba\u015fkan\u0131 Yard\u0131mc\u0131s\u0131 Cevdet Y\u0131lmaz: 6 \u015eubat depremlerinin \u00fczerinden 3 y\u0131l ge\u00e7ti. &#x27;Asr\u0131n Felaketi&#x27;nde kaybetti\u011fimiz her can\u0131n ac\u0131s\u0131 hala y\u00fcre\u011fimizde, hat\u0131ralar\u0131 haf\u0131zam\u0131zda. O g\u00fcnden bu yana devlet-millet el ele, b\u00fcy\u00fck bir seferberlikle yaralar\u0131m\u0131z\u0131 sararak 3 y\u0131ldan k\u0131sa bir s\u00fcrede \u015fehirlerimizi yeniden aya\u011fa kald\u0131rd\u0131k. Deprem felaketlerinde kaybetti\u011fimiz vatanda\u015flar\u0131m\u0131z\u0131 bir kez daha rahmetle an\u0131yorum. Mekanlar\u0131 cennet olsun. Rabbim milletimize bir daha b\u00f6yle ac\u0131lar ya\u015fatmas\u0131n.<\/p>\n<p>Aile ve Sosyal Hizmetler Bakan\u0131 Mahinur \u00d6zdemir G\u00f6kta\u015f: 11 ilimizde derin izler b\u0131rakan, y\u00fcre\u011fimizi yakan 6 \u015eubat depremlerinin ard\u0131ndan Cumhurba\u015fkan\u0131m\u0131z Sn Erdo\u011fan\u2019\u0131n liderli\u011finde, sars\u0131lmaz bir inan\u00e7la d\u00fc\u015ft\u00fc\u011f\u00fcm\u00fcz yerden kalkt\u0131k. Asr\u0131n felaketinin a\u00e7t\u0131\u011f\u0131 yaralar\u0131 asr\u0131n birlikteli\u011fi ile sard\u0131k. Sokaklar\u0131m\u0131z\u0131, evlerimizi, hayatlar\u0131m\u0131z\u0131 hep birlikte yeniden in\u015fa ettik. Biz tek y\u00fcrek olunca g\u00fcc\u00fcyle d\u00fcnyay\u0131 kendine hayran b\u0131rakan b\u00fcy\u00fck bir milletiz. \u015eehirlerimiz tamamen aya\u011fa kalkana, t\u00fcm vatanda\u015flar\u0131m\u0131z huzurla gelece\u011fe bakana kadar durmadan \u00e7al\u0131\u015fmaya devam edece\u011fiz. Kaybetti\u011fimiz canlar\u0131m\u0131z\u0131 rahmetle an\u0131yor, aziz milletimize bir kez daha ba\u015fsa\u011fl\u0131\u011f\u0131 diliyorum. Rabbim \u00fclkemizi her t\u00fcrl\u00fc afetten muhafaza eylesin, bizlere bir daha b\u00f6yle ac\u0131lar ya\u015fatmas\u0131n.<\/p>\n<p>\u00c7al\u0131\u015fma ve Sosyal G\u00fcvenlik Bakan\u0131 Vedat I\u015f\u0131khan: El ele, omuz omuza yaralar\u0131m\u0131z\u0131 birlikte sard\u0131k. Asr\u0131n Felaketi\u2019nin izlerinin silinmesi, vatanda\u015flar\u0131m\u0131z\u0131n gelece\u011fe umutla bakabilmesi i\u00e7in durmaks\u0131z\u0131n \u00e7al\u0131\u015ft\u0131k, \u00e7al\u0131\u015f\u0131yoruz. Cumhurba\u015fkan\u0131m\u0131z Say\u0131n Erdo\u011fan\u2019\u0131n liderli\u011finde, b\u00f6lge illerimizin yan\u0131nday\u0131z. Her zaman oldu\u011fu gibi millet\u00e7e t\u00fcm zorluklar\u0131 a\u015faca\u011f\u0131z. Bu vesileyle hayat\u0131n\u0131 kaybeden canlar\u0131m\u0131z\u0131 bir kez daha rahmetle an\u0131yor, k\u0131ymetli ailelerine sab\u0131r ve metanet diliyorum.<\/p>\n<p>\u00c7evre, \u015eehircilik ve \u0130klim De\u011fi\u015fikli\u011fi Bakan\u0131 Murat Kurum: 6 \u015eubat 2023\u2019te meydana gelen Kahramanmara\u015f merkezli depremlerde kaybetti\u011fimiz her can\u0131 rahmetle, \u00f6zlemle an\u0131yorum, geride kalanlara sab\u0131rlar diliyorum. T\u00fcrkiye\u2019nin yas\u0131n\u0131, T\u00fcrkiye\u2019nin dayan\u0131\u015fmas\u0131na \u00e7eviren milletimizin her bir ferdine \u015f\u00fckranlar\u0131m\u0131 sunuyorum. Allah b\u00f6yle bir ac\u0131y\u0131 bir kez daha ya\u015fatmas\u0131n, \u00fclkemizi her t\u00fcrl\u00fc afetten korusun.<\/p>\n<p>D\u0131\u015fi\u015fleri Bakan\u0131 Hakan Fidan: 6 \u015eubat depremlerinde kaybetti\u011fimiz canlar\u0131 rahmetle an\u0131yor, ailelerine ve aziz milletimize sab\u0131r ve ba\u015fsa\u011fl\u0131\u011f\u0131 diliyorum. Felaketin ard\u0131ndan ortaya konan birlik ruhu, milletimizin azmi ve devletimizin g\u00fc\u00e7l\u00fc iradesiyle, \u015fehirlerimizin yeniden in\u015fas\u0131nda ve hayat\u0131n normale d\u00f6nmesinde k\u0131sa s\u00fcrede takdire \u015fayan bir mesafe katedilmi\u015ftir. Devletimiz, afetten etkilenen her bir vatanda\u015f\u0131m\u0131z\u0131n yan\u0131nda olmaya, t\u00fcm imkanlar\u0131yla sahada, g\u00f6rev ba\u015f\u0131nda bulunmaya devam etmektedir.<\/p>\n<p>Enerji ve Tabii Kaynaklar Bakan\u0131 Alparslan Bayraktar: 6 \u015eubat, takvim yapraklar\u0131nda bir tarih de\u011fil, kalbimizdeki dinmeyen s\u0131z\u0131n\u0131n ad\u0131d\u0131r. O g\u00fcnlerde T\u00fcrkiye, asr\u0131n g\u00f6rmedi\u011fi bir felaketi ya\u015fad\u0131. Asr\u0131n felaketini omuz omuza verip g\u00f6\u011f\u00fcsledik, millet\u00e7e birlik i\u00e7erisinde zorluklar\u0131 a\u015fmaya gayret ettik. Aradan ge\u00e7en 3 y\u0131lda y\u0131k\u0131lan\u0131n yerine daha iyisini koymak, yar\u0131m kalan hik\u00e2yeleri tamamlamak i\u00e7in durmaks\u0131z\u0131n \u00e7al\u0131\u015ft\u0131k. Yitirdi\u011fimiz canlar\u0131m\u0131z\u0131 rahmetle an\u0131yor, geride kalan ailelerine ve milletimize bir kez daha ba\u015fsa\u011fl\u0131\u011f\u0131 diliyorum.<\/p>\n<p>\u0130\u00e7i\u015fleri Bakan\u0131 Ali Yerlikaya : 6 \u015eubat tarihinden bug\u00fcne; her birimizin y\u00fcre\u011finde derin bir ac\u0131 var. \u00d6pmeye k\u0131yamad\u0131\u011f\u0131m\u0131z yavrular\u0131m\u0131z\u0131 topra\u011fa verdik. Hay\u0131r duas\u0131n\u0131 bekledi\u011fimiz, analar\u0131m\u0131z\u0131, babalar\u0131m\u0131z\u0131 Rahmet-i Rahman\u2019a u\u011furlad\u0131k. Ya\u015fanan bu b\u00fcy\u00fck ac\u0131 sadece deprem b\u00f6lgesindekilerin de\u011fil, 86 milyonun ortak ac\u0131s\u0131 oldu. \u0130\u015fte o g\u00fc\u00e7le; enkaz ba\u015f\u0131nda omuz omuza verdik. \u0130\u015fte o g\u00fc\u00e7le; bir lokmay\u0131 b\u00f6l\u00fc\u015ft\u00fck. \u0130\u015fte o g\u00fc\u00e7le; \u201cyeniden\u201d dedik, \u201cdirili\u015f\u201d dedik, \u201ckalkaca\u011f\u0131z\u201d dedik. Cumhurba\u015fkan\u0131m\u0131z Say\u0131n Erdo\u011fan\u2019\u0131n liderli\u011finde; g\u00fc\u00e7l\u00fc bir iradenin, bir umudun, bir dirili\u015fin canl\u0131 \u015fahitleri olarak; \u201cAsr\u0131n felaketi\u201d gibi b\u00fcy\u00fck bir imtihan\u0131 \u201cAsr\u0131n \u0130n\u015fas\u0131\u201dna d\u00f6n\u00fc\u015ft\u00fcren e\u015fsiz bir ba\u015far\u0131 hik\u00e2yesini t\u00fcm d\u00fcnyaya ilan ettik. 6 \u015eubat depremlerinde hayat\u0131n\u0131 kaybeden t\u00fcm vatanda\u015flar\u0131m\u0131za Allah\u2019tan rahmet diliyorum. Geride kalanlara sabr-\u0131 cemil niyaz ediyorum.&quot;<\/p>\n<p>K\u00fclt\u00fcr ve Turizm Bakan\u0131 Mehmet Nuri Ersoy: 6 \u015eubat\u2019\u0131 unutmad\u0131k, unutturmayaca\u011f\u0131z&#8230; Asr\u0131n Felaketi\u2019nde hayat\u0131n\u0131 kaybeden vatanda\u015flar\u0131m\u0131za Allah\u2019tan rahmet, depremden etkilenen t\u00fcm karde\u015flerimize bir kez daha ge\u00e7mi\u015f olsun dileklerimi iletiyorum. Asr\u0131n Felaketi\u2019nin ard\u0131ndan, \u00f6ncelikle vatanda\u015flar\u0131m\u0131z\u0131n can ve mal emniyetini sa\u011flamak di\u011fer taraftan da t\u00fcm kurumlar\u0131m\u0131zla birlikte k\u00fclt\u00fcr varl\u0131klar\u0131m\u0131z\u0131 ve ortak haf\u0131zam\u0131z\u0131 korumak i\u00e7in do\u011frudan sahaya indik. K\u00fclt\u00fcrel miras\u0131n korunmas\u0131n\u0131 sadece bir onar\u0131m s\u00fcreci olarak g\u00f6rmedik. Bu \u00e7al\u0131\u015fmalar\u0131, \u015fehirlerimizi haf\u0131zas\u0131 ve kimli\u011fiyle birlikte yeniden aya\u011fa kald\u0131rman\u0131n ayr\u0131lmaz bir par\u00e7as\u0131 olarak ele ald\u0131k. Biz, bu topraklar\u0131n miras\u0131n\u0131n, bu topraklar\u0131n insan\u0131yla birlikte yeniden aya\u011fa kalkaca\u011f\u0131na inan\u0131yoruz.<\/p>\n<p>Milli E\u011fitim Bakan\u0131 Yusuf Tekin: 6 \u015eubat 2023\u2019te ya\u015fad\u0131\u011f\u0131m\u0131z b\u00fcy\u00fck felaketin \u00fczerinden \u00fc\u00e7 y\u0131l ge\u00e7ti. O g\u00fcn yitirdi\u011fimiz canlar\u0131n b\u0131rakt\u0131\u011f\u0131 keder, milletimizin vicdan\u0131nda ya\u015famaya devam ediyor. Mesuliyet telakkimizde ve gelece\u011fe bak\u0131\u015f\u0131m\u0131zda kal\u0131c\u0131 izler b\u0131rakan depremlerin ard\u0131ndan tezah\u00fcr eden fedak\u00e2rl\u0131k, feraset ve dayan\u0131\u015fma; bu milletin en m\u00fc\u015fk\u00fcl zamanlarda dahi ortak bir vicdanla hareket edebildi\u011fini bir kez daha g\u00f6stermi\u015ftir. Ge\u00e7ti\u011fimiz \u00fc\u00e7 y\u0131l boyunca okulu d\u00f6rt duvardan ibaret g\u00f6rmeden, ya\u015fanan sars\u0131nt\u0131n\u0131n izlerini hafifletmek i\u00e7in \u00e7ocuklar\u0131m\u0131z\u0131 ve gen\u00e7lerimizi e\u011fitimle hayata ba\u011flamaya, yaralar\u0131 birlikte sarmaya gayret ettik. Bu s\u00fcre\u00e7te Cumhurba\u015fkan\u0131m\u0131z\u0131n liderli\u011finde ger\u00e7ekle\u015ftirdi\u011fimiz yat\u0131r\u0131mlarla okullar\u0131m\u0131z\u0131 ve kurumlar\u0131m\u0131z\u0131 yeniden in\u015fa ettik, g\u00fc\u00e7lendirdik ve daha nitelikli hale getirdik. Bug\u00fcn geldi\u011fimiz noktada geli\u015ftirdi\u011fimiz yakla\u015f\u0131mlar, ge\u00e7mi\u015fte ya\u015fanan ac\u0131lar\u0131 daha bilin\u00e7li, daha dikkatli ve sorumluluk bilincini merkeze alan bir e\u011fitim anlay\u0131\u015f\u0131na d\u00f6n\u00fc\u015ft\u00fcrmeye y\u00f6neliktir. Bizlere d\u00fc\u015fen bu b\u00fcy\u00fck kayb\u0131n ard\u0131ndan emaneti daha sa\u011flam yap\u0131larla, daha g\u00fc\u00e7l\u00fc bir e\u011fitim iradesiyle ve daha y\u00fcksek bir sorumluluk duygusuyla gelece\u011fe ta\u015f\u0131makt\u0131r. Bu idrakle 6 \u015eubat depremlerinde hayat\u0131n\u0131 kaybeden vatanda\u015flar\u0131m\u0131z\u0131 anmak, birlik ve beraberlik duygular\u0131m\u0131z\u0131 canl\u0131 tutmak amac\u0131yla Bakanl\u0131\u011f\u0131m\u0131z b\u00fcnyesindeki t\u00fcm temel e\u011fitim ve orta\u00f6\u011fretim kurumlar\u0131nda, 6 \u015eubat 2026 tarihinde ilk derse ba\u015flamadan \u00f6nce bir dakikal\u0131k sayg\u0131 duru\u015funda bulunulacakt\u0131r. 6 \u015eubat depremlerinde hayat\u0131n\u0131 kaybeden t\u00fcm vatanda\u015flar\u0131m\u0131za y\u00fcce Allah&#x27;tan rahmet diliyorum, onlar\u0131n aziz hat\u0131ralar\u0131n\u0131 dualarla y\u00e2d ediyorum. Yak\u0131nlar\u0131na ba\u015fsa\u011fl\u0131\u011f\u0131 ve sab\u0131rlar diliyorum. Y\u00fcce Rabb\u2019im milletimize sab\u0131r, dirayet ve huzur ihsan eylesin; \u00fclkemizi her t\u00fcrl\u00fc afetten ve k\u00f6t\u00fcl\u00fckten muhafaza buyursun.<\/p>\n<p>Tar\u0131m ve Orman Bakan\u0131 \u0130brahim Yumakl\u0131: 6 \u015eubat 2023\u2019de ya\u015fad\u0131\u011f\u0131m\u0131z b\u00fcy\u00fck depremlerin \u00fc\u00e7\u00fcnc\u00fc y\u0131l\u0131nday\u0131z. Hayat\u0131n\u0131 kaybeden vatanda\u015flar\u0131m\u0131z\u0131 rahmetle an\u0131yor, k\u0131ymetli ailelerine ve aziz milletimize bir kez daha ba\u015fsa\u011fl\u0131\u011f\u0131 diliyorum. T\u00fcrkiye olarak; t\u00fcm zorluklarda oldu\u011fu gibi birbirimize kenetlenerek \u201cAsr\u0131n Birlikteli\u011fi\u201dni ortaya koyduk. H\u00fcz\u00fcnleri silen, yaralar\u0131 saran, k\u00fcllerinden yine yeniden do\u011fan bir anlay\u0131\u015fla \u015fehirlerimizi hep beraber kalk\u0131nd\u0131r\u0131yoruz. Rabb\u2019im milletimize bir daha b\u00f6yle ac\u0131lar ya\u015fatmas\u0131n; \u00fclkemizi her t\u00fcrl\u00fc afet ve felaketten muhafaza eylesin.<\/p>\n<p>Ticaret Bakan\u0131 \u00d6mer Bolat: 6 \u015eubat depremlerinde hayat\u0131n\u0131 kaybeden vatanda\u015flar\u0131m\u0131z\u0131 rahmetle an\u0131yor, aziz hat\u0131ralar\u0131n\u0131 h\u00fcrmetle y\u00e2d ediyorum. Rabbim milletimize bir daha b\u00f6yle ac\u0131lar ya\u015fatmas\u0131n. Asr\u0131n felaketi olarak tarihe ge\u00e7en bu b\u00fcy\u00fck afetin ard\u0131ndan, devletimiz t\u00fcm imk\u00e2nlar\u0131yla sahada olmu\u015f, milletimizle omuz omuza vererek g\u00fc\u00e7l\u00fc bir toparlanma s\u00fcrecini kararl\u0131l\u0131kla ba\u015flatm\u0131\u015ft\u0131r. Sadece konutlar de\u011fil; ticaret, \u00fcretim, ihracat ve istihdam da yeniden aya\u011fa kald\u0131r\u0131lm\u0131\u015ft\u0131r. Depremden etkilenen b\u00f6lgelerimizde esnaf\u0131m\u0131z\u0131n, sanayicimizin ve ihracat\u00e7\u0131m\u0131z\u0131n faaliyetlerini s\u00fcrd\u00fcrebilmesi i\u00e7in kapsaml\u0131 destekler devreye al\u0131nm\u0131\u015f; \u00fcretim zincirleri korunmu\u015f, ekonomik hayat h\u0131zla canland\u0131r\u0131lm\u0131\u015ft\u0131r. Bu s\u00fcre\u00e7, milletimizin direncinin ve devletimizin kudretinin a\u00e7\u0131k bir tezah\u00fcr\u00fcd\u00fcr. Asr\u0131n felaketinden asr\u0131n in\u015fas\u0131na uzanan bu y\u00fcr\u00fcy\u00fc\u015f\u00fc, ayn\u0131 kararl\u0131l\u0131kla s\u00fcrd\u00fcrmeye devam edece\u011fiz in\u015fallah.<\/p>\n<p>Ula\u015ft\u0131rma ve Altyap\u0131 Bakan\u0131 Abdulkadir Uralo\u011flu: 6 \u015eubat 2023\u2019te ya\u015fad\u0131\u011f\u0131m\u0131z asr\u0131n felaketinde hayat\u0131n\u0131 kaybeden vatanda\u015flar\u0131m\u0131z\u0131 rahmetle an\u0131yorum. Millet\u00e7e y\u00fcre\u011fimizi yakan bu b\u00fcy\u00fck ac\u0131y\u0131 hi\u00e7bir zaman unutmad\u0131k, unutmayaca\u011f\u0131z. Kay\u0131plar\u0131m\u0131z\u0131n hat\u0131ras\u0131n\u0131 ya\u015fatmak, geride kalanlara daha g\u00fcvenli bir gelecek b\u0131rakmak i\u00e7in; \u015fehirlerimizi, yollar\u0131m\u0131z\u0131 ve yar\u0131nlar\u0131m\u0131z\u0131 daha g\u00fc\u00e7l\u00fc \u015fekilde in\u015fa etmeye kararl\u0131y\u0131z. Rabbim milletimize bir daha b\u00f6yle ac\u0131lar ya\u015fatmas\u0131n. Mek\u00e2nlar\u0131 cennet olsun.<\/p>\n<p>CHP Genel Ba\u015fkan\u0131 \u00d6zg\u00fcr \u00d6zel: Ad\u0131yaman\u2019day\u0131z. Ac\u0131n\u0131n saati 04.17\u2019de kaybetti\u011fimiz canlar\u0131m\u0131z i\u00e7in hep beraber y\u00fcr\u00fcd\u00fck, dualar ettik. 6 \u015eubat depremlerinin y\u0131l d\u00f6n\u00fcm\u00fcnde yitirdi\u011fimiz t\u00fcm vatanda\u015flar\u0131m\u0131z\u0131 rahmetle an\u0131yorum. H\u00e2l\u00e2 ayn\u0131 s\u0131z\u0131yla, h\u00e2l\u00e2 bir arada&#8230;<\/p>\n<p>\u0130Y\u0130 Parti Genel Ba\u015fkan\u0131 M\u00fcsavat Dervi\u015fo\u011flu: 6 \u015eubat 2023\u2019te ya\u015fad\u0131\u011f\u0131m\u0131z deprem felaketi, Cumhuriyet tarihimizin en a\u011f\u0131r felaketlerinden biri olarak haf\u0131zalar\u0131m\u0131za kaz\u0131nm\u0131\u015ft\u0131r. Bu b\u00fcy\u00fck y\u0131k\u0131m; y\u00f6netim tercihlerinin, ihmallerin ve denetimsizli\u011fin ac\u0131 bir sonucudur. Hayat\u0131n\u0131 kaybeden vatanda\u015flar\u0131m\u0131z\u0131 rahmetle an\u0131yor, ac\u0131y\u0131 omuz omuza ta\u015f\u0131yan aziz milletimizin y\u00fck\u00fcn\u00fc y\u00fcrekten payla\u015f\u0131yorum.<\/p>\n<p>DEM Parti E\u015f Genel Ba\u015fkan\u0131 T\u00fclay Hatimo\u011fullar\u0131: 6 \u015eubat depremlerinin 3. y\u0131l\u0131nda, yitirdiklerimizi anmak ve ac\u0131lar\u0131m\u0131z\u0131n ortakl\u0131\u011f\u0131nda yaralar\u0131m\u0131z\u0131 sarmak i\u00e7in Ad\u0131yaman\u2019day\u0131z. Biz buraday\u0131z; \u00e7\u00fcnk\u00fc unutmad\u0131k! Buraday\u0131z; \u00e7\u00fcnk\u00fc kaybettiklerimize, yar\u0131m kalan hayatlara borcumuz var! Depremi felakete d\u00f6n\u00fc\u015ft\u00fcren ihmaller zincirinin sorumlular\u0131 yarg\u0131lanana, adalet sa\u011flanana dek m\u00fccadelemizi s\u00fcrd\u00fcrece\u011fiz!<\/p>\n<p>AK Parti S\u00f6zc\u00fcs\u00fc \u00d6mer \u00c7elik: Asr\u0131n felaketinde kaybetti\u011fimiz canlar\u0131m\u0131z\u0131 unutmuyoruz. Kaybetti\u011fimiz canlar\u0131m\u0131za Allah\u2019tan rahmet diliyoruz. Mekanlar\u0131 cennet olsun. De\u011ferli ailelerinin ve milletimizin ba\u015f\u0131 sa\u011f olsun.<\/p>\n<p>T\u00fcrkiye g\u00fcndeminden son dakika haberleri, bug\u00fcn ya\u015fanan en son geli\u015fmeler, siyaset g\u00fcndeminden g\u00fcncel haberler ve b\u00fct\u00fcn son dakika haberleri i\u00e7in H\u00fcrriyet&#x27;in internet haber sitesi hurriyet.com.tr; Hurriyet.com.tr haber i\u00e7erikleri kaynak g\u00f6sterilmeden al\u0131nt\u0131 yap\u0131lamaz, Kanuna ayk\u0131r\u0131 ve izinsiz olarak kopyalanamaz, ba\u015fka yerde yay\u0131nlanamaz.<\/p>\n","protected":false},"excerpt":{"rendered":"<p>Siyasiler, 6 \u015eubat 2023&#8217;te Kahramanmara\u015f merkezli 11 ili etkileyen 7,7 ve 7,6 b\u00fcy\u00fckl\u00fc\u011f\u00fcndeki depremlerde hayat\u0131n\u0131 kaybedenleri and\u0131.<\/p>\n","protected":false},"author":2,"featured_media":57,"comment_status":"open","ping_status":"open","sticky":false,"template":"","format":"standard","meta":{"footnotes":""},"categories":[8,3],"tags":[],"class_list":["post-58","post","type-post","status-publish","format-standard","has-post-thumbnail","hentry","category-arsiv","category-siyaset"],"_links":{"self":[{"href":"https:\/\/eskigazeteci.com\/index.php?rest_route=\/wp\/v2\/posts\/58","targetHints":{"allow":["GET"]}}],"collection":[{"href":"https:\/\/eskigazeteci.com\/index.php?rest_route=\/wp\/v2\/posts"}],"about":[{"href":"https:\/\/eskigazeteci.com\/index.php?rest_route=\/wp\/v2\/types\/post"}],"author":[{"embeddable":true,"href":"https:\/\/eskigazeteci.com\/index.php?rest_route=\/wp\/v2\/users\/2"}],"replies":[{"embeddable":true,"href":"https:\/\/eskigazeteci.com\/index.php?rest_route=%2Fwp%2Fv2%2Fcomments&post=58"}],"version-history":[{"count":0,"href":"https:\/\/eskigazeteci.com\/index.php?rest_route=\/wp\/v2\/posts\/58\/revisions"}],"wp:featuredmedia":[{"embeddable":true,"href":"https:\/\/eskigazeteci.com\/index.php?rest_route=\/wp\/v2\/media\/57"}],"wp:attachment":[{"href":"https:\/\/eskigazeteci.com\/index.php?rest_route=%2Fwp%2Fv2%2Fmedia&parent=58"}],"wp:term":[{"taxonomy":"category","embeddable":true,"href":"https:\/\/eskigazeteci.com\/index.php?rest_route=%2Fwp%2Fv2%2Fcategories&post=58"},{"taxonomy":"post_tag","embeddable":true,"href":"https:\/\/eskigazeteci.com\/index.php?rest_route=%2Fwp%2Fv2%2Ftags&post=58"}],"curies":[{"name":"wp","href":"https:\/\/api.w.org\/{rel}","templated":true}]}}