{"id":576,"date":"2026-02-10T04:13:07","date_gmt":"2026-02-10T04:13:07","guid":{"rendered":"https:\/\/eskigazeteci.com\/?p=576"},"modified":"2026-02-10T04:13:07","modified_gmt":"2026-02-10T04:13:07","slug":"celikten-ozele-tepki-sozleri-skandal","status":"publish","type":"post","link":"https:\/\/eskigazeteci.com\/?p=576","title":{"rendered":"\u00c7elik\u2019ten \u00d6zel\u2019e tepki: S\u00f6zleri skandal"},"content":{"rendered":"<p>C UMHURBA\u015eKANI Tayyip Erdo\u011fan ba\u015fkanl\u0131\u011f\u0131nda toplanan AK Parti Merkez Y\u00fcr\u00fctme Kurulu (MYK) toplant\u0131s\u0131na ili\u015fkin a\u00e7\u0131klama yapan \u00c7elik, \u00f6zetle \u015funlar\u0131 s\u00f6yledi:<\/p>\n<p>SAHADA OLACA\u011eIZ<\/p>\n<p>\u201cRamazan ay\u0131 geliyor. Vatanda\u015flar\u0131m\u0131zla te\u015fkilat olarak bulu\u015faca\u011f\u0131z. Bakanlar\u0131m\u0131zla birlikte sahada olaca\u011f\u0131z. Ramazan ay\u0131nda yo\u011fun faaliyet y\u00fcr\u00fct\u00fclecek.<\/p>\n<p>IRK\u00c7I S\u00d6YLEMLER\ufffd<\/p>\n<p>Ter\u00f6rs\u00fcz T\u00fcrkiye ve b\u00f6lge konusundaki \u00e7al\u0131\u015fmalar\u0131m\u0131z devam ediyor. Dezenformasyonlar, a\u015f\u0131r\u0131 s\u00f6ylemler, oda\u011f\u0131m\u0131z\u0131 kaybettirmeye d\u00f6n\u00fck yanl\u0131\u015f yakla\u015f\u0131mlar, \u0131rk\u00e7\u0131 s\u00f6ylemler olabiliyor. Bunlara gerekli cevaplar veriliyor.<\/p>\n<p>ABD-\u0130RAN GER\u0130L\u0130M\u0130<\/p>\n<p>M\u00fczakereler ba\u015flad\u0131. \u0130ran\u2019da tabii ki sorunlar var ama bunu \u0130ran toplumu kendi dinamikleriyle \u00e7\u00f6zmelidir. Askeri m\u00fcdahale se\u00e7ene\u011finin hi\u00e7bir \u015fekilde g\u00fcndeme al\u0131nmamas\u0131 gerekir. B\u00fcy\u00fck istikrars\u0131zl\u0131\u011fa yol a\u00e7ar. D\u0131\u015f m\u00fcdahaleden uzak durulmas\u0131 \u00f6nemlidir.<\/p>\n<p>NEFRET S\u00d6YLEM\u0130<\/p>\n<p>Nefret siyaseti ve nefret s\u00f6ylemi hastal\u0131k olarak kendisini zaman zaman g\u00f6steriyor. Mihalgazi Belediye Ba\u015fkan\u0131 Zeynep Akg\u00fcn\u2019e yap\u0131lan s\u00f6ylem a\u015fa\u011f\u0131l\u0131k bir s\u00f6ylemdir. Toplumun her kesiminden ortak tepkinin \u00e7ok anlaml\u0131 oldu\u011funu ifade etmek isterim. Bu \u015fahs\u0131n \u0130Y\u0130 Parti \u00fcyesi oldu\u011fu s\u00f6yleniyordu. \u0130Y\u0130 Parti, bu \u015fahs\u0131n ihrac\u0131yla ilgili \u00e7ok h\u0131zl\u0131 hareket ettiler.<\/p>\n<p>MHP\u2019YLE UZUN YOLLAR A\u015eACA\u011eIZ<\/p>\n<p>MHP\u2019nin 57. kurulu\u015f y\u0131ld\u00f6n\u00fcm\u00fc&#8230; Say\u0131n Bah\u00e7eli\u2019ye ve MHP mensuplar\u0131na en i\u00e7ten tebriklerimizi iletiyoruz. Cumhur \u0130ttifak\u0131 olarak b\u00fcy\u00fck bir m\u00fccadele verdik. Daha uzun yollar a\u015faca\u011f\u0131z ve bu yolu beraber y\u00fcr\u00fcyece\u011fiz. \u00d6n\u00fcm\u00fczde \u00f6nemli konulardan biri Ter\u00f6rs\u00fcz T\u00fcrkiye\u2019yi hedefe ula\u015ft\u0131rmakt\u0131r. Bah\u00e7eli\u2019nin konu\u015fmas\u0131ndan \u015fu kesimi aktarmak istiyorum: \u2018Ter\u00f6rs\u00fcz T\u00fcrkiye hedefinin yakalanmas\u0131 milli dayan\u0131\u015fman\u0131n dinamizmiyle var olacakt\u0131r. Herkesi uyar\u0131yorum Cumhuriyet\u2019in kurulu\u015f ilkelerini tart\u0131\u015fmaya a\u00e7mak, etnik k\u00f6ken farkl\u0131l\u0131klar\u0131na dayanarak bunlar\u0131 y\u0131kmaya \u00e7al\u0131\u015fmak devletin varl\u0131\u011f\u0131na kastetmekle e\u015fde\u011ferdir. Bu da ihanettir.\u2019 T\u00fcrkiye\u2019de ikinci s\u0131n\u0131f vatanda\u015f yoktur. Birinci s\u0131n\u0131f vatanda\u015f vard\u0131r. Manip\u00fclatif a\u00e7\u0131klamalar\u0131 \u00e7ok k\u00f6kl\u00fc \u015fekilde reddediyoruz.<\/p>\n<p>HUKUKEN GERE\u011e\u0130 YAPILACAK<\/p>\n<p>(Ara\u00e7 muayene istasyonunda polis memurunun d\u00f6v\u00fclerek \u00f6ld\u00fcr\u00fclmesi) Polis karde\u015fimizin hayat\u0131n\u0131 kaybetmesi \u00e7ok \u00fcz\u00fcc\u00fc. Hukuken gere\u011fi yap\u0131lacakt\u0131r. Bunu takip edece\u011fiz.<\/p>\n<p>SOSYAL MEDYA \u00c7ALI\u015eMASI<\/p>\n<p>D\u00fcnyada tart\u0131\u015f\u0131lan bir konuda sosyal medya konusu. Biz bu konuda bir \u00e7al\u0131\u015fma yap\u0131yoruz. Cumhurba\u015fkan\u0131m\u0131z siber egemenli\u011fimizi korumak i\u00e7in bu konuya dikkat \u00e7ekiyor. Bat\u0131\u2019dan bu konuda dikkat \u00e7ekici a\u00e7\u0131klamalar geliyor. Hem \u00e7ocuklara musallat oluyorlar hem de \u00fclkelerin egemenli\u011fine musallat oluyorlar. Bunlar \u00f6zg\u00fcrl\u00fc\u011f\u00fcm\u00fcz\u00fc korumak i\u00e7in yapmam\u0131z gerekenler.\u201d<\/p>\n<p>AK PART\u0130\u2019YE KATILACAK MI: VER\u0130LM\u0130\u015e B\u0130R KARAR YOK<\/p>\n<p>&#8211; \u00d6MER \u00c7elik , Ankara Ke\u00e7i\u00f6ren Belediye Ba\u015fkan\u0131 Mesut \u00d6zarslan \u2019\u0131n CHP\u2019den olayl\u0131 bir \u015fekilde istifas\u0131na ili\u015fkin \u015f\u00f6yle konu\u015ftu: \u201cCHP Genel Ba\u015fkan\u0131\u2019n\u0131n kulland\u0131\u011f\u0131 ifadeler siyasi tarihimizde e\u015fi benzeri olamayan bir skandal. Hem \u00fcz\u00fcc\u00fc hem de utan\u00e7 verici. CHP, bu duruma nas\u0131l d\u00fc\u015f\u00fcyor? K\u00fcrs\u00fcye \u00e7\u0131kt\u0131klar\u0131nda demokrasi, hukuk, siyasi diyalog diyorlar. Bu mesajlarda seviye yok. Konu\u015fmak bile utan\u00e7 verici. Yap\u0131lan savunmalar o mesajlardan daha k\u00f6t\u00fc. \u00d6z\u00fcr dilenmesi gereken konu. (Ke\u00e7i\u00f6ren Belediye Ba\u015fkan\u0131 Mesut \u00d6zarslan AK Parti\u2019ye kat\u0131lacak m\u0131?) Ke\u00e7i\u00f6ren Belediye Ba\u015fkan\u0131 ile ilgili bir g\u00fcndem ve verilmi\u015f bir karar yok.\u201d<\/p>\n<p>ZEYNEP G\u00dcNE\u015e\u2019\u0130 ARADI<\/p>\n<p>AK Parti MYK toplant\u0131s\u0131n\u0131n ard\u0131ndan Cumhurba\u015fkan\u0131 Erdo\u011fan, \u0130Y\u0130 Partili Mehmet Emin Korkmaz\u2019\u0131n k\u0131yafeti nedeniyle sosyal medyadan hedef ald\u0131\u011f\u0131 Mihalgazi Belediye Ba\u015fkan\u0131 Zeynep G\u00fcne\u015f ile telefonda g\u00f6r\u00fc\u015ft\u00fc. \u201c\u00c7ar\u015famba g\u00fcn\u00fc 100 bayanla grup toplant\u0131m\u0131za geliyorsun. Bembeyaz geliyorsun. Ama sen \u015fimdi ink\u0131labi bir d\u00f6n\u00fc\u015f yapt\u0131n\u201d dedi.<\/p>\n<p>T\u00fcrkiye g\u00fcndeminden son dakika haberleri, bug\u00fcn ya\u015fanan en son geli\u015fmeler, siyaset g\u00fcndeminden g\u00fcncel haberler ve b\u00fct\u00fcn son dakika haberleri i\u00e7in H\u00fcrriyet&#x27;in internet haber sitesi hurriyet.com.tr; Hurriyet.com.tr haber i\u00e7erikleri kaynak g\u00f6sterilmeden al\u0131nt\u0131 yap\u0131lamaz, Kanuna ayk\u0131r\u0131 ve izinsiz olarak kopyalanamaz, ba\u015fka yerde yay\u0131nlanamaz.<\/p>\n","protected":false},"excerpt":{"rendered":"<p>AK Parti S\u00f6zc\u00fcs\u00fc \u00d6mer \u00c7elik, Ke\u00e7i\u00f6ren Belediye Ba\u015fkan\u0131 Mesut \u00d6zarslan\u2019\u0131n CHP\u2019den istifas\u0131 ile ilgili \u201cCHP Genel Ba\u015fkan\u0131\u2019n\u0131n kulland\u0131\u011f\u0131 ifadeler siyasi&#8230;<\/p>\n","protected":false},"author":2,"featured_media":575,"comment_status":"open","ping_status":"open","sticky":false,"template":"","format":"standard","meta":{"footnotes":""},"categories":[8,1],"tags":[],"class_list":["post-576","post","type-post","status-publish","format-standard","has-post-thumbnail","hentry","category-arsiv","category-uncategorized"],"_links":{"self":[{"href":"https:\/\/eskigazeteci.com\/index.php?rest_route=\/wp\/v2\/posts\/576","targetHints":{"allow":["GET"]}}],"collection":[{"href":"https:\/\/eskigazeteci.com\/index.php?rest_route=\/wp\/v2\/posts"}],"about":[{"href":"https:\/\/eskigazeteci.com\/index.php?rest_route=\/wp\/v2\/types\/post"}],"author":[{"embeddable":true,"href":"https:\/\/eskigazeteci.com\/index.php?rest_route=\/wp\/v2\/users\/2"}],"replies":[{"embeddable":true,"href":"https:\/\/eskigazeteci.com\/index.php?rest_route=%2Fwp%2Fv2%2Fcomments&post=576"}],"version-history":[{"count":0,"href":"https:\/\/eskigazeteci.com\/index.php?rest_route=\/wp\/v2\/posts\/576\/revisions"}],"wp:featuredmedia":[{"embeddable":true,"href":"https:\/\/eskigazeteci.com\/index.php?rest_route=\/wp\/v2\/media\/575"}],"wp:attachment":[{"href":"https:\/\/eskigazeteci.com\/index.php?rest_route=%2Fwp%2Fv2%2Fmedia&parent=576"}],"wp:term":[{"taxonomy":"category","embeddable":true,"href":"https:\/\/eskigazeteci.com\/index.php?rest_route=%2Fwp%2Fv2%2Fcategories&post=576"},{"taxonomy":"post_tag","embeddable":true,"href":"https:\/\/eskigazeteci.com\/index.php?rest_route=%2Fwp%2Fv2%2Ftags&post=576"}],"curies":[{"name":"wp","href":"https:\/\/api.w.org\/{rel}","templated":true}]}}