{"id":574,"date":"2026-02-10T04:13:06","date_gmt":"2026-02-10T04:13:06","guid":{"rendered":"https:\/\/eskigazeteci.com\/?p=574"},"modified":"2026-02-10T04:13:06","modified_gmt":"2026-02-10T04:13:06","slug":"cezaevinden-izinli-cikti-annesini-kizini-ve-esini-katletti","status":"publish","type":"post","link":"https:\/\/eskigazeteci.com\/?p=574","title":{"rendered":"Cezaevinden izinli \u00e7\u0131kt\u0131\u2026 Annesini, k\u0131z\u0131n\u0131 ve e\u015fini katletti"},"content":{"rendered":"<p>Ankara \u2019n\u0131n Ke\u00e7i\u00f6ren il\u00e7esinde d\u00fcn cezaevinden izinli \u00e7\u0131kan Recep Cengiz (35), annesi Azize Cengiz\u2019in (57) evine gitti. Burada bilinmeyen nedenle tart\u0131\u015ft\u0131\u011f\u0131 annesi ile yan\u0131nda kalan ve ilk e\u015finden olan k\u0131z\u0131 Azra Cengiz\u2019i (8) tabanca ile vurdu. Recep Cengiz, daha sonra annesi ve k\u0131z\u0131n\u0131n cans\u0131z bedenlerini hafif ticari araca koyarak ayn\u0131 mahallede oturan bo\u015fanma a\u015famas\u0131ndaki e\u015fi Beyzanur U\u00e7an Cengiz\u2019in (28) evin gitti.<\/p>\n<p>BA\u015eINDA KASK \u0130LE KAPIYI \u00c7ALDI<\/p>\n<p>Recep Cengiz, iddiaya g\u00f6re e\u015finin kap\u0131y\u0131 a\u00e7mayaca\u011f\u0131 endi\u015fesiyle kendisini kurye gibi g\u00f6stererek ba\u015f\u0131nda kask ile zile bast\u0131. Kap\u0131y\u0131 a\u00e7an e\u015fini de tabancayla vuran Recep Cengiz, ayn\u0131 silahla olay yerinde intihar etti.<\/p>\n<p>\u0130hbar \u00fczerine iki ayr\u0131 adrese polis ve sa\u011fl\u0131k ekipleri sevk edildi. Sa\u011fl\u0131k ekipleri ile olay yeri inceleme ekiplerinin yapt\u0131\u011f\u0131 \u00e7al\u0131\u015fman\u0131n ard\u0131ndan cesetler Adli T\u0131p Kurumu morguna kald\u0131r\u0131ld\u0131.<\/p>\n<p>T\u00fcrkiye g\u00fcndeminden son dakika haberleri, bug\u00fcn ya\u015fanan en son geli\u015fmeler, siyaset g\u00fcndeminden g\u00fcncel haberler ve b\u00fct\u00fcn son dakika haberleri i\u00e7in H\u00fcrriyet&#x27;in internet haber sitesi hurriyet.com.tr; Hurriyet.com.tr haber i\u00e7erikleri kaynak g\u00f6sterilmeden al\u0131nt\u0131 yap\u0131lamaz, Kanuna ayk\u0131r\u0131 ve izinsiz olarak kopyalanamaz, ba\u015fka yerde yay\u0131nlanamaz.<\/p>\n","protected":false},"excerpt":{"rendered":"<p>Cezaevinden izinli \u00e7\u0131kan Recep Cengiz, annesi Azize Cengiz ve ilk e\u015finden olan k\u0131z\u0131 Azra Cengiz\u2019in ard\u0131ndan ayn\u0131 mahallede oturan bo\u015fanma a\u015famas\u0131ndaki e\u015fi&#8230;<\/p>\n","protected":false},"author":2,"featured_media":573,"comment_status":"open","ping_status":"open","sticky":false,"template":"","format":"standard","meta":{"footnotes":""},"categories":[8,1],"tags":[],"class_list":["post-574","post","type-post","status-publish","format-standard","has-post-thumbnail","hentry","category-arsiv","category-uncategorized"],"_links":{"self":[{"href":"https:\/\/eskigazeteci.com\/index.php?rest_route=\/wp\/v2\/posts\/574","targetHints":{"allow":["GET"]}}],"collection":[{"href":"https:\/\/eskigazeteci.com\/index.php?rest_route=\/wp\/v2\/posts"}],"about":[{"href":"https:\/\/eskigazeteci.com\/index.php?rest_route=\/wp\/v2\/types\/post"}],"author":[{"embeddable":true,"href":"https:\/\/eskigazeteci.com\/index.php?rest_route=\/wp\/v2\/users\/2"}],"replies":[{"embeddable":true,"href":"https:\/\/eskigazeteci.com\/index.php?rest_route=%2Fwp%2Fv2%2Fcomments&post=574"}],"version-history":[{"count":0,"href":"https:\/\/eskigazeteci.com\/index.php?rest_route=\/wp\/v2\/posts\/574\/revisions"}],"wp:featuredmedia":[{"embeddable":true,"href":"https:\/\/eskigazeteci.com\/index.php?rest_route=\/wp\/v2\/media\/573"}],"wp:attachment":[{"href":"https:\/\/eskigazeteci.com\/index.php?rest_route=%2Fwp%2Fv2%2Fmedia&parent=574"}],"wp:term":[{"taxonomy":"category","embeddable":true,"href":"https:\/\/eskigazeteci.com\/index.php?rest_route=%2Fwp%2Fv2%2Fcategories&post=574"},{"taxonomy":"post_tag","embeddable":true,"href":"https:\/\/eskigazeteci.com\/index.php?rest_route=%2Fwp%2Fv2%2Ftags&post=574"}],"curies":[{"name":"wp","href":"https:\/\/api.w.org\/{rel}","templated":true}]}}