{"id":568,"date":"2026-02-10T04:13:02","date_gmt":"2026-02-10T04:13:02","guid":{"rendered":"https:\/\/eskigazeteci.com\/?p=568"},"modified":"2026-02-10T04:13:02","modified_gmt":"2026-02-10T04:13:02","slug":"ugur-mumcu-suikastinda-firari-sanik-avustralyadan-istenecek","status":"publish","type":"post","link":"https:\/\/eskigazeteci.com\/?p=568","title":{"rendered":"U\u011fur Mumcu suikast\u0131nda firari san\u0131k Avustralya\u2019dan istenecek"},"content":{"rendered":"<p>U\u011fur Mumcu \u2019nun 24 Ocak 1993\u2019te Ankara\u2019daki evinin \u00f6n\u00fcnde otomobiline yerle\u015ftirilen bomban\u0131n patlat\u0131lmas\u0131 sonucu \u00f6ld\u00fcr\u00fclmesi ile ilgili firari san\u0131k O\u011fuz Demir\u2019in Ankara 5\u2019inci A\u011f\u0131r Ceza Mahkemesi\u2019nde yarg\u0131lanmas\u0131na devam edildi. Duru\u015fmaya Mumcu\u2019nun k\u0131z\u0131 \u00d6zge Aybars Mumcu ve avukat\u0131 kat\u0131ld\u0131. Duru\u015fmay\u0131 baz\u0131 milletvekilleri de takip etti. Davada Mumcu Ailesi\u2019nin avukat\u0131, san\u0131k Demir ad\u0131na kay\u0131tl\u0131 bir ara\u00e7 oldu\u011funu s\u00f6yleyerek, bu araca ili\u015fkin ara\u015ft\u0131rma yap\u0131lmas\u0131n\u0131 istedi. Ayr\u0131ca Demir ve ailesinin Avustralya\u2019da oldu\u011funa dair bilgiler oldu\u011fu belirtilerek, iadesi i\u00e7in gere\u011finin yap\u0131lmas\u0131 talep edildi. Mahkeme heyeti, san\u0131k O\u011fuz Demir ad\u0131na kay\u0131tl\u0131 oldu\u011fu belirtilen arac\u0131n ilk tescil tarihinden itibaren trafikte g\u00f6rd\u00fc\u011f\u00fc i\u015flemlerin niteli\u011fine ili\u015fkin Emniyet Genel M\u00fcd\u00fcrl\u00fc\u011f\u00fc\u2019ne yaz\u0131 yaz\u0131lmas\u0131na karar verdi. San\u0131\u011f\u0131n Avustralya\u2019da olma ihtimali bulundu\u011fu kaydedilerek iadesi i\u00e7in gerekli talebin yap\u0131lmas\u0131 konusunda Adalet Bakanl\u0131\u011f\u0131 \u2019na yaz\u0131 yaz\u0131lmas\u0131na h\u00fckmedildi. Yine Demir\u2019in ailesinin T\u00fcrkiye\u2019ye giri\u015f yap\u0131p yapmad\u0131\u011f\u0131n\u0131n ara\u015ft\u0131r\u0131lmas\u0131 i\u00e7in gerekli yerlere yaz\u0131 yaz\u0131lmas\u0131 kararla\u015ft\u0131r\u0131ld\u0131. Duru\u015fma 14 Temmuz\u2019a ertelendi.<\/p>\n<p>CHP\u2019L\u0130 G\u00dcNAYDIN: O TU\u011eLAYI \u00c7EKECE\u011e\u0130Z<\/p>\n<p>Duru\u015fmay\u0131 takip eden CHP Grup Ba\u015fkan Vekili G\u00f6khan G\u00fcnayd\u0131n, \u00e7\u0131k\u0131\u015fta adliye \u00f6n\u00fcnde a\u00e7\u0131klama yapt\u0131:<\/p>\n<p>\u201c\u00dczerine kay\u0131tl\u0131 araba h\u00e2l\u00e2 Ankara\u2019da dola\u015fmaya devam ediyor. Mahkeme kay\u0131tlar\u0131nda e\u015finin ve \u00e7ocuklar\u0131n\u0131n Avustralya\u2019dan T\u00fcrkiye\u2019ye giri\u015f \u00e7\u0131k\u0131\u015f yapt\u0131klar\u0131na dair bilgiler var. O halde O\u011fuz Demir belki de Avustralya\u2019da. Aram\u0131zda ikili anla\u015fmalar var. K\u0131rm\u0131z\u0131 b\u00fcltenle aranan bir caniden bahsediyoruz. Neden bu ki\u015fi bug\u00fcne kadar yakalanamad\u0131? Birileri o tu\u011flay\u0131 \u00e7ekmek istemiyor mu? Burada bir siyasi irade eksi\u011fi oldu\u011funu g\u00f6r\u00fcyoruz. Eninde sonunda onun b\u00fct\u00fcn faillerini mutlaka ortaya \u00e7\u0131karaca\u011f\u0131z ve mutlaka o tu\u011flay\u0131 oradan \u00e7ekece\u011fiz. Duvar kimin ba\u015f\u0131na y\u0131k\u0131lmas\u0131 gerekiyorsa onun ba\u015f\u0131na y\u0131k\u0131ls\u0131n. Yeter ki T\u00fcrkiye ayd\u0131nlans\u0131n.\u201d<\/p>\n<p>T\u00fcrkiye g\u00fcndeminden son dakika haberleri, bug\u00fcn ya\u015fanan en son geli\u015fmeler, siyaset g\u00fcndeminden g\u00fcncel haberler ve b\u00fct\u00fcn son dakika haberleri i\u00e7in H\u00fcrriyet&#x27;in internet haber sitesi hurriyet.com.tr; Hurriyet.com.tr haber i\u00e7erikleri kaynak g\u00f6sterilmeden al\u0131nt\u0131 yap\u0131lamaz, Kanuna ayk\u0131r\u0131 ve izinsiz olarak kopyalanamaz, ba\u015fka yerde yay\u0131nlanamaz.<\/p>\n","protected":false},"excerpt":{"rendered":"<p>GAZETEC\u0130 ve yazar U\u011fur Mumcu\u2019nun \u00f6ld\u00fcr\u00fclmesine ili\u015fkin firari san\u0131k O\u011fuz Demir\u2019in yarg\u0131land\u0131\u011f\u0131 davada mahkeme heyeti, san\u0131\u011f\u0131n Avustralya\u2019da olma ihtimaline&#8230;<\/p>\n","protected":false},"author":2,"featured_media":567,"comment_status":"open","ping_status":"open","sticky":false,"template":"","format":"standard","meta":{"footnotes":""},"categories":[8,1],"tags":[],"class_list":["post-568","post","type-post","status-publish","format-standard","has-post-thumbnail","hentry","category-arsiv","category-uncategorized"],"_links":{"self":[{"href":"https:\/\/eskigazeteci.com\/index.php?rest_route=\/wp\/v2\/posts\/568","targetHints":{"allow":["GET"]}}],"collection":[{"href":"https:\/\/eskigazeteci.com\/index.php?rest_route=\/wp\/v2\/posts"}],"about":[{"href":"https:\/\/eskigazeteci.com\/index.php?rest_route=\/wp\/v2\/types\/post"}],"author":[{"embeddable":true,"href":"https:\/\/eskigazeteci.com\/index.php?rest_route=\/wp\/v2\/users\/2"}],"replies":[{"embeddable":true,"href":"https:\/\/eskigazeteci.com\/index.php?rest_route=%2Fwp%2Fv2%2Fcomments&post=568"}],"version-history":[{"count":0,"href":"https:\/\/eskigazeteci.com\/index.php?rest_route=\/wp\/v2\/posts\/568\/revisions"}],"wp:featuredmedia":[{"embeddable":true,"href":"https:\/\/eskigazeteci.com\/index.php?rest_route=\/wp\/v2\/media\/567"}],"wp:attachment":[{"href":"https:\/\/eskigazeteci.com\/index.php?rest_route=%2Fwp%2Fv2%2Fmedia&parent=568"}],"wp:term":[{"taxonomy":"category","embeddable":true,"href":"https:\/\/eskigazeteci.com\/index.php?rest_route=%2Fwp%2Fv2%2Fcategories&post=568"},{"taxonomy":"post_tag","embeddable":true,"href":"https:\/\/eskigazeteci.com\/index.php?rest_route=%2Fwp%2Fv2%2Ftags&post=568"}],"curies":[{"name":"wp","href":"https:\/\/api.w.org\/{rel}","templated":true}]}}