{"id":566,"date":"2026-02-10T04:13:01","date_gmt":"2026-02-10T04:13:01","guid":{"rendered":"https:\/\/eskigazeteci.com\/?p=566"},"modified":"2026-02-10T04:13:01","modified_gmt":"2026-02-10T04:13:01","slug":"munih-guvenlik-raporu-abd-kuresel-duzeni-yikiyor","status":"publish","type":"post","link":"https:\/\/eskigazeteci.com\/?p=566","title":{"rendered":"M\u00fcnih G\u00fcvenlik Raporu: ABD k\u00fcresel d\u00fczeni y\u0131k\u0131yor"},"content":{"rendered":"<p>G\u00dc\u00c7L\u00dcLER\u0130N D\u00dcNYASI<\/p>\n<p>13 \u015eubat\u2019ta ba\u015flayacak konferans \u00f6ncesi yay\u0131mlanan raporda, \u201cD\u00fcnya bir \u2018y\u0131k\u0131m siyaseti\u2019 d\u00f6nemine girmi\u015ftir. \u0130n\u015fas\u0131na 80 y\u0131l \u00f6nce ba\u015flanan ABD \u00f6nc\u00fcl\u00fc\u011f\u00fcndeki sava\u015f sonras\u0131 uluslararas\u0131 d\u00fczen, bizzat ABD eliyle y\u0131k\u0131lmaktad\u0131r\u201d ifadelerine yer verildi. MSC\u2019nin y\u0131ll\u0131k raporunda, Washington\u2019\u0131n uluslararas\u0131 hukuk ve kurumlar\u0131 hi\u00e7e sayan \u201cbuldozer siyasetinin\u201d, d\u00fcnyay\u0131 evrensel normlar yerine \u201cg\u00fc\u00e7l\u00fclerin ve zenginlerin s\u00f6z\u00fcn\u00fcn ge\u00e7ti\u011fi\u201d bir alana d\u00f6n\u00fc\u015ft\u00fcrd\u00fc\u011f\u00fc uyar\u0131s\u0131 yap\u0131ld\u0131. Ara\u015ft\u0131rmac\u0131lar Tobias Bunde ve Sophie Eisentraut taraf\u0131ndan kaleme al\u0131nan raporda, uluslararas\u0131 sistemin art\u0131k \u201cuzla\u015f\u0131\u201d yerine \u201cg\u00fc\u00e7\u201d ekseninde \u015fekillendi\u011fi, bu yeni ortama uyum sa\u011flayamayan \u00fclkelerin ise \u201cezilme\u201d riskiyle kar\u015f\u0131 kar\u015f\u0131ya oldu\u011fu belirtildi.<\/p>\n<p>NORMLARDA A\u015eINMA<\/p>\n<p>Kapa\u011f\u0131nda \u201codadaki fil\u201d deyimine at\u0131fta bulunan bir g\u00f6rselle yay\u0131mlanan 121 sayfal\u0131k raporda, Trump y\u00f6netiminin \u0130kinci D\u00fcnya sava\u015f\u0131 sonras\u0131 olu\u015fan d\u00fcnya d\u00fczenini ABD \u00e7\u0131karlar\u0131 i\u00e7in \u201cbir y\u00fck\u201d olarak g\u00f6rd\u00fc\u011f\u00fc belirtildi. Bu de\u011fi\u015fimin Bat\u0131 d\u00fcnyas\u0131ndaki a\u015f\u0131r\u0131 sa\u011f ve m\u00fcesses nizam kar\u015f\u0131t\u0131 hareketlerle paralel gitti\u011fi, liberal ideallere kar\u015f\u0131 ba\u015flat\u0131lan \u201ck\u00fclt\u00fcr sava\u015f\u0131n\u0131n\u201d evrensel normlar\u0131 a\u015f\u0131nd\u0131rarak \u015fahsi \u00e7\u0131karlar\u0131n korundu\u011fu bir \u201cpazarl\u0131k d\u00fcnyas\u0131\u201d yaratt\u0131\u011f\u0131 ifade edildi. 13 \u015eubat\u2019ta 100\u2019den fazla d\u00fcnya lideri ile savunma ve d\u0131\u015fi\u015fleri bakanlar\u0131n\u0131n kat\u0131l\u0131m\u0131yla ba\u015flayacak konferans\u0131n ana g\u00fcndemini bu \u201cy\u0131k\u0131m siyaseti\u201d ve sonu\u00e7lar\u0131n\u0131n olu\u015fturmas\u0131 bekleniyor.<\/p>\n<p>Yurtd\u0131\u015f\u0131nda ya\u015fanan en son olaylar, d\u00fcnya g\u00fcndemine oturan d\u0131\u015f haberler, son dakika d\u00fcnya haberleri, di\u011fer d\u00fcnya \u00fclkelerinden g\u00fcncel haberler i\u00e7in T\u00fcrkiye&#x27;nin haber sitesi hurriyet.com.tr; Hurriyet.com.tr haber i\u00e7erikleri kaynak g\u00f6sterilmeden al\u0131nt\u0131 yap\u0131lamaz, Kanuna ayk\u0131r\u0131 ve izinsiz olarak kopyalanamaz, ba\u015fka yerde yay\u0131nlanamaz.<\/p>\n","protected":false},"excerpt":{"rendered":"<p>Savunma ve d\u0131\u015f politika alan\u0131nda d\u00fcnyan\u0131n en \u00f6nemli platformlar\u0131ndan biri olan 62\u2019nci M\u00fcnih G\u00fcvenlik Konferans\u0131 (MSC) \u00f6ncesinde M\u00fcnih G\u00fcvenlik Raporu 2026,&#8230;<\/p>\n","protected":false},"author":2,"featured_media":565,"comment_status":"open","ping_status":"open","sticky":false,"template":"","format":"standard","meta":{"footnotes":""},"categories":[8,1],"tags":[],"class_list":["post-566","post","type-post","status-publish","format-standard","has-post-thumbnail","hentry","category-arsiv","category-uncategorized"],"_links":{"self":[{"href":"https:\/\/eskigazeteci.com\/index.php?rest_route=\/wp\/v2\/posts\/566","targetHints":{"allow":["GET"]}}],"collection":[{"href":"https:\/\/eskigazeteci.com\/index.php?rest_route=\/wp\/v2\/posts"}],"about":[{"href":"https:\/\/eskigazeteci.com\/index.php?rest_route=\/wp\/v2\/types\/post"}],"author":[{"embeddable":true,"href":"https:\/\/eskigazeteci.com\/index.php?rest_route=\/wp\/v2\/users\/2"}],"replies":[{"embeddable":true,"href":"https:\/\/eskigazeteci.com\/index.php?rest_route=%2Fwp%2Fv2%2Fcomments&post=566"}],"version-history":[{"count":0,"href":"https:\/\/eskigazeteci.com\/index.php?rest_route=\/wp\/v2\/posts\/566\/revisions"}],"wp:featuredmedia":[{"embeddable":true,"href":"https:\/\/eskigazeteci.com\/index.php?rest_route=\/wp\/v2\/media\/565"}],"wp:attachment":[{"href":"https:\/\/eskigazeteci.com\/index.php?rest_route=%2Fwp%2Fv2%2Fmedia&parent=566"}],"wp:term":[{"taxonomy":"category","embeddable":true,"href":"https:\/\/eskigazeteci.com\/index.php?rest_route=%2Fwp%2Fv2%2Fcategories&post=566"},{"taxonomy":"post_tag","embeddable":true,"href":"https:\/\/eskigazeteci.com\/index.php?rest_route=%2Fwp%2Fv2%2Ftags&post=566"}],"curies":[{"name":"wp","href":"https:\/\/api.w.org\/{rel}","templated":true}]}}