{"id":564,"date":"2026-02-10T04:13:00","date_gmt":"2026-02-10T04:13:00","guid":{"rendered":"https:\/\/eskigazeteci.com\/?p=564"},"modified":"2026-02-10T04:13:00","modified_gmt":"2026-02-10T04:13:00","slug":"demir-leydiden-tarihi-zafer-japon-z-kusagi-kadin-basbakani-cok-sevdi","status":"publish","type":"post","link":"https:\/\/eskigazeteci.com\/?p=564","title":{"rendered":"Demir Leydi\u2019den tarihi zafer&#8230; Japon Z ku\u015fa\u011f\u0131 kad\u0131n ba\u015fbakan\u0131 \u00e7ok sevdi"},"content":{"rendered":"<p>Japonya\u2019n\u0131n ilk kad\u0131n ba\u015fbakan\u0131 olarak g\u00f6reve gelmesinden yaln\u0131zca 110 g\u00fcn sonra halihaz\u0131rda sahip oldu\u011fu y\u00fcksek kamuoyu deste\u011fini avantaja \u00e7evirmek amac\u0131yla erken se\u00e7im karar\u0131 alan Sanae Takai\u00e7i (64), \u00f6nceki g\u00fcn oynad\u0131\u011f\u0131 sand\u0131k kumar\u0131ndan b\u00fcy\u00fck bir zaferle \u00e7\u0131kt\u0131. Devlet televizyonu NHK\u2019nin haberine g\u00f6re, Takai\u00e7i liderli\u011findeki Liberal Demokratik Parti (LDP) parlamentonun alt kanad\u0131 olan 465 \u00fcyeli Temsilciler Meclisi\u2019nde 316 sandalye kazand\u0131. Takai\u00e7i\u2019nin koalisyon orta\u011f\u0131 Japonya \u0130novasyon Partisi\u2019nin 36 sandalyesiyle birlikte ittifak, Meclis\u2019te anayasa de\u011fi\u015fikli\u011fi i\u00e7in kritik e\u015fik olarak kabul edilen \u00fc\u00e7te iki \u201cs\u00fcper \u00e7o\u011funlu\u011fa\u201d ula\u015ft\u0131. LDP, s\u00f6z konusu zafer ile \u0130kinci D\u00fcnya Sava\u015f\u0131 sonras\u0131 Japonya tarihinin en b\u00fcy\u00fck se\u00e7im zaferini elde etmi\u015f oldu.<\/p>\n<p>HEDEF\u0130NDE ANAYASA VAR<\/p>\n<p>Takai\u00e7i\u2019nin \u201cerkek egemen\u201d Japon siyasetine damga vuran zaferi, halihaz\u0131rda \u00fcst meclis olan Dan\u0131\u015fmanlar Meclisi\u2019nde anayasa de\u011fi\u015fikli\u011fi ve \u00f6nemli yasa tasar\u0131lar\u0131n\u0131n g\u00fcndeme al\u0131nmas\u0131n\u0131n \u00f6n\u00fcn\u00fc a\u00e7abilecek bir geli\u015fme olarak de\u011ferlendiriliyor. Nitekim Takai\u00e7i, d\u00fcn yapt\u0131\u011f\u0131 bir a\u00e7\u0131klamada h\u00fck\u00fcmetinin \u0130kinci D\u00fcnya Sava\u015f\u0131 sonras\u0131nda kabul edilen ve Japonya \u2019n\u0131n g\u00fcvenlik politikas\u0131n\u0131 \u201cyaln\u0131zca savunma\u201d eksenine oturtan sava\u015f kar\u015f\u0131t\u0131 anayasay\u0131 \u201cde\u011fi\u015ftirmeyi\u201d hedefledi\u011fini belirtti.<\/p>\n<p>Muhafazak\u00e2r ve \u015fahin bir d\u00fcnya g\u00f6r\u00fc\u015f\u00fcne sahip olan Takai\u00e7i, orta ya\u015fl\u0131 se\u00e7menin g\u00f6nl\u00fcnde \u201chalk\u0131n ba\u015fbakan\u0131\u201d olarak taht kurarken gen\u00e7 se\u00e7meni de \u2018tipik bir erkek politikac\u0131\u2019 olmad\u0131\u011f\u0131n\u0131 g\u00f6stererek yan\u0131na \u00e7ekmeyi ba\u015fard\u0131. Sosyal medyada \u2018Sanakatsu\u2019 (Sanae \u00e7\u0131lg\u0131nl\u0131\u011f\u0131) diye adland\u0131r\u0131lan bir pop\u00fclari r\u00fczg\u00e2r\u0131 esiyor. Takai\u00e7i\u2019nin s\u0131kl\u0131kla tercih etti\u011fi 750 dolarl\u0131k siyah \u00e7antas\u0131, \u00f6zellikle 20\u2019li ve 30\u2019lu ya\u015flardaki m\u00fc\u015fterilerden yo\u011fun talep g\u00f6rmesinin ard\u0131ndan t\u00fckendi.<\/p>\n<p>\u2018SANAE \u00c7ILGINLI\u011eI\u2019 ES\u0130YOR<\/p>\n<p>Parlamentoda kulland\u0131\u011f\u0131 pembe t\u00fckenmez kalem ve bir tren yolculu\u011funda elinde g\u00f6r\u00fclen karidesli pirin\u00e7 krakerleri de b\u00fcy\u00fck ilgi g\u00f6rd\u00fc. Milyonlarca gen\u00e7 Japon da yine ge\u00e7en ay ger\u00e7ekle\u015ftirilen \u201cyeti\u015fkinli\u011fe ge\u00e7i\u015f t\u00f6renleri\u201d s\u0131ras\u0131nda, Takai\u00e7i\u2019nin sa\u00e7 stilini, k\u0131yafetlerini ve hatta konu\u015fma tarz\u0131n\u0131 taklit etti. Takai\u00e7i\u2019nin ge\u00e7en ay G\u00fcney Kore Devlet Ba\u015fkan\u0131 Lee Jae-myung\u2019u memleketi Nara\u2019da misafir etmi\u015fti. Konuk liderin hediye olarak getirdi\u011fi baterinin ba\u015f\u0131na ge\u00e7en iki siyaset\u00e7i K-Pop Demon Hunters dizisindeki \u2018Golden\u2019 par\u00e7as\u0131n\u0131 beraber \u00e7alm\u0131\u015ft\u0131. Takai\u00e7i\u2019nin X platfomunda yakla\u015f\u0131k 2.6 milyon takip\u00e7isi mevcut.<\/p>\n<p>E\u015e\u0130NE SOYADINI VERD\u0130<\/p>\n<p>1961 do\u011fumlu Takai\u00e7i\u2019nin babas\u0131 bir ofis \u00e7al\u0131\u015fan\u0131, annesi ise polis memuru. Ailesi \u2018iyi biriyle evlenmesini\u2019 isterken o zor \u015fartlarda \u00fcniversite e\u011fitimini tamaml\u0131yor. \u0130ngiltere\u2019nin eski ba\u015fbakan\u0131 Margaret Thatcher\u2019a hayranl\u0131\u011f\u0131yla bilinen Takai\u00e7i, suikasta kurban giden eski Ba\u015fbakan \u015einzo Abe ile yollar\u0131n\u0131n kesi\u015fmesiyle siyaset d\u00fcnyas\u0131nda y\u00fckselmeye ba\u015fl\u0131yor. 43 ya\u015f\u0131ndayken evlendi\u011fi LDP Milletvekili Taku Yamamoto\u2019nun \u00fc\u00e7 \u00e7ocu\u011funu evlat ediniyor. Yamato, 2017\u2019de bo\u015fand\u0131\u011f\u0131 ve 2021\u2019de tekrar evlendi\u011fi Takai\u00e7i\u2019nin soyad\u0131n\u0131 ta\u015f\u0131yor.<\/p>\n<p>S\u0130YASETE \u2018CANLILIK\u2019 GET\u0130RD\u0130<\/p>\n<p>Japan Times\u2019\u0131n haberine g\u00f6re son yap\u0131lan baz\u0131 anketlerde, 18-29 ya\u015f aras\u0131 se\u00e7menler aras\u0131nda Takai\u00e7i\u2019ye olan destek neredeyse y\u00fczde 90\u2019a ula\u015f\u0131yor. 27 ya\u015f\u0131ndaki Takai\u00e7i destek\u00e7isi Kento adl\u0131 bir gen\u00e7, \u201cTakai\u00e7i sosyal medyada olduk\u00e7a aktif ve bu \u00fclkeyi her zaman y\u00f6neten ya\u015fl\u0131 ve zengin erkeklerden olu\u015fan kesimden uzak, insanlar\u0131 etkileyen ger\u00e7ek sorunlar hakk\u0131nda konu\u015fuyor\u201d ifadelerini kullan\u0131yor.Takai\u00e7i\u2019nin \u015fahin politikalar\u0131na ra\u011fmen gen\u00e7leri nas\u0131l cezbetti\u011fi merak konusu. Akademisyenler Takai\u00e7i\u2019nin enerjik yap\u0131s\u0131, halka yak\u0131n duru\u015fuyla siyasete canl\u0131l\u0131k getirdi\u011fini s\u00f6yl\u00fcyor.<\/p>\n<p>Yurtd\u0131\u015f\u0131nda ya\u015fanan en son olaylar, d\u00fcnya g\u00fcndemine oturan d\u0131\u015f haberler, son dakika d\u00fcnya haberleri, di\u011fer d\u00fcnya \u00fclkelerinden g\u00fcncel haberler i\u00e7in T\u00fcrkiye&#x27;nin haber sitesi hurriyet.com.tr; Hurriyet.com.tr haber i\u00e7erikleri kaynak g\u00f6sterilmeden al\u0131nt\u0131 yap\u0131lamaz, Kanuna ayk\u0131r\u0131 ve izinsiz olarak kopyalanamaz, ba\u015fka yerde yay\u0131nlanamaz.<\/p>\n","protected":false},"excerpt":{"rendered":"<p>D\u00fcnya erken se\u00e7im karar\u0131 alan Japonya\u2019n\u0131n ilk kad\u0131n Ba\u015fbakan\u0131 Sanae Takai\u00e7i\u2019nin tarihi zaferini konu\u015fuyor. \u00dclkesinde bir nevi \u2018pop star\u2019 muamelesi g\u00f6ren&#8230;<\/p>\n","protected":false},"author":2,"featured_media":563,"comment_status":"open","ping_status":"open","sticky":false,"template":"","format":"standard","meta":{"footnotes":""},"categories":[8,1],"tags":[],"class_list":["post-564","post","type-post","status-publish","format-standard","has-post-thumbnail","hentry","category-arsiv","category-uncategorized"],"_links":{"self":[{"href":"https:\/\/eskigazeteci.com\/index.php?rest_route=\/wp\/v2\/posts\/564","targetHints":{"allow":["GET"]}}],"collection":[{"href":"https:\/\/eskigazeteci.com\/index.php?rest_route=\/wp\/v2\/posts"}],"about":[{"href":"https:\/\/eskigazeteci.com\/index.php?rest_route=\/wp\/v2\/types\/post"}],"author":[{"embeddable":true,"href":"https:\/\/eskigazeteci.com\/index.php?rest_route=\/wp\/v2\/users\/2"}],"replies":[{"embeddable":true,"href":"https:\/\/eskigazeteci.com\/index.php?rest_route=%2Fwp%2Fv2%2Fcomments&post=564"}],"version-history":[{"count":0,"href":"https:\/\/eskigazeteci.com\/index.php?rest_route=\/wp\/v2\/posts\/564\/revisions"}],"wp:featuredmedia":[{"embeddable":true,"href":"https:\/\/eskigazeteci.com\/index.php?rest_route=\/wp\/v2\/media\/563"}],"wp:attachment":[{"href":"https:\/\/eskigazeteci.com\/index.php?rest_route=%2Fwp%2Fv2%2Fmedia&parent=564"}],"wp:term":[{"taxonomy":"category","embeddable":true,"href":"https:\/\/eskigazeteci.com\/index.php?rest_route=%2Fwp%2Fv2%2Fcategories&post=564"},{"taxonomy":"post_tag","embeddable":true,"href":"https:\/\/eskigazeteci.com\/index.php?rest_route=%2Fwp%2Fv2%2Ftags&post=564"}],"curies":[{"name":"wp","href":"https:\/\/api.w.org\/{rel}","templated":true}]}}