{"id":562,"date":"2026-02-10T04:12:59","date_gmt":"2026-02-10T04:12:59","guid":{"rendered":"https:\/\/eskigazeteci.com\/?p=562"},"modified":"2026-02-10T04:12:59","modified_gmt":"2026-02-10T04:12:59","slug":"israilin-kirli-hamlesine-kinama-bati-seriayi-ilhak-oyunu","status":"publish","type":"post","link":"https:\/\/eskigazeteci.com\/?p=562","title":{"rendered":"\u0130srail\u2019in kirli hamlesine k\u0131nama! Bat\u0131 \u015eeria\u2019y\u0131 ilhak oyunu"},"content":{"rendered":"<p>Gazze \u015eeridi\u2019ndeki sava\u015f\u0131n ard\u0131ndan uluslararas\u0131 kamuoyunda Filistin sorununda iki devletli \u00e7\u00f6z\u00fcm \u00e7a\u011fr\u0131lar\u0131 yeniden g\u00fc\u00e7 kazansa da \u0130srail hem yerle bir etti\u011fi Gazze hem de i\u015fgal alt\u0131ndaki Bat\u0131 \u015eeria\u2019da bunu engellemeye y\u00f6nelik ad\u0131mlar\u0131na devam ediyor. Son olarak \u0130srail G\u00fcvenlik Kabinesi, Bat\u0131 \u015eeria\u2019da Filistin Y\u00f6netimi\u2019nin (FY) yetki alan\u0131nda bulunan b\u00f6lgeler i\u00e7in \u201cfiili ilhak \u201d anlam\u0131na gelecek bir d\u00fczenlemeyi onaylad\u0131.<\/p>\n<p>GER\u0130 D\u00d6N\u00dc\u015e\u00dc ZOR olabilir<\/p>\n<p>S\u00f6z konusu d\u00fczenleme, Bat\u0131 \u015eeria\u2019daki arazi ve idare rejimini k\u00f6kl\u00fc bi\u00e7imde de\u011fi\u015ftiriyor. Buna g\u00f6re \u0130srailli bireylerin Bat\u0131 \u015eeria\u2019da do\u011frudan arazi sat\u0131n almas\u0131n\u0131n \u00f6n\u00fcndeki engeller kald\u0131r\u0131l\u0131yor, uzun s\u00fcredir gizli tutulan arazi kay\u0131tlar\u0131 kamuya a\u00e7\u0131l\u0131yor ve sat\u0131\u015flar \u00fczerindeki devlet denetimi b\u00fcy\u00fck \u00f6l\u00e7\u00fcde gev\u015fetiliyor. Uzmanlara g\u00f6re \u0130srail\u2019in daha \u00f6nce sahada gerginli\u011fi \u00f6nlemek amac\u0131yla getirdi\u011fi \u00f6nlem mekanizmalar\u0131n\u0131n kald\u0131r\u0131lmas\u0131, arazi al\u0131mlar\u0131n\u0131n h\u0131zlanmas\u0131na ve b\u00f6lgede geri d\u00f6nd\u00fcr\u00fclmesi zor fiili durumlar\u0131n olu\u015fmas\u0131na neden olabilir. D\u00fczenlemelerin en kritik y\u00f6nlerinden biri, Oslo Anla\u015fmalar\u0131 kapsam\u0131nda Filistin sivil y\u00f6netimine b\u0131rak\u0131lan A ve B b\u00f6lgelerinde \u0130srail idari m\u00fcdahalesinin geni\u015fletilmesi. \u0130srail Sivil \u0130daresi, \u00e7evre, su ve arkeoloji gerek\u00e7eleriyle bu b\u00f6lgelerde denetim, in\u015faat durdurma ve y\u0131k\u0131m yetkisi kazan\u0131yor. Ayr\u0131ca El-Halil\u2019de (Hebron) \u0130brahim Camisi \u00e7evresindeki planlama ve in\u015faat yetkileri Filistin belediyesinden al\u0131narak \u0130srail Savunma Bakanl\u0131\u011f\u0131\u2019na devrediliyor. Beyt\u00fcllahim\u2019deki Rahel T\u00fcrbesi i\u00e7in de \u0130srail\u2019e ba\u011fl\u0131 \u00f6zel bir idari yap\u0131 kuruluyor.<\/p>\n<p>T\u00dcRK\u0130YE VE 6 \u00dcLKEDEN KINAMA<\/p>\n<p>Karara y\u00f6nelik tepkiler sert oldu. Filistin Y\u00f6netimi, ad\u0131mlar\u0131n \u201cyasad\u0131\u015f\u0131 ve ge\u00e7ersiz\u201d oldu\u011funu belirterek ABD ve Birle\u015fmi\u015f Milletler\u2019e m\u00fcdahale \u00e7a\u011fr\u0131s\u0131 yapt\u0131. \u00dcrd\u00fcn, d\u00fczenlemelerin \u201cegemenlik dayatmas\u0131\u201d anlam\u0131na geldi\u011fini savundu. T\u00fcrkiye, M\u0131s\u0131r, Endonezya, \u00dcrd\u00fcn, Pakistan, Katar, Suudi Arabistan ve Birle\u015fik Arap Emirlikleri ortak bir a\u00e7\u0131klama ile karar\u0131 k\u0131nad\u0131. \u0130srail\u2019in uluslararas\u0131 karar ve anla\u015fmalar\u0131 ihlal etti\u011fi belirtilen a\u00e7\u0131klamada, Tel Aviv y\u00f6netiminin \u201ci\u015fgal alt\u0131ndaki Bat\u0131 \u015eeria \u2019da hukuka ayk\u0131r\u0131 \u0130srail egemenli\u011fi dayatmay\u0131, yerle\u015fim faaliyetlerini k\u00f6kle\u015ftirmeyi ve yeni bir hukuki ve idari ger\u00e7eklik olu\u015fturmay\u0131 ama\u00e7lad\u0131\u011f\u0131\u201d kaydedildi.<\/p>\n<p>SMOTRICH: \u2018F\u0130L\u0130ST\u0130N\u2019\u0130 G\u00d6MECE\u011e\u0130Z\u2019<\/p>\n<p>\u0130srail a\u015f\u0131r\u0131 sa\u011fc\u0131 Maliye Bakan\u0131 Bezalel Smotrich\u2019in a\u00e7\u0131klamalar\u0131 ise h\u00fck\u00fcmetin stratejik y\u00f6nelimini a\u00e7\u0131k bi\u00e7imde ortaya koydu. Bakan Smotrich, kararlar\u0131n ard\u0131ndan yapt\u0131\u011f\u0131 de\u011ferlendirmede \u201cFilistin devleti fikrini g\u00f6mmeye devam edece\u011fiz\u201d ifadelerini kulland\u0131.<\/p>\n<p>Yurtd\u0131\u015f\u0131nda ya\u015fanan en son olaylar, d\u00fcnya g\u00fcndemine oturan d\u0131\u015f haberler, son dakika d\u00fcnya haberleri, di\u011fer d\u00fcnya \u00fclkelerinden g\u00fcncel haberler i\u00e7in T\u00fcrkiye&#x27;nin haber sitesi hurriyet.com.tr; Hurriyet.com.tr haber i\u00e7erikleri kaynak g\u00f6sterilmeden al\u0131nt\u0131 yap\u0131lamaz, Kanuna ayk\u0131r\u0131 ve izinsiz olarak kopyalanamaz, ba\u015fka yerde yay\u0131nlanamaz.<\/p>\n","protected":false},"excerpt":{"rendered":"<p>\u0130srail G\u00fcvenlik Kabinesi, Bat\u0131 \u015eeria\u2019da Filistin Y\u00f6netimi\u2019nin yetki alanlar\u0131n\u0131 da kapsayarak sahada fiili ilhak anlam\u0131na gelen yeni bir d\u00fczenlemeyi onaylad\u0131&#8230;.<\/p>\n","protected":false},"author":2,"featured_media":561,"comment_status":"open","ping_status":"open","sticky":false,"template":"","format":"standard","meta":{"footnotes":""},"categories":[8,1],"tags":[],"class_list":["post-562","post","type-post","status-publish","format-standard","has-post-thumbnail","hentry","category-arsiv","category-uncategorized"],"_links":{"self":[{"href":"https:\/\/eskigazeteci.com\/index.php?rest_route=\/wp\/v2\/posts\/562","targetHints":{"allow":["GET"]}}],"collection":[{"href":"https:\/\/eskigazeteci.com\/index.php?rest_route=\/wp\/v2\/posts"}],"about":[{"href":"https:\/\/eskigazeteci.com\/index.php?rest_route=\/wp\/v2\/types\/post"}],"author":[{"embeddable":true,"href":"https:\/\/eskigazeteci.com\/index.php?rest_route=\/wp\/v2\/users\/2"}],"replies":[{"embeddable":true,"href":"https:\/\/eskigazeteci.com\/index.php?rest_route=%2Fwp%2Fv2%2Fcomments&post=562"}],"version-history":[{"count":0,"href":"https:\/\/eskigazeteci.com\/index.php?rest_route=\/wp\/v2\/posts\/562\/revisions"}],"wp:featuredmedia":[{"embeddable":true,"href":"https:\/\/eskigazeteci.com\/index.php?rest_route=\/wp\/v2\/media\/561"}],"wp:attachment":[{"href":"https:\/\/eskigazeteci.com\/index.php?rest_route=%2Fwp%2Fv2%2Fmedia&parent=562"}],"wp:term":[{"taxonomy":"category","embeddable":true,"href":"https:\/\/eskigazeteci.com\/index.php?rest_route=%2Fwp%2Fv2%2Fcategories&post=562"},{"taxonomy":"post_tag","embeddable":true,"href":"https:\/\/eskigazeteci.com\/index.php?rest_route=%2Fwp%2Fv2%2Ftags&post=562"}],"curies":[{"name":"wp","href":"https:\/\/api.w.org\/{rel}","templated":true}]}}