{"id":56,"date":"2026-02-06T10:31:58","date_gmt":"2026-02-06T10:31:58","guid":{"rendered":"https:\/\/eskigazeteci.com\/?p=56"},"modified":"2026-02-06T10:31:58","modified_gmt":"2026-02-06T10:31:58","slug":"haber-4","status":"publish","type":"post","link":"https:\/\/eskigazeteci.com\/?p=56","title":{"rendered":"Haber"},"content":{"rendered":"<p>\u0130stanbul Cumhuriyet Ba\u015fsavc\u0131l\u0131\u011f\u0131 ve \u0130stanbul \u0130l Emniyet M\u00fcd\u00fcrl\u00fc\u011f\u00fc TEM \u015eube M\u00fcd\u00fcrl\u00fc\u011f\u00fc ile koordineli y\u00fcr\u00fct\u00fclen operasyonda, MOSSAD ad\u0131na casusluk yapt\u0131\u011f\u0131 belirlenen mermer t\u00fcccar\u0131 Mehmet Budak Derya ve su\u00e7 orta\u011f\u0131 Veysel Kerimo\u011flu g\u00f6zalt\u0131na al\u0131nd\u0131.<\/p>\n<p>M\u0130T, \u0130stanbul Cumhuriyet Ba\u015fsavc\u0131l\u0131\u011f\u0131 ve \u0130stanbul \u0130l Emniyet M\u00fcd\u00fcrl\u00fc\u011f\u00fc Ter\u00f6rle M\u00fccadele \u015eubesi taraf\u0131ndan y\u00fcr\u00fct\u00fclen \u00e7al\u0131\u015fmalar sonucu Mehmet Budak Derya ve Veysel Kerimo\u011flu g\u00f6zalt\u0131na al\u0131nd\u0131. Maden m\u00fchendisi olan Mehmet Budak Derya, 2005 y\u0131l\u0131nda Mersin&#x27;in Silifke il\u00e7esinde mermer oca\u011f\u0131 a\u00e7t\u0131. D\u00fcnyan\u0131n bir\u00e7ok \u00fclkesine ticaret yapmaya ba\u015flayan Derya, \u0130srail istihbarat servisinin dikkatini \u00e7ekti. \u0130srail&#x27;in kurdu\u011fu paravan \u015firketin yetkilisi &#x27;Ali Ahmed Yass\u0131n&#x27; kod adl\u0131 ki\u015fi, Eyl\u00fcl 2012&#x27;de Mehmet Budak Derya&#x27;y\u0131 ofisinde ziyaret ederek \u015firketinin onunla i\u015f yapmak istedi\u011fini s\u00f6yledi. Patronlar\u0131 ile tan\u0131\u015fmas\u0131 i\u00e7in Avrupa\u2019da bir \u00fclkeye davet etti. Bunu bir i\u015f f\u0131rsat\u0131 olarak g\u00f6ren Mehmet Budak Derya, Ocak 2013\u2019te Avrupa\u2019da \u015firketi sahibi kimli\u011fi alt\u0131nda \u0130srail istihbarat servisi mensuplar\u0131 ile bir araya geldi.<\/p>\n<p>Mehmet Budak Derya ile bir araya geldi\u011fi ki\u015filer yapacaklar\u0131 mermer ticaretine ili\u015fkin hususlar\u0131 g\u00f6r\u00fc\u015ft\u00fc. Kod ad\u0131 &#x27;Luis&#x27; olan \u0130srail istihbarat\u00e7\u0131s\u0131 Derya\u2019ya, Filistin as\u0131ll\u0131 T\u00fcrk vatanda\u015f\u0131 Veysel Kerimo\u011flu\u2019nu i\u015fe almas\u0131n\u0131 s\u00f6yledi. Mehmet Budak Derya, Kerimo\u011flu ile birlikte y\u00fcr\u00fctt\u00fckleri faaliyetler hakk\u0131nda kendilerine bilgi vermeleri y\u00f6n\u00fcnde talimat ald\u0131. E\u015f zamanl\u0131 olarak Mehmet Budak Derya ile ilk irtibat\u0131 kuran &#x27;Ali Ahmed Yass\u0131n&#x27; da Veysel Kerimo\u011flu&#x27;nu Derya ile \u00e7al\u0131\u015fmas\u0131 hususunda y\u00f6nlendirdi.<\/p>\n<p>F\u0130L\u0130ST\u0130NL\u0130 MUHAL\u0130FLER\u0130 TAK\u0130P ETT\u0130LER<\/p>\n<p>MOSSAD mensuplar\u0131ndan ald\u0131\u011f\u0131 talimat do\u011frultusunda Veysel Kerimo\u011flu\u2019nu i\u015fe alan ve maa\u015f\u0131n\u0131 bile istihbarat\u00e7\u0131lardan temin eden Mehmet Budak Derya, arkada\u015fl\u0131k ili\u015fkisi de geli\u015ftirdi. Derya ve Kerimo\u011flu, att\u0131klar\u0131 her ad\u0131m\u0131 \u0130srail servisi ile payla\u015ft\u0131. Mehmet Budak Derya, Veysel Kerimo\u011flu vesilesiyle Orta Do\u011fu \u00fclkelerine y\u00f6nelik ticari faaliyetlerini artt\u0131rd\u0131. Yine Kerimo\u011flu sayesinde tan\u0131\u015ft\u0131\u011f\u0131, \u0130srail\u2019in Orta Do\u011fu \u00fclkelerine y\u00f6nelik politikalar\u0131na muhalif Filistinliler ile sosyal ve ticari ili\u015fkilerini geli\u015ftirdi. Bu ki\u015filer hakk\u0131nda toplad\u0131\u011f\u0131 bilgileri \u0130srail servisine aktard\u0131. \u0130srail\u2019in Gazze\u2019yi i\u015fgal politikas\u0131 \u00e7er\u00e7evesinde tesis etti\u011fi ticari ili\u015fkileri de kullanarak Gazze\u2019ye giri\u015f izni almaya \u00e7al\u0131\u015ft\u0131. Gazze\u2019de arad\u0131\u011f\u0131 depolar\u0131n foto\u011fraflar\u0131n\u0131 \u0130srail istihbarat\u0131na iletti.<\/p>\n<p>\u0130SRA\u0130L SERV\u0130S\u0130N\u0130N DESTE\u011e\u0130 \u0130LE \u0130\u015eLER\u0130N\u0130 B\u00dcY\u00dcTT\u00dc<\/p>\n<p>Ticari faaliyetlerini mermer alan\u0131yla k\u0131s\u0131tlamak istemeyen Veysel Kerimo\u011flu, 2016 y\u0131l\u0131 ba\u015flar\u0131nda Mehmet Budak Derya\u2019ya dron par\u00e7alar\u0131 ticareti yapmalar\u0131 \u00fczerine bir teklifte bulundu. Att\u0131klar\u0131 her ad\u0131m\u0131 \u0130srail servisine bildiren Derya, bu teklifi an\u0131nda g\u00f6r\u00fc\u015ft\u00fc\u011f\u00fc istihbarat\u00e7\u0131lara iletti. \u0130srail servisinin de i\u015fine gelen bu giri\u015fimin ilk numuneleri de MOSSAD taraf\u0131ndan temin edildi. Mehmet Budak Derya ve Veysel Kerimo\u011flu\u2019nun birlikte dron satmaya \u00e7al\u0131\u015ft\u0131\u011f\u0131 Mohamed Zouari, \u0130srail istihbarat servisi taraf\u0131ndan Aral\u0131k 2016\u2019da Tunus\u2019ta suikasta u\u011frad\u0131.<\/p>\n<p>YALAN MAK\u0130NES\u0130 TESTLER\u0130N\u0130 GE\u00c7T\u0130<\/p>\n<p>Mehmet Budak Derya, \u0130srail istihbarat\u0131 ile 2013\u2019te ba\u015flayan ili\u015fkisini bug\u00fcne kadar s\u00fcrd\u00fcrd\u00fc. Bu s\u00fcre\u00e7 i\u00e7erisinde &#x27;Luis&#x27;, &#x27;Jesus\/Jose&#x27;, &#x27;Dr.Roberto\/Ricardo&#x27;, &#x27;Dan\/Dennis&#x27;, &#x27;Mark&#x27;, &#x27;Elly\/Emmy&#x27; ve &#x27;Michael&#x27; kod adl\u0131 bir\u00e7ok istihbarat\u00e7\u0131 ile \u00e7e\u015fitli Avrupa \u00fclkelerinde \u00fc\u00e7\u00fcnc\u00fc \u00fclke g\u00f6r\u00fc\u015fmeleri ger\u00e7ekle\u015ftirdi. \u0130srail servisi, uzun y\u0131llard\u0131r y\u00fcr\u00fctt\u00fckleri operasyonu riske atmamak ad\u0131na gizlili\u011fe son derece \u00f6nem veriyordu. Bu kapsamda, \u0130srail servisi Mehmet Budak Derya\u2019ya kriptolu bir haberle\u015fme sistemi sa\u011flad\u0131. Ayr\u0131ca, Derya s\u0131k\u0131 tedbirler \u00e7er\u00e7evesinde 2016 y\u0131l\u0131nda bir Asya \u00fclkesinde yalan makinesi uygulamas\u0131na tabi tutuldu. Derya testi ba\u015far\u0131 ile tamamlad\u0131. Yalan makinesi testine girmesi sonras\u0131nda durumun ciddiyetini anlayan Derya, i\u00e7inde bulundu\u011fu faaliyet konusunda daha da hassas davranmaya ba\u015flad\u0131. \u0130srail servisi taraf\u0131ndan Derya\u2019ya ikinci yalan makinesi testi A\u011fustos 2024\u2019te bir Avrupa \u00fclkesindeki otelde yap\u0131ld\u0131. \u0130srail\u2019in bu testini de sorunsuz atlatan Derya, operasyonda bir \u00fcst a\u015famaya ge\u00e7ti. Mehmet Budak Derya, MOSSAD mensuplar\u0131n\u0131n talimatlar\u0131 do\u011frultusunda T\u00fcrkiye ve di\u011fer \u00fclkelerden sim kartlar\u0131, internet modem ve router cihazlar\u0131 sat\u0131n alarak, bunlar\u0131n \u015fifre, seri numaras\u0131, \u00fcretim bilgileri ve MAC adresleri gibi bilgilerinin yer ald\u0131\u011f\u0131 etiketlerin foto\u011fraflar\u0131n\u0131 muhataplar\u0131na iletti.<\/p>\n<p>Ocak 2026\u2019da Avrupa\u2019da yap\u0131lan son g\u00f6r\u00fc\u015fmede, MOSSAD &#x27;\u0131n Derya \u00fczerinden b\u00fcy\u00fck bir operasyona haz\u0131rland\u0131\u011f\u0131 de\u015fifre edildi. Plan kapsam\u0131nda; yurt d\u0131\u015f\u0131nda kurulacak paravan firmalar arac\u0131l\u0131\u011f\u0131yla uluslararas\u0131 tedarik zincirine s\u0131z\u0131lmas\u0131, belirlenen \u00fclkelerden al\u0131nan \u00fcr\u00fcnlerin, Asya merkezli \u00fc\u00e7 farkl\u0131 firma \u00fczerinden ambalaj ve depo de\u011fi\u015ftirilerek nihai kullan\u0131c\u0131ya ula\u015ft\u0131r\u0131lmas\u0131 hedefleniyordu. Bu y\u00f6ntemle \u0130srail istihbarat servisinin hedef ald\u0131\u011f\u0131 \u00fclke ve kurumlara y\u00f6nelik lojistik bir operasyon haz\u0131rl\u0131\u011f\u0131nda oldu\u011fu de\u011ferlendirildi.<\/p>\n<p>M\u0130T \u2019in takibi sonucu, Ocak 2026\u2019daki son planlama a\u015famas\u0131nda d\u00fc\u011fmeye bas\u0131ld\u0131. G\u00f6zalt\u0131na al\u0131nan Mehmet Budak Derya ve Veysel Kerimo\u011flu\u2019nun emniyetteki i\u015flemleri s\u00fcr\u00fcyor.<\/p>\n<p>T\u00fcrkiye g\u00fcndeminden son dakika haberleri, bug\u00fcn ya\u015fanan en son geli\u015fmeler, siyaset g\u00fcndeminden g\u00fcncel haberler ve b\u00fct\u00fcn son dakika haberleri i\u00e7in H\u00fcrriyet&#x27;in internet haber sitesi hurriyet.com.tr; Hurriyet.com.tr haber i\u00e7erikleri kaynak g\u00f6sterilmeden al\u0131nt\u0131 yap\u0131lamaz, Kanuna ayk\u0131r\u0131 ve izinsiz olarak kopyalanamaz, ba\u015fka yerde yay\u0131nlanamaz.<\/p>\n","protected":false},"excerpt":{"rendered":"<p>M\u0130T, &#8216;MON\u0130TUM FAAL\u0130YET\u0130&#8217; sonucu \u0130srail \u0130stihbarat Servisi\u2019ne \u00e7al\u0131\u015ft\u0131\u011f\u0131n\u0131 tespit etti\u011fi Mehmet Budak Derya ve Veysel Kerimo\u011flu\u2019nu g\u00f6zalt\u0131na ald\u0131.<\/p>\n","protected":false},"author":2,"featured_media":55,"comment_status":"open","ping_status":"open","sticky":false,"template":"","format":"standard","meta":{"footnotes":""},"categories":[8,3],"tags":[],"class_list":["post-56","post","type-post","status-publish","format-standard","has-post-thumbnail","hentry","category-arsiv","category-siyaset"],"_links":{"self":[{"href":"https:\/\/eskigazeteci.com\/index.php?rest_route=\/wp\/v2\/posts\/56","targetHints":{"allow":["GET"]}}],"collection":[{"href":"https:\/\/eskigazeteci.com\/index.php?rest_route=\/wp\/v2\/posts"}],"about":[{"href":"https:\/\/eskigazeteci.com\/index.php?rest_route=\/wp\/v2\/types\/post"}],"author":[{"embeddable":true,"href":"https:\/\/eskigazeteci.com\/index.php?rest_route=\/wp\/v2\/users\/2"}],"replies":[{"embeddable":true,"href":"https:\/\/eskigazeteci.com\/index.php?rest_route=%2Fwp%2Fv2%2Fcomments&post=56"}],"version-history":[{"count":0,"href":"https:\/\/eskigazeteci.com\/index.php?rest_route=\/wp\/v2\/posts\/56\/revisions"}],"wp:featuredmedia":[{"embeddable":true,"href":"https:\/\/eskigazeteci.com\/index.php?rest_route=\/wp\/v2\/media\/55"}],"wp:attachment":[{"href":"https:\/\/eskigazeteci.com\/index.php?rest_route=%2Fwp%2Fv2%2Fmedia&parent=56"}],"wp:term":[{"taxonomy":"category","embeddable":true,"href":"https:\/\/eskigazeteci.com\/index.php?rest_route=%2Fwp%2Fv2%2Fcategories&post=56"},{"taxonomy":"post_tag","embeddable":true,"href":"https:\/\/eskigazeteci.com\/index.php?rest_route=%2Fwp%2Fv2%2Ftags&post=56"}],"curies":[{"name":"wp","href":"https:\/\/api.w.org\/{rel}","templated":true}]}}