{"id":552,"date":"2026-02-10T04:03:26","date_gmt":"2026-02-10T04:03:26","guid":{"rendered":"https:\/\/eskigazeteci.com\/?p=552"},"modified":"2026-02-10T04:03:26","modified_gmt":"2026-02-10T04:03:26","slug":"turkiye-ekonomisi-iyi-durumda","status":"publish","type":"post","link":"https:\/\/eskigazeteci.com\/?p=552","title":{"rendered":"\u2018T\u00fcrkiye ekonomisi iyi durumda\u2019"},"content":{"rendered":"<p>Suudi Arabistan\u2019daki bir konferansta de\u011ferlendirmelerde bulunan \u015eim\u015fek, 2025\u2019in belirsizliklerle dolu zor bir y\u0131l oldu\u011funu vurgulad\u0131. T\u00fcrkiye\u2019nin bu zorlu s\u00fcreci nas\u0131l y\u00f6netti\u011fi sorusuna \u201cBiz biraz \u015fansl\u0131yd\u0131k ve s\u00fcreci do\u011fru da y\u00f6nettik\u201d yan\u0131t\u0131n\u0131 veren \u015eim\u015fek \u201cBizim AB ile G\u00fcmr\u00fck Birli\u011fi anla\u015fmam\u0131z var. Ayn\u0131 zamanda 27 \u00fclkeyle de serbest ticaret anla\u015fmam\u0131z bulunuyor. \u0130hracat\u0131m\u0131z\u0131n y\u00fczde 62\u2019sini do\u011frudan yabanc\u0131 yat\u0131r\u0131mlar olu\u015fturuyor diyebiliriz. En az\u0131ndan \u015fu an i\u00e7in ortaklar\u0131m\u0131z da ayn\u0131 ko\u015fullarda olursa bu yat\u0131r\u0131mlar bir istikrar kayna\u011f\u0131 haline gelir. Sizi biraz daha az k\u0131r\u0131lgan noktaya getirir\u201d dedi.<\/p>\n<p>K\u00dcRESEL \u00c7APTA EN \u0130Y\u0130 20\u2019DEY\u0130Z<\/p>\n<p>Hizmet sekt\u00f6r\u00fcndeki ticari faaliyetlerde de T\u00fcrkiye \u2019nin k\u00fcresel \u00e7apta en iyi 20\u2019de oldu\u011funu belirten Bakan \u015eim\u015fek, \u201cTurizm, in\u015faat hatta televizyon dizilerimizin ihracat\u0131 bile en iyiler aras\u0131nda. Yani hizmet taraf\u0131 bizim g\u00fc\u00e7l\u00fc y\u00f6n\u00fcm\u00fcz. Hizmet ihracat\u0131 hen\u00fcz korumac\u0131 \u00f6nlemlerden etkilenmedi. Bunu da avantaj olarak g\u00f6r\u00fcyoruz ve oda\u011f\u0131m\u0131z\u0131 da buraya \u00e7eviriyoruz. Biz kendimizi g\u00f6rece daha az k\u0131r\u0131lgan noktada g\u00f6r\u00fcyoruz. Son y\u0131llarda hedefledi\u011fimiz programlar\u0131 hayata ge\u00e7irdik, bunlar da bize yard\u0131mc\u0131 oldu. B\u00f6lgemizde \u00e7at\u0131\u015fmalar ve gerilimler s\u00f6z konusu. Ama yine de T\u00fcrkiye iyi durumda, b\u00fcy\u00fcmemiz diren\u00e7li, ticaret diren\u00e7li, dengesizliklerimizi y\u00f6netiyoruz ve yap\u0131sal \u00e7\u00f6z\u00fcmleri hayata ge\u00e7iriyoruz\u201d ifadelerini kulland\u0131.<\/p>\n<p>Piyasa verileri Foreks Bilgi \u0130leti\u015fim Hizmetleri A.\u015e. taraf\u0131ndan sa\u011flanmaktad\u0131r. \u00dcye giri\u015fi yap\u0131lan Canl\u0131 Borsa sayfalar\u0131 haricinde Hisse senedi verileri 15 dk gecikmelidir. Tahvil-Bono-Repo \u00f6zet verileri her durumda 15 dk gecikmelidir.<\/p>\n","protected":false},"excerpt":{"rendered":"<p>Hazine ve Maliye Bakan\u0131 Mehmet \u015eim\u015fek T\u00fcrkiye ekonomisinin iyi, b\u00fcy\u00fcmenin ise diren\u00e7li oldu\u011funu belirtti.<\/p>\n","protected":false},"author":2,"featured_media":551,"comment_status":"open","ping_status":"open","sticky":false,"template":"","format":"standard","meta":{"footnotes":""},"categories":[8,1],"tags":[],"class_list":["post-552","post","type-post","status-publish","format-standard","has-post-thumbnail","hentry","category-arsiv","category-uncategorized"],"_links":{"self":[{"href":"https:\/\/eskigazeteci.com\/index.php?rest_route=\/wp\/v2\/posts\/552","targetHints":{"allow":["GET"]}}],"collection":[{"href":"https:\/\/eskigazeteci.com\/index.php?rest_route=\/wp\/v2\/posts"}],"about":[{"href":"https:\/\/eskigazeteci.com\/index.php?rest_route=\/wp\/v2\/types\/post"}],"author":[{"embeddable":true,"href":"https:\/\/eskigazeteci.com\/index.php?rest_route=\/wp\/v2\/users\/2"}],"replies":[{"embeddable":true,"href":"https:\/\/eskigazeteci.com\/index.php?rest_route=%2Fwp%2Fv2%2Fcomments&post=552"}],"version-history":[{"count":0,"href":"https:\/\/eskigazeteci.com\/index.php?rest_route=\/wp\/v2\/posts\/552\/revisions"}],"wp:featuredmedia":[{"embeddable":true,"href":"https:\/\/eskigazeteci.com\/index.php?rest_route=\/wp\/v2\/media\/551"}],"wp:attachment":[{"href":"https:\/\/eskigazeteci.com\/index.php?rest_route=%2Fwp%2Fv2%2Fmedia&parent=552"}],"wp:term":[{"taxonomy":"category","embeddable":true,"href":"https:\/\/eskigazeteci.com\/index.php?rest_route=%2Fwp%2Fv2%2Fcategories&post=552"},{"taxonomy":"post_tag","embeddable":true,"href":"https:\/\/eskigazeteci.com\/index.php?rest_route=%2Fwp%2Fv2%2Ftags&post=552"}],"curies":[{"name":"wp","href":"https:\/\/api.w.org\/{rel}","templated":true}]}}