{"id":542,"date":"2026-02-10T04:03:20","date_gmt":"2026-02-10T04:03:20","guid":{"rendered":"https:\/\/eskigazeteci.com\/?p=542"},"modified":"2026-02-10T04:03:20","modified_gmt":"2026-02-10T04:03:20","slug":"sergen-yalcindan-ersin-destanogluna-destek","status":"publish","type":"post","link":"https:\/\/eskigazeteci.com\/?p=542","title":{"rendered":"Sergen Yal\u00e7\u0131n&#8217;dan Ersin Destano\u011flu&#8217;na destek!"},"content":{"rendered":"<p>Be\u015fikta\u015f &#x27;ta \u00f6nceki g\u00fcn 2-2 sona eren Corendon Alanyaspor ma\u00e7\u0131nda taraftarlar\u0131n protesto etti\u011fi kaleci Ersin Destano\u011flu \u2019na teknik direkt\u00f6r Sergen Yal\u00e7\u0131n \u2019dan destek geldi.<\/p>\n<p>Ersin\u2019e \u00e7ok g\u00fcvendi\u011fini ve performans\u0131ndan memnun oldu\u011funu ifade eden Yal\u00e7\u0131n, \u201cHer futbolcunun hatalar\u0131 olabilir. Ben Ersin\u2019e inan\u0131yorum. Taraftarlar\u0131m\u0131z da inans\u0131n. \u00c7ifte kupa kazand\u0131\u011f\u0131m\u0131z 2020-21 sezonunda kalemizi Ersin korumu\u015ftu. Taraftarlar\u0131m\u0131zdan bu konuda destek istiyorum\u201d diye konu\u015ftu.<\/p>\n<p>Be\u015fikta\u015f altyap\u0131s\u0131ndan yeti\u015fen ve 2018\u2019den beri A tak\u0131m kadrosunda yer alan 25 ya\u015f\u0131ndaki Ersin, bu sezon 17 ma\u00e7ta 19 gol yerken, 5 kar\u015f\u0131la\u015fmada kalesini gole kapatt\u0131.<\/p>\n<p>T\u00fcrkiye&#x27;den ve D\u00fcnya\u2019dan son dakika haberleri, k\u00f6\u015fe yaz\u0131lar\u0131, magazinden siyasete, spordan seyahate b\u00fct\u00fcn konular\u0131n tek adresi Hurriyet.com.tr haber i\u00e7erikleri izin al\u0131nmadan, kaynak g\u00f6sterilerek dahi iktibas edilemez. Kanuna ayk\u0131r\u0131 ve izinsiz olarak kopyalanamaz, ba\u015fka yerde yay\u0131nlanamaz.<\/p>\n","protected":false},"excerpt":{"rendered":"<p>Be\u015fikta\u015f Teknik Direkt\u00f6r\u00fc Sergen Yal\u00e7\u0131n, ele\u015ftiri oklar\u0131n\u0131n hedefi haline gelen oyuncusu Ersin Destano\u011flu&#8217;na Ben Ersin&#8217;e inan\u0131yorum, taraftar\u0131m\u0131z da inans\u0131n&#8230;<\/p>\n","protected":false},"author":2,"featured_media":541,"comment_status":"open","ping_status":"open","sticky":false,"template":"","format":"standard","meta":{"footnotes":""},"categories":[8,1],"tags":[],"class_list":["post-542","post","type-post","status-publish","format-standard","has-post-thumbnail","hentry","category-arsiv","category-uncategorized"],"_links":{"self":[{"href":"https:\/\/eskigazeteci.com\/index.php?rest_route=\/wp\/v2\/posts\/542","targetHints":{"allow":["GET"]}}],"collection":[{"href":"https:\/\/eskigazeteci.com\/index.php?rest_route=\/wp\/v2\/posts"}],"about":[{"href":"https:\/\/eskigazeteci.com\/index.php?rest_route=\/wp\/v2\/types\/post"}],"author":[{"embeddable":true,"href":"https:\/\/eskigazeteci.com\/index.php?rest_route=\/wp\/v2\/users\/2"}],"replies":[{"embeddable":true,"href":"https:\/\/eskigazeteci.com\/index.php?rest_route=%2Fwp%2Fv2%2Fcomments&post=542"}],"version-history":[{"count":0,"href":"https:\/\/eskigazeteci.com\/index.php?rest_route=\/wp\/v2\/posts\/542\/revisions"}],"wp:featuredmedia":[{"embeddable":true,"href":"https:\/\/eskigazeteci.com\/index.php?rest_route=\/wp\/v2\/media\/541"}],"wp:attachment":[{"href":"https:\/\/eskigazeteci.com\/index.php?rest_route=%2Fwp%2Fv2%2Fmedia&parent=542"}],"wp:term":[{"taxonomy":"category","embeddable":true,"href":"https:\/\/eskigazeteci.com\/index.php?rest_route=%2Fwp%2Fv2%2Fcategories&post=542"},{"taxonomy":"post_tag","embeddable":true,"href":"https:\/\/eskigazeteci.com\/index.php?rest_route=%2Fwp%2Fv2%2Ftags&post=542"}],"curies":[{"name":"wp","href":"https:\/\/api.w.org\/{rel}","templated":true}]}}