{"id":54,"date":"2026-02-06T10:31:57","date_gmt":"2026-02-06T10:31:57","guid":{"rendered":"https:\/\/eskigazeteci.com\/?p=54"},"modified":"2026-02-06T10:31:57","modified_gmt":"2026-02-06T10:31:57","slug":"haber-3","status":"publish","type":"post","link":"https:\/\/eskigazeteci.com\/?p=54","title":{"rendered":"Haber"},"content":{"rendered":"<p>T\u00fcrkiye&#x27;nin unutamayaca\u011f\u0131 gece: 6 \u015eubat depremlerinin \u00fc\u00e7\u00fcnc\u00fc y\u0131l\u0131! Hayat\u0131n\u0131 yitirenler yurdun d\u00f6rt bir yan\u0131nda an\u0131ld\u0131 | &#x27;Hi\u00e7bir zaman unutulmuyor bu ac\u0131&#x27;<\/p>\n<p>Osmaniye&#x27;de, 6 \u015eubat 2023&#x27;teki depremlerin \u00fc\u00e7\u00fcnc\u00fc y\u0131l d\u00f6n\u00fcm\u00fcnde afette hayat\u0131n\u0131 kaybedenlerin mezarlar\u0131 ziyaret edildi.<\/p>\n<p>Afette yak\u0131nlar\u0131n\u0131 kaybedenler, sabah\u0131n erken saatlerinden itibaren Asri Mezarl\u0131k&#x27;ta 6 \u015eubat&#x27;taki depremlerin ard\u0131ndan olu\u015fturulan &quot;deprem \u015fehitli\u011fi&quot;ne gelmeye ba\u015flad\u0131. Aileler, yak\u0131nlar\u0131n\u0131n mezarlar\u0131 ba\u015f\u0131nda Kur&#x27;an-\u0131 Kerim okuyarak dua etti.<\/p>\n<p>Depremde k\u0131z\u0131n\u0131, damad\u0131n\u0131 ve 2 torununu kaybeden Mustafa Aksu, ya\u015fanan felaketi d\u00fcn gibi hat\u0131rlad\u0131\u011f\u0131n\u0131 s\u00f6yledi.<\/p>\n<p>Deprem s\u0131ras\u0131nda yerinden kalkmay\u0131p dua etti\u011fini anlatan Aksu, sonras\u0131nda gitti\u011fi k\u0131z\u0131n\u0131n evinin bulundu\u011fu mahallede ise g\u00f6rd\u00fc\u011f\u00fc manzaray\u0131 unutamad\u0131\u011f\u0131n\u0131 dile getirdi.<\/p>\n<p>G\u00fcll\u00fc Aksu da k\u0131z\u0131, damad\u0131 ve 2 torununun ac\u0131s\u0131n\u0131n ilk g\u00fcnk\u00fc gibi taze oldu\u011funu belirtti.<\/p>\n<p>Kahramanmara\u015f merkezli 6 \u015eubat 2023&#x27;teki depremlerde hayat\u0131n\u0131 kaybedenler Van&#x27;da an\u0131ld\u0131.<\/p>\n<p>&quot;Asr\u0131n felaketi&quot;nin \u00fc\u00e7\u00fcnc\u00fc y\u0131l d\u00f6n\u00fcm\u00fc dolay\u0131s\u0131yla Van Afet ve Acil Durum (AFAD) \u0130l M\u00fcd\u00fcrl\u00fc\u011f\u00fcnce anma program\u0131 d\u00fczenlendi.<\/p>\n<p>\u0130lk depremin meydana geldi\u011fi saat 04.17&#x27;de sayg\u0131 duru\u015funda bulunan AFAD personeli daha sonra \u0130stiklal Mar\u015f\u0131 okudu. Anma program\u0131na kat\u0131lan AFAD \u0130l M\u00fcd\u00fcr\u00fc Mehmet Uluta\u015f, milletin haf\u0131zas\u0131na &quot;asr\u0131n felaketi&quot; olarak kaz\u0131nan depremlerin \u00fczerinden y\u0131llar ge\u00e7se de y\u00fcreklerde b\u0131rakt\u0131\u011f\u0131 derin izlerin ilk g\u00fcnk\u00fc tazeli\u011fini korudu\u011funu belirtti.<\/p>\n<p>Binlerce can\u0131 topra\u011fa verdiklerini, milyonlarca insan\u0131n tarifsiz bir ac\u0131yla s\u0131nand\u0131\u011f\u0131n\u0131 ifade eden Uluta\u015f, \u015funlar\u0131 kaydetti:<\/p>\n<p>&quot;O karanl\u0131k ve so\u011fuk gecede oldu\u011fu gibi bug\u00fcn de ayn\u0131 yerde, ayn\u0131 n\u00f6bet ruhuyla bir araday\u0131z. Depremin ilk an\u0131ndan itibaren sahada olan, geceyi g\u00fcnd\u00fcze katan, can kurtarmak i\u00e7in zamanla yar\u0131\u015fan ekiplerimiz, yine ayn\u0131 noktada ayn\u0131 kararl\u0131l\u0131k ve ayn\u0131 sorumluluk bilinciyle n\u00f6betini s\u00fcrd\u00fcr\u00fcyor. Ate\u015fin ba\u015f\u0131nda tutulan bu sessiz n\u00f6bet, sadece bir g\u00f6rev de\u011fil, kaybettiklerimize duydu\u011fumuz vefan\u0131n, hayatta kalanlara verdi\u011fimiz s\u00f6z\u00fcn ve millet\u00e7e kenetleni\u015fimizin bir sembol\u00fcd\u00fcr.&quot; DA\u011eCILAR, EREK DA\u011eI&#x27;NA TIRMANDI<\/p>\n<p>Van B\u00fcy\u00fck\u015fehir Belediyespor Kul\u00fcb\u00fc Da\u011fc\u0131l\u0131k Ekibi de depremlerde hayat\u0131n\u0131 kaybedenleri anmak i\u00e7in 3 bin 204 rak\u0131ml\u0131 Erek Da\u011f\u0131&#x27;na t\u0131rmand\u0131.<\/p>\n<p>Belediyeden yap\u0131lan a\u00e7\u0131klamaya g\u00f6re, depremlerde ya\u015fam\u0131n\u0131 yitirenlerin an\u0131s\u0131n\u0131 ya\u015fatmak amac\u0131yla Erek Da\u011f\u0131&#x27;na k\u0131\u015f t\u0131rman\u0131\u015f\u0131 etkinli\u011fi d\u00fczenlendi.<\/p>\n<p>Zorlu \u015fartlarda ger\u00e7ekle\u015ftirilen t\u0131rman\u0131\u015fta, da\u011f\u0131n zirvesine ula\u015fan da\u011fc\u0131l\u0131k ekibi, T\u00fcrk bayra\u011f\u0131 a\u00e7arak depremde hayat\u0131n\u0131 kaybedenleri and\u0131.<\/p>\n<p>Bursa&#x27;n\u0131n Osmangazi il\u00e7esinde, Kahramanmara\u015f merkezli 6 \u015eubat depremlerinde hayat\u0131n\u0131 kaybedenler, depremin y\u0131ld\u00f6n\u00fcm\u00fcnde an\u0131ld\u0131.<\/p>\n<p>Osmangazi Belediyesince d\u00fczenlenen anma etkinli\u011fine deprem b\u00f6lgesine Bursa&#x27;dan giden arama kurtarma ekipleri de kat\u0131ld\u0131.<\/p>\n<p>Saat 04.17&#x27;de ekipler ara\u00e7lar\u0131n\u0131n sirenlerini \u00e7al\u0131\u015ft\u0131rd\u0131, ard\u0131ndan kat\u0131l\u0131mc\u0131lar sayg\u0131 duru\u015funda bulundu.<\/p>\n<p>Osmangazi Belediye Ba\u015fkan Yard\u0131mc\u0131s\u0131 \u0130smail Mutlu Esendemir, konu\u015fmas\u0131nda hayat\u0131n\u0131 kaybedenlere Allah&#x27;tan rahmet diledi.<\/p>\n<p>Deprem ve afetlere y\u00f6nelik tedbirler al\u0131nmas\u0131 gerekti\u011fini vurgulayan Esendemir, &quot;N\u00fcfusumuzun y\u00fczde 44&#x27;\u00fcn\u00fc bir anda bir \u00e7at\u0131 alt\u0131nda toplayacak bir bar\u0131nma alan\u0131na sahibiz. Standard\u0131 ortalama y\u00fczde 22&#x27;ymi\u015f, ben konunun uzman\u0131 de\u011filim ama bu da vatanda\u015flar\u0131m\u0131za bir nebze olsun g\u00fcven vermeli. Bunlar yeterli de\u011fil, daha fazlas\u0131n\u0131 yapaca\u011f\u0131z, yapmak zorunday\u0131z. Bu sorumlulu\u011fumuzu yerine getirece\u011fimizden herkes emin olsun.&quot; diye konu\u015ftu.<\/p>\n<p>Konu\u015fman\u0131n ard\u0131ndan kat\u0131l\u0131mc\u0131lar deprem b\u00f6lgesinde arama kurtarma faaliyeti y\u00fcr\u00fctm\u00fc\u015f ekiplerin stantlar\u0131n\u0131 gezdi.<\/p>\n<p>Kahramanmara\u015f merkezli depremlerin b\u00fcy\u00fck y\u0131k\u0131ma neden oldu\u011fu Hatay\u2019da, felaketin 3&#x27;\u00fcnc\u00fc y\u0131l d\u00f6n\u00fcm\u00fcnde vatanda\u015flar, kaybettikleri yak\u0131nlar\u0131n\u0131n mezarlar\u0131n\u0131 ziyaret etti. \u00c7ocuklar\u0131n mezarlar\u0131na oyuncak b\u0131rakan yak\u0131nlar\u0131, g\u00f6zya\u015f\u0131na bo\u011fuldu.<\/p>\n<p>Kahramanmara\u015f merkezli 6 \u015eubat depremlerinde Hatay\u2019da yakla\u015f\u0131k 25 bin ki\u015fi hayat\u0131n\u0131 kaybetti. Felaketin 3&#x27;\u00fcnc\u00fc y\u0131l d\u00f6n\u00fcm\u00fcnde Hatay Deprem \u015eehitli\u011fi\u2019nde yo\u011funluk olu\u015ftu. Yak\u0131nlar\u0131n\u0131 kaybedenler, ziyaret ettikleri kabirlerde g\u00f6zya\u015f\u0131 d\u00f6kerken, sevdikleri i\u00e7in dua edip mezarlar\u0131n bak\u0131m\u0131n\u0131 yapt\u0131.<\/p>\n<p>\u2018ACIMIZ TAR\u0130F ED\u0130LEMEZ\u2019<\/p>\n<p>Depremde 2 ablas\u0131n\u0131, ablas\u0131n\u0131n \u00e7ocuklar\u0131n\u0131 ve yak\u0131nlar\u0131yla birlikte toplam 20 ki\u015fiyi kaybeden Semahir Diler, \u201cBir ablam\u0131n enkaz\u0131na hi\u00e7 ula\u015famad\u0131k, kendisine hi\u00e7bir \u015fekilde eri\u015femedik. Ailecek enkaza gittiler. Di\u011fer ablam da vefat etti, o k\u00f6y mezarl\u0131\u011f\u0131nda yat\u0131yor. Ac\u0131m\u0131z \u00e7ok b\u00fcy\u00fck, tarif edilemez. Ablam\u0131, \u00e7ocuklar\u0131n\u0131, kuzenlerimi kaybettim. Toplamda 20 ki\u015fiyi yitirdik. Ac\u0131m hi\u00e7 dinmiyor\u201d diye konu\u015ftu.<\/p>\n<p>Ablas\u0131n\u0131 ve eni\u015ftesini kaybeden \u00d6mer Urfal\u0131 ise \u201cAblam, e\u015fi ve ye\u011fenlerim hepsi gitti. Allah kimseye bir daha b\u00f6yle bir ac\u0131 ya\u015fatmas\u0131n. Herkes ayn\u0131 ac\u0131n\u0131n i\u00e7inde. Allah mekanlar\u0131n\u0131 cennet eylesin\u201d dedi. &#8211; Alican G\u00dcM\u00dc\u015e-Ya\u015far SER\u0130NT\u00dcR\/HATAY, (DHA)-<\/p>\n<p>Kahramanmara\u015f merkezli depremlerde merkez Yeni\u015fehir il\u00e7esine ba\u011fl\u0131 Kooperatifler Mahallesi&#x27;ndeki Kurtismailpa\u015fa 2&#x27;nci Sokak&#x27;ta 48 ki\u015finin hayat\u0131n\u0131 kaybetti\u011fi S\u00f6zel Apartman\u0131&#x27;n\u0131n \u00f6n\u00fcne gelenler, yakt\u0131klar\u0131 mumlar ile karanfilleri saat 04.17&#x27;de alana b\u0131rakt\u0131.<\/p>\n<p>CHP Genel Ba\u015fkan Yard\u0131mc\u0131s\u0131 ve Diyarbak\u0131r Milletvekili Mustafa Sezgin Tanr\u0131kulu, yapt\u0131\u011f\u0131 a\u00e7\u0131klamada, S\u00f6zel Apartman\u0131&#x27;nda 48 ki\u015finin hayat\u0131n\u0131 kaybetti\u011fini an\u0131msatt\u0131.<\/p>\n<p>Kahramanmara\u015f merkezli depremlerde 53 binden fazla ki\u015finin ya\u015fam\u0131n\u0131 yitirdi\u011fini, on binlerce vatanda\u015f\u0131n yaraland\u0131\u011f\u0131n\u0131 belirten Tanr\u0131kulu, &quot;O a\u011f\u0131r travma halen etkisini devam ettiriyor.&quot; dedi.<\/p>\n<p>Kentte depreme dayan\u0131ks\u0131z konutlara ili\u015fkin planlamalar yap\u0131lmas\u0131 gerekti\u011fini anlatan Tanr\u0131kulu, depremlerde hayat\u0131n\u0131 kaybedenleri and\u0131klar\u0131n\u0131 s\u00f6yledi.<\/p>\n<p>DEM Parti Diyarbak\u0131r Milletvekili Adalet Kaya da 6 \u015eubat 2023&#x27;te meydana gelen Kahramanmara\u015f merkezli depremlerin herkes a\u00e7\u0131s\u0131ndan \u00e7ok sars\u0131c\u0131 oldu\u011funu belirtti.<\/p>\n<p>Anmaya DEM Parti Diyarbak\u0131r Milletvekili Serhat Eren, Diyarbak\u0131r B\u00fcy\u00fck\u015fehir Belediye Ba\u015fkan\u0131 Ay\u015fe Serra Bucak K\u00fc\u00e7\u00fck, baz\u0131 sivil toplum kurulu\u015flar\u0131n\u0131n temsilcileri ve vatanda\u015flar kat\u0131ld\u0131.<\/p>\n<p>Diyanet \u0130\u015fleri Ba\u015fkan\u0131 Safi Arpagu\u015f, Osmaniye&#x27;de 6 \u015eubat 2023&#x27;te meydana gelen Kahramanmara\u015f merkezli depremlerin \u00fc\u00e7\u00fcnc\u00fc y\u0131l\u0131 dolay\u0131s\u0131yla hatim duas\u0131 yapt\u0131, afette ya\u015fam\u0131n\u0131 yitirenlerin mezarlar\u0131n\u0131 ziyaret etti. Osmaniye Valili\u011fince, Kahramanmara\u015f merkezli depremlerin y\u0131l d\u00f6n\u00fcm\u00fcnde B\u00fclb\u00fcl Camisi&#x27;nde hatim program\u0131 d\u00fczenlendi.<\/p>\n<p>Diyanet \u0130\u015fleri Ba\u015fkan\u0131 Safi Arpagu\u015f&#x27;un hatim duas\u0131 yapt\u0131\u011f\u0131 programda Yasin-i \u015eerif okundu. Arpagu\u015f&#x27;un sabah namaz\u0131n\u0131 k\u0131ld\u0131rd\u0131\u011f\u0131 programda tesbihat da yap\u0131ld\u0131. Programa, Sa\u011fl\u0131k Bakan\u0131 Kemal Memi\u015fo\u011flu, Osmaniye Valisi Mehmet Fatih Serdenge\u00e7ti, il protokol\u00fc ve vatanda\u015flar kat\u0131ld\u0131.<\/p>\n<p>ARPAGU\u015e&#x27;DAN AFETTE \u00d6LENLER\u0130N MEZARINA Z\u0130YARET<\/p>\n<p>Namaz\u0131n ard\u0131ndan Diyanet \u0130\u015fleri Ba\u015fkan\u0131 Arpagu\u015f ve Vali Serdenge\u00e7ti, Osmaniye Asri Mezarl\u0131\u011f\u0131&#x27;ndaki &quot;deprem \u015fehitli\u011finde&quot; d\u00fczenlenen anma program\u0131na kat\u0131ld\u0131.<\/p>\n<p>Kur&#x27;an-\u0131 Kerim okunup dua edilen programda kat\u0131l\u0131mc\u0131lar, afette hayat\u0131n\u0131 kaybedenlerin mezarlar\u0131na karanfil b\u0131rakt\u0131, ailelere ba\u015fsa\u011fl\u0131\u011f\u0131 diledi.<\/p>\n<p>Kahramanmara\u015f merkezli 6 \u015eubat depremlerinin 3. y\u0131l\u0131 dolay\u0131s\u0131yla okullarda ilk derse ba\u015flamadan \u00f6nce bir dakikal\u0131k sayg\u0131 duru\u015funda bulunuldu. K\u0131rklareli&#x27;nde de Atat\u00fcrk Ortaokulu \u00f6\u011frencileri sayg\u0131 duru\u015funda bulundu.<\/p>\n<p>Edirne&#x27;deki okullarda, 6 \u015eubat 2023&#x27;deki Kahramanmara\u015f merkezli depremlerde hayat\u0131n\u0131 kaybedenler i\u00e7in anma program\u0131 d\u00fczenlendi. Programda sayg\u0131 duru\u015funda bulunuldu.<\/p>\n<p>Tekirda\u011f\u2019da da S\u00fcleymanpa\u015fa \u0130lkokulu \u00f6\u011frencileri sayg\u0131 duru\u015funda bulundu.<\/p>\n<p>Hatay\u2019\u0131n Defne il\u00e7esinde 6 \u015eubat deprem felaketinin 3. y\u0131ld\u00f6n\u00fcm\u00fc vesilesiyle anma t\u00f6reni d\u00fczenlendi.<\/p>\n<p>Saatler 4.17\u2019yi g\u00f6sterdi\u011finde Defne U\u011fur Mumucu Alan\u0131\u2019nda toplanan vatanda\u015flar, depremde kaybettikleri canlar\u0131 and\u0131. Anma etkinli\u011fine parti temsilcileri, STK\u2019lar ve \u00e7ok say\u0131da vatanda\u015f kat\u0131ld\u0131. Yak\u0131lan bahurlar e\u015fli\u011finde edilen dualarla anma etkinli\u011fi sona erdi.<\/p>\n<p>Kahramanmara\u015f merkezli 6 \u015eubat 2023&#x27;teki depremlerden etkilenen Kilis&#x27;te, afette hayat\u0131n\u0131 kaybedenler dualarla an\u0131ld\u0131.<\/p>\n<p>Hac\u0131 Mehmet Kazanc\u0131o\u011flu Camisi&#x27;nde sabah namaz\u0131 sonras\u0131nda, depremlerde hayat\u0131n\u0131 kaybedenler i\u00e7in Kuran-\u0131 Kerim okundu ve dua edildi.<\/p>\n<p>Programa, Kilis Valisi \u00d6mer Kalayl\u0131, \u0130l M\u00fcft\u00fcs\u00fc Alettin Bozkurt, kurum m\u00fcd\u00fcrleri ve vatanda\u015flar kat\u0131ld\u0131.<\/p>\n<p>Etkinlik sonunda T\u00fcrk K\u0131z\u0131lay taraf\u0131ndan kat\u0131l\u0131mc\u0131lara \u00e7orba ikram edildi.<\/p>\n<p>Asr\u0131n felaketi&quot; olarak nitelendirilen 6 \u015eubat 2023&#x27;teki depremlerde yak\u0131nlar\u0131n\u0131 kaybedenler mezarl\u0131k ziyaretinde bulundu.<\/p>\n<p>Gecenin karanl\u0131\u011f\u0131na ra\u011fmen Kahramanmara\u015f Kap\u0131\u00e7am \u015eehir Mezarl\u0131\u011f\u0131&#x27;na giden vatanda\u015flar yak\u0131nlar\u0131n\u0131n kabirlerini sulay\u0131p \u00e7i\u00e7ek b\u0131rakt\u0131. T\u00fcrk bayraklar\u0131 ile donat\u0131lm\u0131\u015f mezarlar\u0131n \u00e7evre temizli\u011fini ve bak\u0131m\u0131n\u0131 da yapan ziyaret\u00e7iler, yak\u0131nlar\u0131 i\u00e7in dua edip Kur&#x27;an okudu.<\/p>\n<p>Ziyarette depremzedeler yakt\u0131klar\u0131 ate\u015fin ba\u015f\u0131nda birbirlerine sar\u0131larak g\u00f6zya\u015f\u0131 d\u00f6kt\u00fc.<\/p>\n<p>B\u00fcy\u00fck\u015fehir Belediyesi ekiplerince mezarl\u0131ktaki vatanda\u015flara \u00fccretsiz ikramlarda bulunuldu.<\/p>\n<p>Depremde enkaz alt\u0131ndaki k\u0131z\u0131n\u0131n elini tuttu\u011fu foto\u011frafla g\u00fcndeme gelen baba Mesut Han\u00e7er de k\u0131z\u0131n\u0131n mezar\u0131 ba\u015f\u0131na geceden gelenler aras\u0131nda yer ald\u0131.<\/p>\n<p>Ebrar Sitesi&#x27;nde enkaz\u0131n alt\u0131nda kalan 16 ya\u015f\u0131ndaki k\u0131z\u0131 Irmak Leyla Han\u00e7er&#x27;in elini tuttu\u011fu foto\u011fraf karesiyle ak\u0131llara kaz\u0131nan ac\u0131l\u0131 baba Han\u00e7er ve e\u015fi G\u00fclseren Han\u00e7er felaketin \u00fc\u00e7\u00fcnc\u00fc y\u0131l d\u00f6n\u00fcm\u00fcnde de k\u0131zlar\u0131n\u0131n mezar\u0131 ba\u015f\u0131ndayd\u0131.<\/p>\n<p>Han\u00e7er, ya\u015fanan ac\u0131n\u0131n bir an olsun dinmedi\u011fini s\u00f6yledi.<\/p>\n<p>Enkaz alt\u0131nda k\u0131z\u0131n\u0131n cans\u0131z bedenini buldu\u011fu anlar\u0131 anlatan Han\u00e7er, &quot;Senesi geldi, hi\u00e7bir zaman unutulmuyor bu ac\u0131. Bu ac\u0131 hi\u00e7bir zaman i\u00e7in tarif edilebilecek ac\u0131 de\u011fil, k\u0131z\u0131m\u0131 kaybettim, ailemi kaybettim komple. Yani hi\u00e7 tarif edilecek gibi de\u011fil. Biz \u015fu anda Ankara\u2019day\u0131z, deprem sonras\u0131 oraya yerle\u015ftik. 6 \u015eubat&#x27;ta senesi geldi\u011fi i\u00e7in k\u0131z\u0131m\u0131z\u0131 ziyarete geldik.&quot; diye konu\u015ftu.<\/p>\n<p>Kahramanmara\u015f\u2019ta 6 \u015eubat depremlerinde y\u0131k\u0131larak 1480 ki\u015finin hayat\u0131n\u0131 kaybetti\u011fi Ebrar Sitelerinde yak\u0131nlar\u0131n\u0131 kaybedenler depremin 3\u2019\u00fcnc\u00fc y\u0131ld\u00f6n\u00fcm\u00fcnde bir araya geldi. Saatler 4.17\u2019yi g\u00f6sterdi\u011finde yak\u0131nlar\u0131n\u0131 kaybedenler g\u00f6zya\u015flar\u0131n\u0131 tutamad\u0131. Kahramanmara\u015f merkezli depremlerin 3&#x27;\u00fcnc\u00fc y\u0131l d\u00f6n\u00fcm\u00fcnde 1480 ki\u015finin ya\u015fam\u0131n\u0131 yitirdi\u011fi 6 \u015eubat\u2019\u0131n simgelerinden olan Ebrar Sitelerinde anma program\u0131 d\u00fczenlendi. Depremden sonra in\u015fa edilen Ebrar Sitelerinin yak\u0131n\u0131ndaki alanda ger\u00e7ekle\u015fen programda, Asr\u0131n Felaketinde yak\u0131nlar\u0131n\u0131 kaybedenler bir araya geldi.<\/p>\n<p>Sandalyelere b\u0131rak\u0131lan 04.17\u2019de durmu\u015f duvar saati ile b\u00fcy\u00fck ac\u0131n\u0131n tarihi olan 6 \u015eubat\u2019\u0131n takvim yapra\u011f\u0131n\u0131n yer ald\u0131\u011f\u0131 programda saatler 04.17\u2019yi g\u00f6sterdi\u011finde, depremde yak\u0131nlar\u0131n\u0131 kaybedenler g\u00f6zya\u015flar\u0131na bo\u011fuldu. Tekbir ve salavatlar getiren depremzedeler, kaybettikleri yak\u0131nlar\u0131 i\u00e7in 1 dakikal\u0131k sayg\u0131 duru\u015funda bulundu.<\/p>\n<p>DEPREMZEDE KADIN: \u2018\u00dcZER\u0130NDE KOLON VAR\u2019 DED\u0130LER<\/p>\n<p>Ebrar Sitelerinde birlikte ya\u015fad\u0131\u011f\u0131 o\u011flunu ve torununu kaybeden Cevriye D\u00f6\u015fy\u0131lmaz, depremde enkazdan \u00e7\u0131kar\u0131lan ilk yaral\u0131lardan oldu\u011funu s\u00f6yledi. Depremden sonra yeniden yap\u0131lan Ebrar Siteleri\u2019nde ya\u015famaya ba\u015flad\u0131\u011f\u0131n\u0131 belirten D\u00f6\u015fy\u0131lmaz, \u201cG\u00f6z\u00fcm\u00fc a\u00e7t\u0131\u011f\u0131mda g\u00f6ky\u00fcz\u00fcn\u00fc g\u00f6rd\u00fcm. Lacivertti, y\u00fcz\u00fcme kar ya\u011f\u0131yordu. \u0130lk defa polis memuru geldi ve \u2018Teyze ben bir \u015fey yapamam \u00fczerinde kolon var\u2019 dedi. Bir \u015fekilde ta\u015flar\u0131, kayalar\u0131 \u00e7\u0131kararak beni \u00e7\u0131kard\u0131lar. Depremde enkazdan ilk \u00e7\u0131kanlardan biri herhalde ben oldum\u201d dedi.<\/p>\n<p>Kahramanmara\u015f merkezli depremlerde Diyarbak\u0131r\u2019da hayat\u0131n\u0131 kaybeden 411 ki\u015fi, 48 ki\u015fiye mezar olan S\u00f6zel Apartman\u0131&#x27;n\u0131n enkaz\u0131n\u0131n kald\u0131r\u0131ld\u0131\u011f\u0131 alanda d\u00fczenlenen etkinlikle an\u0131ld\u0131.<\/p>\n<p>Kahramanmara\u015f merkezli 6 \u015eubat 2023\u2019te meydana gelen depremlerden etkilenen Diyarbak\u0131r\u2019da, 1\u2019i bo\u015f 7 bina y\u0131k\u0131ld\u0131. Depremde 411 ki\u015fi hayat\u0131n\u0131 kaybetti, 912 ki\u015fi de yaraland\u0131. 5 bin 494 bina a\u011f\u0131r, 2 bin 645 bina orta hasar ald\u0131. Depremin 3\u2019\u00fcnc\u00fc y\u0131l d\u00f6n\u00fcm\u00fc dolay\u0131s\u0131yla, Yeni\u015fehir il\u00e7esi Kooperatifler Mahallesi Kurt \u0130smail Pa\u015fa 2\u2019nci Sokak\u2019ta 48 ki\u015finin hayat\u0131n\u0131 kaybetti\u011fi, projelerde 6 katl\u0131 olan, bilirki\u015fi raporunda mimari ve betonarme projelerine ayk\u0131r\u0131 olarak bodrum ve terasla birlikte 12 katl\u0131 in\u015fa edilen S\u00f6zel Apartman\u0131&#x27;n\u0131n enkaz\u0131n\u0131n kald\u0131r\u0131ld\u0131\u011f\u0131 alanda anma t\u00f6reni d\u00fczenlendi. Depremin ya\u015fand\u0131\u011f\u0131 saat 04.17\u2019de, alana karanfil b\u0131rak\u0131larak, mum yak\u0131ld\u0131.<\/p>\n<p>\u0130\u00e7i\u015fleri Bakan\u0131 Ali Yerlikaya, Kahramanmara\u015f merkezli 6 \u015eubat 2023&#x27;teki depremlerin \u00fc\u00e7\u00fcnc\u00fc y\u0131l d\u00f6n\u00fcm\u00fcnde Ad\u0131yaman&#x27;da d\u00fczenlenen &quot;sessiz y\u00fcr\u00fcy\u00fc\u015f&quot;e kat\u0131ld\u0131. Bakan Yerlikaya, Vali Osman Varol, AFAD Ba\u015fkan\u0131 Ali Hamza Pehlivan, \u00c7al\u0131\u015fma ve Sosyal G\u00fcvenlik Bakan Yard\u0131mc\u0131s\u0131 Ahmet Ayd\u0131n, TBMM Bay\u0131nd\u0131rl\u0131k, \u0130mar, Ula\u015ft\u0131rma ve Turizm Komisyonu Ba\u015fkan\u0131 Adil Karaismailo\u011flu&#x27;nun da kat\u0131l\u0131m\u0131yla Valilik \u00f6n\u00fcnde bir araya gelenler, kentin simgesi olan ve aradan ge\u00e7en \u00fc\u00e7 y\u0131la ra\u011fmen 04.17&#x27;yi g\u00f6steren saat kulesine kadar kol kola girerek y\u00fcr\u00fcd\u00fc. Kaybettikleri yak\u0131nlar\u0131n\u0131n foto\u011fraflar\u0131n\u0131 ta\u015f\u0131yan baz\u0131 depremzedeler, &quot;sessiz y\u00fcr\u00fcy\u00fc\u015f&quot; s\u0131ras\u0131nda g\u00f6zya\u015flar\u0131n\u0131 tutamad\u0131, onlarca dilek balonunu g\u00f6ky\u00fcz\u00fcne b\u0131rakt\u0131.<\/p>\n<p>Y\u00fcr\u00fcy\u00fc\u015f\u00fcn ard\u0131ndan depremin ya\u015fand\u0131\u011f\u0131 saat 04.17&#x27;de kentteki t\u00fcm camilerden sela okundu. Program kapsam\u0131nda hayat\u0131n\u0131 kaybedenler i\u00e7in Kur&#x27;an-\u0131 Kerim okundu, dualar edildi, saat kulesine karanfil b\u0131rak\u0131ld\u0131.<\/p>\n<p>Milli Savunma Bakanl\u0131\u011f\u0131, 6 \u015eubat 2023&#x27;te meydana gelen Kahramanmara\u015f merkezli depremlerde hayat\u0131n\u0131 kaybeden vatanda\u015flar i\u00e7in depremin ger\u00e7ekle\u015fti\u011fi dakikalarda sayg\u0131 duru\u015funda bulunan askerlerin g\u00f6r\u00fcnt\u00fcs\u00fcn\u00fc payla\u015ft\u0131. Bakanl\u0131\u011f\u0131n sosyal medya hesab\u0131ndan depremlerin 3. y\u0131l\u0131 dolay\u0131s\u0131yla yap\u0131lan payla\u015f\u0131mda 6 \u015eubat&#x27;\u0131n y\u0131k\u0131lan \u015fehirlerin de\u011fil, susmayan y\u00fcreklerin tarihi oldu\u011fu belirtilerek, &quot;Hepimizin haf\u0131zas\u0131nda derin izler b\u0131rakan bir g\u00fcn&#8230; Saatler durdu, \u015fehirler sustu, ama bir milletin y\u00fcre\u011fi ayn\u0131 anda atmaya ba\u015flad\u0131. 6 \u015eubat depreminde hayat\u0131n\u0131 kaybeden karde\u015flerimize Allah&#x27;tan rahmet, kederli ailelerine ba\u015fsa\u011fl\u0131\u011f\u0131 ve sab\u0131r diliyoruz.&quot; ifadelerine yer verildi.<\/p>\n<p>Payla\u015f\u0131mda, g\u00f6rev ba\u015f\u0131ndaki Mehmet\u00e7i\u011fin depremin ger\u00e7ekle\u015fti\u011fi dakikalarda T\u00fcrk bayra\u011f\u0131n\u0131n alt\u0131nda sayg\u0131 duru\u015funda bulundu\u011fu g\u00f6r\u00fcnt\u00fclere de yer verildi.<\/p>\n<p>Hatay&#x27;da 6 \u015eubat 2023&#x27;teki depremlerde y\u0131k\u0131lmas\u0131n\u0131n ard\u0131ndan yeniden in\u015fa edilen Habib-i Neccar Camisi&#x27;nde afetin y\u0131l d\u00f6n\u00fcm\u00fc dolay\u0131s\u0131yla hatim program\u0131 yap\u0131ld\u0131.<\/p>\n<p>Anadolu&#x27;nun ilk camilerinden biri olarak kabul edilen Kurtulu\u015f Caddesi&#x27;ndeki Habib-i Neccar Camisi&#x27;nde program d\u00fczenlendi.<\/p>\n<p>Programda \u0130l M\u00fcft\u00fcs\u00fc Mevl\u00fct Top\u00e7u, hatim duas\u0131 yapt\u0131.<\/p>\n<p>Daha sonra camide sabah namaz\u0131 k\u0131l\u0131nd\u0131.<\/p>\n<p>T\u00fcrkiye Diyanet Vakf\u0131, Vak\u0131flar B\u00f6lge M\u00fcd\u00fcrl\u00fc\u011f\u00fc ve T\u00fcrk K\u0131z\u0131lay\u0131 ekipleri, cami \u00f6n\u00fcnde vatanda\u015flara \u00e7e\u015fitli ikramlarda bulundu.<\/p>\n<p>Programa, AK Parti Genel Ba\u015fkan Yard\u0131mc\u0131s\u0131 H\u00fcseyin Yayman, Vali Mustafa Masatl\u0131, Yeni Yol Partisi Hatay Milletvekili Necmettin \u00c7al\u0131\u015fkan, Antakya Belediye Ba\u015fkan\u0131 \u0130brahim Naci Yapar ve vatanda\u015flar kat\u0131ld\u0131.<\/p>\n<p>Depremlerin ard\u0131ndan K\u00fclt\u00fcr ve Turizm Bakanl\u0131\u011f\u0131 Vak\u0131flar Genel M\u00fcd\u00fcrl\u00fc\u011f\u00fc kontrol\u00fcnde Konya B\u00fcy\u00fck\u015fehir Belediyesince asl\u0131na uygun \u015fekilde in\u015fa edilen cami, 27 Aral\u0131k 2025&#x27;te Cumhurba\u015fkan\u0131 Recep Tayyip Erdo\u011fan&#x27;\u0131n Hatay ziyaretiyle ibadete a\u00e7\u0131lm\u0131\u015ft\u0131.<\/p>\n<p>Osmaniye&#x27;de 6 \u015eubat 2023&#x27;teki depremlerde hayat\u0131n\u0131 kaybedenler i\u00e7in anma program\u0131 d\u00fczenlendi.<\/p>\n<p>Afetin \u00fc\u00e7\u00fcnc\u00fc y\u0131l d\u00f6n\u00fcm\u00fc dolay\u0131s\u0131yla Valilik ve Belediye taraf\u0131ndan Devlet Bah\u00e7eli Meydan\u0131&#x27;nda yap\u0131lan anma program\u0131na, AK Parti Genel Ba\u015fkan Yard\u0131mc\u0131s\u0131 ve Te\u015fkilat Ba\u015fkan\u0131 Ahmet B\u00fcy\u00fckg\u00fcm\u00fc\u015f, Vali Mehmet Fatih Serdenge\u00e7ti, Belediye Ba\u015fkan\u0131 \u0130brahim \u00c7enet, sivil toplum kurulu\u015flar\u0131n\u0131n temsilcileri ile vatanda\u015flar kat\u0131ld\u0131. Kahramanmara\u015f merkezli ilk depremin meydana geldi\u011fi saat 04.17&#x27;de sayg\u0131 duru\u015funda bulunan kat\u0131l\u0131mc\u0131lar, \u0130stiklal Mar\u015f\u0131 okudu.<\/p>\n<p>Kur&#x27;an-\u0131 Kerim tilavetinin yap\u0131ld\u0131\u011f\u0131 programda, \u0130l M\u00fcft\u00fcs\u00fc Ahat Ta\u015fc\u0131 taraf\u0131ndan depremlerde ya\u015fam\u0131n\u0131 yitirenler i\u00e7in dua edildi.<\/p>\n<p>Daha sonra afetle ilgili sinevizyon g\u00f6sterisi sunuldu. &quot;M\u0130LLET\u0130M\u0130Z, ASIRLARDIR TA\u015eIDI\u011eI DAYANI\u015eMA RUHUNU B\u0130R KEZ DAHA ORTAYA KOYMU\u015eTUR&quot;<\/p>\n<p>Vali Serdenge\u00e7ti, burada yapt\u0131\u011f\u0131 konu\u015fmada, 11 ili etkileyen 6 \u015eubat depremlerinin sadece \u015fehirleri de\u011fil, umutlar\u0131 ve gelece\u011fe dair hayalleri de derinden sarst\u0131\u011f\u0131n\u0131 s\u00f6yledi.<\/p>\n<p>Afette hayat\u0131n\u0131 kaybedenlere Allah&#x27;tan rahmet dileyen Serdenge\u00e7ti, \u015f\u00f6yle devam etti:<\/p>\n<p>&quot;Her biri ard\u0131nda yar\u0131m kalan hikayeler, yetim kalan \u00e7ocuklar ve tarifsiz bir h\u00fcz\u00fcn b\u0131rakt\u0131 ancak bu b\u00fcy\u00fck felaket kar\u015f\u0131s\u0131nda aziz milletimiz, as\u0131rlard\u0131r ta\u015f\u0131d\u0131\u011f\u0131 dayan\u0131\u015fma ruhunu bir kez daha ortaya koymu\u015ftur. Enkaz alt\u0131nda bir can\u0131 kurtarabilmek i\u00e7in zamanla yar\u0131\u015fan arama kurtarma ekiplerimiz, hi\u00e7bir kar\u015f\u0131l\u0131k beklemeden, yard\u0131m i\u00e7in seferber olan g\u00f6n\u00fcll\u00fclerimiz ve yaralar\u0131 sarmak i\u00e7in tek y\u00fcrek olan insan\u0131m\u0131z, millet olman\u0131n ne demek oldu\u011funu t\u00fcm d\u00fcnyaya g\u00f6stermi\u015ftir. Bug\u00fcn burada yaln\u0131zca kaybettiklerimizi anmak i\u00e7in de\u011fil, ayn\u0131 zamanda ya\u015fananlardan ders \u00e7\u0131karmak, deprem ger\u00e7e\u011fini unutmamak ve daha g\u00fcvenli bir gelecek in\u015fa etmek kararl\u0131l\u0131\u011f\u0131m\u0131z\u0131 bir kez daha ifade etmek i\u00e7in bulunuyoruz \u00e7\u00fcnk\u00fc biliyoruz ki afetler kaderdir ancak ihmaller asla kader de\u011fildir.&quot;<\/p>\n<p>Serdenge\u00e7ti, afetlere kar\u015f\u0131 toplumsal fark\u0131ndal\u0131\u011f\u0131 art\u0131rman\u0131n herkesin ortak sorumlulu\u011fu oldu\u011funu s\u00f6zlerine ekledi.<\/p>\n<p>Konu\u015fman\u0131n ard\u0131ndan anmaya kat\u0131lanlar, Hasan \u00c7enet Caddesi&#x27;nde &quot;sessiz y\u00fcr\u00fcy\u00fc\u015f&quot; yapt\u0131, Deprem \u015eehitleri An\u0131t\u0131&#x27;na karanfil b\u0131rakt\u0131.<\/p>\n<p>Osmaniye Devlet Bah\u00e7eli Meydan\u0131\u2019nda sayg\u0131 duru\u015fu ve \u0130stiklal Mar\u015f\u0131\u2019n\u0131n okunmas\u0131yla ba\u015flayan anma program\u0131nda Kur\u2019an-\u0131 Kerim tilaveti ger\u00e7ekle\u015ftirildi. Ard\u0131ndan, depremde hayat\u0131n\u0131 kaybeden bin 10 vatanda\u015f i\u00e7in indirilen bin 10 hatmin duas\u0131 yap\u0131ld\u0131.<\/p>\n<p>Adana&#x27;da 6 \u015eubat 2023&#x27;te meydana gelen depremlerde hayat\u0131n\u0131 kaybedenler afetin \u00fc\u00e7\u00fcnc\u00fc y\u0131l d\u00f6n\u00fcm\u00fcnde dualarla an\u0131ld\u0131. Kahramanmara\u015f merkezli depremlerde y\u0131k\u0131lmas\u0131 sonucu 96 ki\u015finin ya\u015fam\u0131n\u0131 yitirdi\u011fi Alparg\u00fcn Apartman\u0131&#x27;n\u0131n yerinde anma program\u0131 d\u00fczenlendi.<\/p>\n<p>Depremlerde ya\u015fam\u0131n\u0131 yitirenler i\u00e7in Kur&#x27;an-\u0131 Kerim okunan programda, dualar edildi.<\/p>\n<p>Yak\u0131nlar\u0131n\u0131 kaybeden aileler, y\u0131k\u0131lan binan\u0131n bulundu\u011fu alana karanfil b\u0131rakt\u0131.<\/p>\n<p>T\u00fcrkiye g\u00fcndeminden son dakika haberleri, bug\u00fcn ya\u015fanan en son geli\u015fmeler, siyaset g\u00fcndeminden g\u00fcncel haberler ve b\u00fct\u00fcn son dakika haberleri i\u00e7in H\u00fcrriyet&#x27;in internet haber sitesi hurriyet.com.tr; Hurriyet.com.tr haber i\u00e7erikleri kaynak g\u00f6sterilmeden al\u0131nt\u0131 yap\u0131lamaz, Kanuna ayk\u0131r\u0131 ve izinsiz olarak kopyalanamaz, ba\u015fka yerde yay\u0131nlanamaz.<\/p>\n","protected":false},"excerpt":{"rendered":"<p>6 \u015eubat\u2019ta Kahramanmara\u015f merkezli meydana gelen ve 11 ili etkileyen depremlerin \u00fc\u00e7\u00fcnc\u00fc y\u0131l\u0131nda, ya\u015fam\u0131n\u0131 yitiren on binlerce ki\u015fi T\u00fcrkiye genelinde&#8230;<\/p>\n","protected":false},"author":2,"featured_media":53,"comment_status":"open","ping_status":"open","sticky":false,"template":"","format":"standard","meta":{"footnotes":""},"categories":[8,3],"tags":[],"class_list":["post-54","post","type-post","status-publish","format-standard","has-post-thumbnail","hentry","category-arsiv","category-siyaset"],"_links":{"self":[{"href":"https:\/\/eskigazeteci.com\/index.php?rest_route=\/wp\/v2\/posts\/54","targetHints":{"allow":["GET"]}}],"collection":[{"href":"https:\/\/eskigazeteci.com\/index.php?rest_route=\/wp\/v2\/posts"}],"about":[{"href":"https:\/\/eskigazeteci.com\/index.php?rest_route=\/wp\/v2\/types\/post"}],"author":[{"embeddable":true,"href":"https:\/\/eskigazeteci.com\/index.php?rest_route=\/wp\/v2\/users\/2"}],"replies":[{"embeddable":true,"href":"https:\/\/eskigazeteci.com\/index.php?rest_route=%2Fwp%2Fv2%2Fcomments&post=54"}],"version-history":[{"count":0,"href":"https:\/\/eskigazeteci.com\/index.php?rest_route=\/wp\/v2\/posts\/54\/revisions"}],"wp:featuredmedia":[{"embeddable":true,"href":"https:\/\/eskigazeteci.com\/index.php?rest_route=\/wp\/v2\/media\/53"}],"wp:attachment":[{"href":"https:\/\/eskigazeteci.com\/index.php?rest_route=%2Fwp%2Fv2%2Fmedia&parent=54"}],"wp:term":[{"taxonomy":"category","embeddable":true,"href":"https:\/\/eskigazeteci.com\/index.php?rest_route=%2Fwp%2Fv2%2Fcategories&post=54"},{"taxonomy":"post_tag","embeddable":true,"href":"https:\/\/eskigazeteci.com\/index.php?rest_route=%2Fwp%2Fv2%2Ftags&post=54"}],"curies":[{"name":"wp","href":"https:\/\/api.w.org\/{rel}","templated":true}]}}