{"id":534,"date":"2026-02-10T04:03:13","date_gmt":"2026-02-10T04:03:13","guid":{"rendered":"https:\/\/eskigazeteci.com\/?p=534"},"modified":"2026-02-10T04:03:13","modified_gmt":"2026-02-10T04:03:13","slug":"mossadin-mermerci-ajanlari-adliyede","status":"publish","type":"post","link":"https:\/\/eskigazeteci.com\/?p=534","title":{"rendered":"MOSSAD\u2019\u0131n \u2018mermerci\u2019 ajanlar\u0131 adliyede"},"content":{"rendered":"<p>Milli \u0130stihbarat Te\u015fkilat\u0131 (M\u0130T), Mersin\u2019de kurulan bir maden \u015firketi \u00fczerinden 2013\u2019ten itibaren \u0130srail gizli servisi MOSSAD ad\u0131na casusluk faaliyetlerinde bulunuldu\u011funu tespit etti.<\/p>\n<p>M\u0130T taraf\u0131ndan takip alt\u0131na al\u0131nan \u015firketin kurucusu Mehmet Budak Derya ile yan\u0131nda \u00e7al\u0131\u015fan Veysel Kerimo\u011flu\u2019nun \u0130srail\u2019in Ortado\u011fu \u00fclkelerine y\u00f6nelik politikalar\u0131na muhalif Filistinliler ile sosyal ve ticari ili\u015fkilerini geli\u015ftirerek, toplad\u0131klar\u0131 bilgileri \u0130srail servisine aktard\u0131klar\u0131 belirlendi.<\/p>\n<p>M\u0130T, \u0130stanbul Cumhuriyet Ba\u015fsavc\u0131l\u0131\u011f\u0131 ve \u0130stanbul Emniyet M\u00fcd\u00fcrl\u00fc\u011f\u00fc\u2019n\u00fcn koordineli \u00e7al\u0131\u015fmas\u0131yla 6 \u015eubat 2026\u2019da d\u00fczenlenen \u2018MON\u0130TUM faaliyeti\u2019 sonucunda maden m\u00fchendisi ve \u015firket sahibi Mehmet Budak Derya ile Veysel Kerimo\u011flu\u2019nu g\u00f6zalt\u0131na ald\u0131. Mehmet Budak Derya ile Veysel Kerimo\u011flu, emniyetteki i\u015flemlerinin ard\u0131ndan d\u00fcn \u00c7a\u011flayan\u2019daki \u0130stanbul Adalet Saray\u0131\u2019na sevk edildi.<\/p>\n<p>T\u00fcrkiye g\u00fcndeminden son dakika haberleri, bug\u00fcn ya\u015fanan en son geli\u015fmeler, siyaset g\u00fcndeminden g\u00fcncel haberler ve b\u00fct\u00fcn son dakika haberleri i\u00e7in H\u00fcrriyet&#x27;in internet haber sitesi hurriyet.com.tr; Hurriyet.com.tr haber i\u00e7erikleri kaynak g\u00f6sterilmeden al\u0131nt\u0131 yap\u0131lamaz, Kanuna ayk\u0131r\u0131 ve izinsiz olarak kopyalanamaz, ba\u015fka yerde yay\u0131nlanamaz.<\/p>\n","protected":false},"excerpt":{"rendered":"<p>MERS\u0130N\u2019de kurdu\u011fu \u015firket \u00fczerinden \u2018mermer ticareti\u2019 maskesi alt\u0131nda 2013\u2019den beri MOSSAD ad\u0131na casusluk faaliyetinde bulunduklar\u0131 iddias\u0131yla g\u00f6zalt\u0131na&#8230;<\/p>\n","protected":false},"author":2,"featured_media":533,"comment_status":"open","ping_status":"open","sticky":false,"template":"","format":"standard","meta":{"footnotes":""},"categories":[8,1],"tags":[],"class_list":["post-534","post","type-post","status-publish","format-standard","has-post-thumbnail","hentry","category-arsiv","category-uncategorized"],"_links":{"self":[{"href":"https:\/\/eskigazeteci.com\/index.php?rest_route=\/wp\/v2\/posts\/534","targetHints":{"allow":["GET"]}}],"collection":[{"href":"https:\/\/eskigazeteci.com\/index.php?rest_route=\/wp\/v2\/posts"}],"about":[{"href":"https:\/\/eskigazeteci.com\/index.php?rest_route=\/wp\/v2\/types\/post"}],"author":[{"embeddable":true,"href":"https:\/\/eskigazeteci.com\/index.php?rest_route=\/wp\/v2\/users\/2"}],"replies":[{"embeddable":true,"href":"https:\/\/eskigazeteci.com\/index.php?rest_route=%2Fwp%2Fv2%2Fcomments&post=534"}],"version-history":[{"count":0,"href":"https:\/\/eskigazeteci.com\/index.php?rest_route=\/wp\/v2\/posts\/534\/revisions"}],"wp:featuredmedia":[{"embeddable":true,"href":"https:\/\/eskigazeteci.com\/index.php?rest_route=\/wp\/v2\/media\/533"}],"wp:attachment":[{"href":"https:\/\/eskigazeteci.com\/index.php?rest_route=%2Fwp%2Fv2%2Fmedia&parent=534"}],"wp:term":[{"taxonomy":"category","embeddable":true,"href":"https:\/\/eskigazeteci.com\/index.php?rest_route=%2Fwp%2Fv2%2Fcategories&post=534"},{"taxonomy":"post_tag","embeddable":true,"href":"https:\/\/eskigazeteci.com\/index.php?rest_route=%2Fwp%2Fv2%2Ftags&post=534"}],"curies":[{"name":"wp","href":"https:\/\/api.w.org\/{rel}","templated":true}]}}