{"id":526,"date":"2026-02-10T04:03:06","date_gmt":"2026-02-10T04:03:06","guid":{"rendered":"https:\/\/eskigazeteci.com\/?p=526"},"modified":"2026-02-10T04:03:06","modified_gmt":"2026-02-10T04:03:06","slug":"ozel-degisim-herkese-iyi-gelecek","status":"publish","type":"post","link":"https:\/\/eskigazeteci.com\/?p=526","title":{"rendered":"\u00d6zel: De\u011fi\u015fim herkese iyi gelecek"},"content":{"rendered":"<p>\u00d6zel, Cumhurba\u015fkanl\u0131\u011f\u0131 Aday Ofisi Y\u00fcr\u00fctme Kurulu toplant\u0131s\u0131 sonras\u0131nda d\u00fczenledi\u011f\u011fi bas\u0131n toplant\u0131s\u0131nda Ke\u00e7i\u00f6ren Belediye Ba\u015fkan\u0131 Mesut \u00d6zarslan\u2019\u0131n istifas\u0131yla ilgili tart\u0131\u015fmalara girmeden \u00f6zetle \u015funlar\u0131 s\u00f6yledi:<\/p>\n<p>YARGIYI ELE GE\u00c7\u0130RME<\/p>\n<p>\u201c\u0130ktidar, kahraman polisimizin ve jandarmam\u0131z\u0131n t\u00fcm \u00e7abalar\u0131na ra\u011fmen sokaktaki su\u00e7 \u00e7eteleriyle m\u00fccadelede yetersiz kalmaktad\u0131r. Ya\u015fad\u0131\u011f\u0131m\u0131z bu a\u011f\u0131r tablo siyasi tercihlerin bir sonucu \u015f\u00fcphesiz. Peki bunlar\u0131 yapmay\u0131p ne yap\u0131yor, ara\u00e7salla\u015ft\u0131r\u0131lan yarg\u0131 eliyle siyasi operasyonlar yap\u0131p iktidar koltu\u011funda kalmaya \u00e7al\u0131\u015f\u0131yor. Bunu yaparken hukuk sistemimizi yerlebir ediyorlar. Biz, bug\u00fcnk\u00fc toplant\u0131m\u0131zda bu iktidardan sonra bir daha asla kimsenin ele ge\u00e7iremeyece\u011fi bir yarg\u0131 sisteminin nas\u0131l kurulabilece\u011fini tart\u0131\u015ft\u0131k. Alt\u0131n\u0131 \u00e7izmek isterim ki bizim, \u2018Gelelim ve yarg\u0131 sistemini ele ge\u00e7irelim\u2019 diye bir hedefimiz yok. Bizim iktidar\u0131m\u0131zda yarg\u0131, siyasetin aparat\u0131 olmaktan \u00e7\u0131kar\u0131lacak, sadece vatanda\u015f\u0131n hukukunu koruyacak.<\/p>\n<p>G\u00dcMR\u00dcK B\u0130RL\u0130\u011e\u0130 VE AB<\/p>\n<p>Yerli \u00fcreticiyi korumayan G\u00fcmr\u00fck Birli\u011fi Anla\u015fmas\u0131 mutlaka de\u011fi\u015fmeli, h\u0131zla revize edilmelidir. Biz iktidar\u0131m\u0131zda anla\u015fman\u0131n kapsaml\u0131 bir \u015fekilde g\u00fcncellenmesini hedefliyoruz. AB\u2019ye tam \u00fcyelik m\u00fczakerelerini en k\u0131sa zamanda ba\u015far\u0131ya ula\u015ft\u0131raca\u011f\u0131z. Kamu alacaklar\u0131 i\u00e7in politika faiz oranlar\u0131ndan ve hatta banka faiz oranlar\u0131ndan daha y\u00fcksek bir faiz uygulanmaktad\u0131r. Biz iktidar\u0131m\u0131zda bu tefeci faiz anlay\u0131\u015f\u0131na son verece\u011fiz. Art\u0131k bor\u00e7lar\u0131n yap\u0131land\u0131r\u0131lmas\u0131 hayati bir gereklilik haline gelmi\u015ftir.<\/p>\n<p>\u00dcLKEN\u0130N KAYNAKLARI VAR<\/p>\n<p>Yoksul aileler art\u0131k k\u0131rm\u0131z\u0131 ete eri\u015fmekte zorlanmaktad\u0131r. D\u00fcnyada k\u0131rm\u0131z\u0131 etin beyaz ete g\u00f6re t\u00fcketim oran\u0131 1.3 iken, T\u00fcrkiye\u2019de oran 1\/10\u2019a gerilemi\u015ftir. \u00d6nerdi\u011fimiz politikalar\u0131 hayata ge\u00e7irmek zor de\u011fil. \u00c7\u00fcnk\u00fc bu \u00fclkenin devasa kaynaklar\u0131 var. Cumhurba\u015fkan\u0131 aday\u0131m\u0131z Ekrem \u0130mamo\u011flu, 12 metrekarelik h\u00fccresinde olsa da bu millet i\u00e7in azimle \u00e7al\u0131\u015f\u0131yor. Yerelde nas\u0131l kazand\u0131ysak, genel se\u00e7imde de a\u00e7\u0131k bir farkla kazanaca\u011f\u0131z.\u201d<\/p>\n<p>T\u00fcrkiye g\u00fcndeminden son dakika haberleri, bug\u00fcn ya\u015fanan en son geli\u015fmeler, siyaset g\u00fcndeminden g\u00fcncel haberler ve b\u00fct\u00fcn son dakika haberleri i\u00e7in H\u00fcrriyet&#x27;in internet haber sitesi hurriyet.com.tr; Hurriyet.com.tr haber i\u00e7erikleri kaynak g\u00f6sterilmeden al\u0131nt\u0131 yap\u0131lamaz, Kanuna ayk\u0131r\u0131 ve izinsiz olarak kopyalanamaz, ba\u015fka yerde yay\u0131nlanamaz.<\/p>\n","protected":false},"excerpt":{"rendered":"<p>CHP Genel Ba\u015fkan\u0131 \u00d6zg\u00fcr \u00d6zel, \u201cMilletimiz emin olsun ki de\u011fi\u015fim herkese iyi gelecek. Millete tepeden bakanlar gidecek, milletin hizmetk\u00e2r\u0131 olanlar g\u00f6reve&#8230;<\/p>\n","protected":false},"author":2,"featured_media":525,"comment_status":"open","ping_status":"open","sticky":false,"template":"","format":"standard","meta":{"footnotes":""},"categories":[8,1],"tags":[],"class_list":["post-526","post","type-post","status-publish","format-standard","has-post-thumbnail","hentry","category-arsiv","category-uncategorized"],"_links":{"self":[{"href":"https:\/\/eskigazeteci.com\/index.php?rest_route=\/wp\/v2\/posts\/526","targetHints":{"allow":["GET"]}}],"collection":[{"href":"https:\/\/eskigazeteci.com\/index.php?rest_route=\/wp\/v2\/posts"}],"about":[{"href":"https:\/\/eskigazeteci.com\/index.php?rest_route=\/wp\/v2\/types\/post"}],"author":[{"embeddable":true,"href":"https:\/\/eskigazeteci.com\/index.php?rest_route=\/wp\/v2\/users\/2"}],"replies":[{"embeddable":true,"href":"https:\/\/eskigazeteci.com\/index.php?rest_route=%2Fwp%2Fv2%2Fcomments&post=526"}],"version-history":[{"count":0,"href":"https:\/\/eskigazeteci.com\/index.php?rest_route=\/wp\/v2\/posts\/526\/revisions"}],"wp:featuredmedia":[{"embeddable":true,"href":"https:\/\/eskigazeteci.com\/index.php?rest_route=\/wp\/v2\/media\/525"}],"wp:attachment":[{"href":"https:\/\/eskigazeteci.com\/index.php?rest_route=%2Fwp%2Fv2%2Fmedia&parent=526"}],"wp:term":[{"taxonomy":"category","embeddable":true,"href":"https:\/\/eskigazeteci.com\/index.php?rest_route=%2Fwp%2Fv2%2Fcategories&post=526"},{"taxonomy":"post_tag","embeddable":true,"href":"https:\/\/eskigazeteci.com\/index.php?rest_route=%2Fwp%2Fv2%2Ftags&post=526"}],"curies":[{"name":"wp","href":"https:\/\/api.w.org\/{rel}","templated":true}]}}