{"id":522,"date":"2026-02-10T04:03:02","date_gmt":"2026-02-10T04:03:02","guid":{"rendered":"https:\/\/eskigazeteci.com\/?p=522"},"modified":"2026-02-10T04:03:02","modified_gmt":"2026-02-10T04:03:02","slug":"murat-kurum-asrin-insasini-anlatti-santiye-sefligiyle-seref-duyuyorum","status":"publish","type":"post","link":"https:\/\/eskigazeteci.com\/?p=522","title":{"rendered":"Murat Kurum \u2018Asr\u0131n \u0130n\u015fas\u0131\u2019n\u0131 anlatt\u0131: \u015eantiye \u015fefli\u011fiyle \u015feref duyuyorum"},"content":{"rendered":"<p>Bakan Kurum, panelde 6 \u015eubat\u2019ta 11 ili etkileyen depremin ard\u0131ndan ba\u015flat\u0131lan \u2018Asr\u0131n \u0130n\u015fa Seferberli\u011fi\u2019 s\u00fcrecini anlatt\u0131.<\/p>\n<p>B\u00d6YLE S\u0130YASET OLUR MU<\/p>\n<p>Bakan Kurum, Kahramanmara\u015f merkezli depremler sonras\u0131 3 bin 481 \u015fantiyede 200 bin mimar, m\u00fchendis ve i\u015f\u00e7inin 7\/24 vardiya esas\u0131yla \u00e7al\u0131\u015ft\u0131\u011f\u0131n\u0131, bu sayede T\u00fcrkiye\u2019nin saatte 23, g\u00fcnde 550 konut \u00fcretme potansiyeline ula\u015ft\u0131\u011f\u0131n\u0131 dile getirdi. Bakan Kurum, \u201cBelki de bizi en \u00e7ok yoran dezenformasyonlar oldu. \u2018H\u00fck\u00fcmet bu enkaz\u0131n alt\u0131nda kal\u0131r\u2019 diye ellerini ovu\u015fturanlar yalanlarla korku pompalad\u0131lar. Yanl\u0131\u015f bilgiler yayarak \u00e7al\u0131\u015fmalar\u0131m\u0131z\u0131 sabote ettiler. Ac\u0131y\u0131 kaosa d\u00f6n\u00fc\u015ft\u00fcr\u00fcp toplumsal fay hatlar\u0131n\u0131 harekete ge\u00e7irmeye \u00e7al\u0131\u015ft\u0131lar. Geldi\u011fimiz noktada t\u00fcm bu yalanlara, iftiralara yan\u0131t\u0131m\u0131z\u0131 dimdik ayakta duran 455 bin konutumuzla verdik. 11 ilimizde imzas\u0131n\u0131 att\u0131\u011f\u0131m\u0131z meydanlar\u0131m\u0131z, \u00e7ar\u015f\u0131lar\u0131m\u0131z, tarihi eserlerimizle bu yalanlara cevab\u0131m\u0131z\u0131 verdik. Huzurla yuvalar\u0131na giren 2 milyon vatanda\u015f\u0131m\u0131z\u0131n g\u00fclen y\u00fcz\u00fcyle cevab\u0131m\u0131z\u0131 verdik\u201d dedi.<\/p>\n<p>Bakan Kurum, CHP Genel Ba\u015fkan\u0131 \u00d6zg\u00fcr \u00d6zel\u2019in h\u00fck\u00fcmetin deprem b\u00f6lgesindeki \u00e7al\u0131\u015fmalar\u0131n\u0131 \u00f6vg\u00fcyle bahseden CHP\u2019li belediye ba\u015fkanlar\u0131 ve milletvekillerini azarlad\u0131\u011f\u0131n\u0131 da belirterek \u015funlar\u0131 s\u00f6yledi: \u201cBizim yan\u0131m\u0131za gelen belediye ba\u015fkanlar\u0131n\u0131 tehdit ediyorlar. \u2018Niye gidiyorsunuz? Niye bu \u00e7al\u0131\u015fmalardan dolay\u0131 te\u015fekk\u00fcr ediyorsunuz\u2019 diyorlar. B\u00f6yle bir siyaset olur mu? Bursa B\u00fcy\u00fck\u015fehir Belediyesi, Hatay\u2019daki Ulu Camii\u2019yi h\u00e2l\u00e2 tamamlamad\u0131. Emin olun, e\u011fer deprem b\u00f6lgesi Cumhuriyet Halk Partisi\u2019nin insaf\u0131na kalsayd\u0131 bug\u00fcn 11 ilimizin hepsi Ulu Camii gibi temel a\u015famas\u0131nda olurdu. Bize \u2018\u015eantiye \u015fefi\u2019 dediler. \u2018Sen 11 ilin \u015fantiye \u015fefi misin?\u2019 dediler. \u2018Evet \u015fantiye \u015fefiyiz\u2019 dedik. \u2018\u015eeref duyuyoruz\u2019 dedik.\u201d<\/p>\n<p>POYRAZ VE PAT\u0130\u2019YLE FOTO\u011eRAF<\/p>\n<p>Bakan Kurum ve Cumhurba\u015fkanl\u0131\u011f\u0131 \u0130leti\u015fim Ba\u015fkan\u0131 Burhanettin Duran, Kahramanmara\u015f depremleri s\u0131ras\u0131nda enkaz alt\u0131nda kalan 33 ki\u015finin yerini tespit eden Jandarma Komutanl\u0131\u011f\u0131\u2019n\u0131n arama kurtarma k\u00f6pekleri Poyraz ve Pati ile foto\u011fraf \u00e7ektirdi.<\/p>\n<p>T\u00fcrkiye g\u00fcndeminden son dakika haberleri, bug\u00fcn ya\u015fanan en son geli\u015fmeler, siyaset g\u00fcndeminden g\u00fcncel haberler ve b\u00fct\u00fcn son dakika haberleri i\u00e7in H\u00fcrriyet&#x27;in internet haber sitesi hurriyet.com.tr; Hurriyet.com.tr haber i\u00e7erikleri kaynak g\u00f6sterilmeden al\u0131nt\u0131 yap\u0131lamaz, Kanuna ayk\u0131r\u0131 ve izinsiz olarak kopyalanamaz, ba\u015fka yerde yay\u0131nlanamaz.<\/p>\n","protected":false},"excerpt":{"rendered":"<p>\u00c7EVRE, \u015eehircilik ve \u0130klim De\u011fi\u015fikli\u011fi Bakan\u0131 Murat Kurum, Cumhurba\u015fkanl\u0131\u011f\u0131 \u0130leti\u015fim Ba\u015fkanl\u0131\u011f\u0131 taraf\u0131ndan d\u00fczenlenen \u2018Asr\u0131n \u0130n\u015fas\u0131: G\u00fc\u00e7l\u00fc T\u00fcrkiye\u2019nin \u0130hya&#8230;<\/p>\n","protected":false},"author":2,"featured_media":521,"comment_status":"open","ping_status":"open","sticky":false,"template":"","format":"standard","meta":{"footnotes":""},"categories":[8,1],"tags":[],"class_list":["post-522","post","type-post","status-publish","format-standard","has-post-thumbnail","hentry","category-arsiv","category-uncategorized"],"_links":{"self":[{"href":"https:\/\/eskigazeteci.com\/index.php?rest_route=\/wp\/v2\/posts\/522","targetHints":{"allow":["GET"]}}],"collection":[{"href":"https:\/\/eskigazeteci.com\/index.php?rest_route=\/wp\/v2\/posts"}],"about":[{"href":"https:\/\/eskigazeteci.com\/index.php?rest_route=\/wp\/v2\/types\/post"}],"author":[{"embeddable":true,"href":"https:\/\/eskigazeteci.com\/index.php?rest_route=\/wp\/v2\/users\/2"}],"replies":[{"embeddable":true,"href":"https:\/\/eskigazeteci.com\/index.php?rest_route=%2Fwp%2Fv2%2Fcomments&post=522"}],"version-history":[{"count":0,"href":"https:\/\/eskigazeteci.com\/index.php?rest_route=\/wp\/v2\/posts\/522\/revisions"}],"wp:featuredmedia":[{"embeddable":true,"href":"https:\/\/eskigazeteci.com\/index.php?rest_route=\/wp\/v2\/media\/521"}],"wp:attachment":[{"href":"https:\/\/eskigazeteci.com\/index.php?rest_route=%2Fwp%2Fv2%2Fmedia&parent=522"}],"wp:term":[{"taxonomy":"category","embeddable":true,"href":"https:\/\/eskigazeteci.com\/index.php?rest_route=%2Fwp%2Fv2%2Fcategories&post=522"},{"taxonomy":"post_tag","embeddable":true,"href":"https:\/\/eskigazeteci.com\/index.php?rest_route=%2Fwp%2Fv2%2Ftags&post=522"}],"curies":[{"name":"wp","href":"https:\/\/api.w.org\/{rel}","templated":true}]}}