{"id":520,"date":"2026-02-10T04:03:00","date_gmt":"2026-02-10T04:03:00","guid":{"rendered":"https:\/\/eskigazeteci.com\/?p=520"},"modified":"2026-02-10T04:03:00","modified_gmt":"2026-02-10T04:03:00","slug":"mhpnin-57nci-yilinda-bahceliden-uyarilar","status":"publish","type":"post","link":"https:\/\/eskigazeteci.com\/?p=520","title":{"rendered":"MHP\u2019nin 57\u2019nci y\u0131l\u0131nda Bah\u00e7eli\u2019den uyar\u0131lar"},"content":{"rendered":"<p>M HP \u2019nin kurulu\u015funun 57\u2019inci y\u0131ld\u00f6n\u00fcm\u00fc, d\u00fcn ATO Congresium Kongre ve Sergi Merkezi\u2019nde kutland\u0131. Cumhurba\u015fkan\u0131 Tayyip Erdo\u011fan\u2019\u0131n da Genel Ba\u015fkan Bah\u00e7eli\u2019ye 57 g\u00fclden olu\u015fan T\u00fcrk bayra\u011f\u0131 temal\u0131 \u00f6zel bir \u00e7i\u00e7ek aranjman\u0131 g\u00f6nderdi\u011fi t\u00f6ren, \u201c\u015eanla \u015eerefle 57. Y\u0131l\u201d konseptiyle ger\u00e7ekle\u015fti. Bah\u00e7eli yapt\u0131\u011f\u0131 konu\u015fmada \u00f6zetle \u015funlar\u0131 kaydetti:<\/p>\n<p>\u201cCumhurba\u015fkan\u0131m\u0131z Say\u0131n Recep Tayyip Erdo\u011fan\u2019\u0131n g\u00f6ndermi\u015f oldu\u011fu tebrik \u00e7i\u00e7e\u011finden dolay\u0131 zat-\u0131 devletlerine te\u015fekk\u00fcr ediyorum. Dile kolay, yar\u0131m asr\u0131 yedi y\u0131l ge\u00e7en bir siyasi varl\u0131\u011f\u0131n \u015fan\u0131yla \u015ferefiyle hakk\u0131n, halk\u0131n ve hakikatin biteviye m\u00fccadelesini veriyoruz. 57 y\u0131ll\u0131k maziyi geride b\u0131rakt\u0131k. 8-9 \u015eubat 1969\u2019un Adana\u2019s\u0131nda bir kere kalkan \u00fc\u00e7 hilalimiz hamdolsun bir daha inmedi, indirmeye \u00e7al\u0131\u015fanlara da f\u0131rsat verilmedi.<\/p>\n<p>T\u00dcRK\u00c7\u00dcY\u00dcZ TURANCIYIZ<\/p>\n<p>Sahte samimiyet maskesi takan turfanda ve tufeyli milliyet\u00e7ilerin at\u0131p tutmalar\u0131, kemiksiz palavralar\u0131, kesintisiz parazitlikleri bizim nazar\u0131m\u0131zda sadece i\u00e7i bo\u015f varil g\u00fcr\u00fclt\u00fcs\u00fcn\u00fc and\u0131rmaktad\u0131r. Giden gitmi\u015ftir. Satan satm\u0131\u015ft\u0131r. D\u00f6nen d\u00f6nm\u00fc\u015ft\u00fcr. C\u00fcruf cevherden ay\u0131klanm\u0131\u015ft\u0131r. Kabuk gitse de i\u015fte \u00f6z buradad\u0131r, davas\u0131n\u0131 namus bilen inanm\u0131\u015f y\u00fcrekler buradad\u0131r, serdenge\u00e7tiler buradad\u0131r, \u00c7ankaya yoku\u015funda balam Asya\u2019n\u0131n bozkurtlar\u0131 mar\u015f\u0131n\u0131 kalpten s\u00f6yleyenler buradad\u0131r. Biz, ilk g\u00fcnk\u00fc gibi T\u00fcrk\u00e7\u00fcy\u00fcz, Turanc\u0131y\u0131z, T\u00fcrk milliyet\u00e7ileriyiz. Orada burada bizi sorgulayan siyasi dev\u015firmeler, peki siz kimsiniz?<\/p>\n<p>\u0130STERSE \u00d6MR\u00dcM\u00dcZE MAL OLSUN<\/p>\n<p>Milletimizin vicdan\u0131 birdir, dini birdir, vatan\u0131 birdir, an\u0131s\u0131 birdir, ac\u0131s\u0131 birdir. T\u00fcrk\u00fc\u2019yle, K\u00fcrd\u00fc\u2019yle T\u00fcrk milleti muzaffer ge\u00e7mi\u015fini m\u00fcstakbel gelece\u011fe emin olunuz ta\u015f\u0131yacakt\u0131r. Bu ta\u015f\u0131ma ister omuzlar\u0131m\u0131zda olsun, isterse de \u00f6mr\u00fcm\u00fcze mal olsun, mutlaka ger\u00e7ekle\u015fecektir. \u2018Ter\u00f6rs\u00fcz T\u00fcrkiye\u2019 hedefinin yakalanmas\u0131 hayat bulacakt\u0131r. Bundan sonra da Ter\u00f6rs\u00fcz B\u00f6lge hedefine vas\u0131l m\u00fcmk\u00fcn olacakt\u0131r. \u00c7\u00fcnk\u00fc T\u00fcrkiye sadece b\u00f6lgemizin de\u011fil, d\u00fcnyan\u0131n a\u011f\u0131rl\u0131k merkezidir. B\u00fct\u00fcn geli\u015fmelerin istikamet ve ibresi T\u00fcrkiye\u2019yi i\u015faret etmektedir.<\/p>\n<p>HERKES\u0130 UYARIYORUM<\/p>\n<p>Kan ba\u011f\u0131na ve soya dayal\u0131 \u0131rk\u00e7\u0131 milliyet\u00e7ilik anlay\u0131\u015f\u0131n\u0131n her \u015fekli T\u00fcrk milliyet\u00e7ili\u011fi anlay\u0131\u015f\u0131na yabanc\u0131 ve ayk\u0131r\u0131d\u0131r. Bunu arayanlar, Avrupa\u2019ya veya i\u00e7imizdeki ta\u015feron uzant\u0131lar\u0131na bakmal\u0131d\u0131r. T\u00fcrk milliyet\u00e7ili\u011fi, T\u00fcrk devletine vatanda\u015fl\u0131k ba\u011f\u0131 ile ba\u011fl\u0131 olan herkesi bir, e\u015fit ve karde\u015f g\u00f6ren, her t\u00fcrl\u00fc ayr\u0131mc\u0131l\u0131\u011f\u0131 ve d\u0131\u015flamay\u0131 reddeden birle\u015ftirici, toparlay\u0131c\u0131 ve b\u00fct\u00fcnle\u015ftirici bir fikriyatt\u0131r. 57 y\u0131l\u0131n tecr\u00fcbesi ve d\u00fc\u015f\u00fcnce zenginli\u011fiyle herkesi uyar\u0131yorum. Cumhuriyet\u2019in kurulu\u015f ilkelerini ve yap\u0131s\u0131n\u0131 tart\u0131\u015fmaya a\u00e7mak, etnik k\u00f6ken farkl\u0131l\u0131klar\u0131na dayanarak bunlar\u0131 y\u0131kmaya \u00e7al\u0131\u015fmak, devletin varl\u0131\u011f\u0131na kastetmekle e\u015fde\u011ferdir. Bunun ad\u0131 da ihanettir. T\u00fcrkiye\u2019nin milli de\u011ferlerine ve \u00e7\u0131karlar\u0131na y\u00f6nelik tehditlere kar\u015f\u0131 dik ve kararl\u0131 duru\u015f sergileyen yeg\u00e2ne siyasi irade, MHP ve Cumhur \u0130ttifak\u0131\u2019d\u0131r.<\/p>\n<p>Ter\u00f6rs\u00fcz T\u00fcrkiye hedefinin kuvveden fiile ge\u00e7mesiyle, d\u00fc\u015f\u00fcnce zemininden pratik siyasi eyleme d\u00f6n\u00fc\u015fmesiyle MHP toplumsal siyasetin merkezi oldu\u011funu ibra ve ispat etmi\u015ftir.\u201d<\/p>\n<p>MHP HUKUKUN \u00dcST\u00dcNL\u00dc\u011e\u00dcNE \u0130NANMAKTA<\/p>\n<p>&#8211; MHP Lideri Bah\u00e7eli, \u201cT\u00fcrkiye Cumhuriyeti\u2019nin temel dire\u011fi Ankara, \u00fcniter devlet yap\u0131s\u0131n\u0131n, milli devlet anlay\u0131\u015f\u0131n\u0131n, d\u00fcnyay\u0131 T\u00fcrk\u00e7e okuyu\u015fumuzun ni\u015fanesi ve nigehban\u0131d\u0131r. Uzun s\u00f6z\u00fcn k\u0131sas\u0131 T\u00fcrkiye Cumhuriyeti 1923 kurulu\u015f ruhuyla var olacakt\u0131r. G\u00fcvence MHP ve Cumhur \u0130ttifak\u0131 \u2019d\u0131r. MHP, demokrasiye g\u00f6n\u00fclden ba\u011fl\u0131d\u0131r. MHP, temel hak ve h\u00fcrriyetlere sayg\u0131 duymaktad\u0131r. MHP, hukukun \u00fcst\u00fcnl\u00fc\u011f\u00fcne inanmaktad\u0131r. MHP, din ve vicdan h\u00fcrriyetini savunmaktad\u0131r\u201d dedi.<\/p>\n<p>ERDO\u011eAN\u2019DAN AY-YILDIZLI ARANJMAN<\/p>\n<p>&#8211; Cumhurba\u015fkan\u0131 Tayyip Erdo\u011fan, MHP \u2019nin \u201857. kurulu\u015f y\u0131ld\u00f6n\u00fcm\u00fc program\u0131na \u00f6zel T\u00fcrk bayra\u011f\u0131 \u015feklinde \u00e7i\u00e7ek aranjman\u0131 g\u00f6nderdi. MHP Lideri Devlet Bah\u00e7eli , Erdo\u011fan\u2019\u0131n g\u00f6nderdi\u011fi \u2018ay y\u0131ld\u0131zl\u0131\u2019 \u00e7i\u00e7ekle poz verdi.<\/p>\n<p>T\u00fcrkiye g\u00fcndeminden son dakika haberleri, bug\u00fcn ya\u015fanan en son geli\u015fmeler, siyaset g\u00fcndeminden g\u00fcncel haberler ve b\u00fct\u00fcn son dakika haberleri i\u00e7in H\u00fcrriyet&#x27;in internet haber sitesi hurriyet.com.tr; Hurriyet.com.tr haber i\u00e7erikleri kaynak g\u00f6sterilmeden al\u0131nt\u0131 yap\u0131lamaz, Kanuna ayk\u0131r\u0131 ve izinsiz olarak kopyalanamaz, ba\u015fka yerde yay\u0131nlanamaz.<\/p>\n","protected":false},"excerpt":{"rendered":"<p>MHP Genel Ba\u015fkan\u0131 Devlet Bah\u00e7eli, partisinin 57\u2019nci kurulu\u015f y\u0131ld\u00f6n\u00fcm\u00fcnde yapt\u0131\u011f\u0131 konu\u015fmada, \u201c57 y\u0131l\u0131n tecr\u00fcbesi ve d\u00fc\u015f\u00fcnce zenginli\u011fiyle herkesi uyar\u0131yorum&#8230;.<\/p>\n","protected":false},"author":2,"featured_media":519,"comment_status":"open","ping_status":"open","sticky":false,"template":"","format":"standard","meta":{"footnotes":""},"categories":[8,1],"tags":[],"class_list":["post-520","post","type-post","status-publish","format-standard","has-post-thumbnail","hentry","category-arsiv","category-uncategorized"],"_links":{"self":[{"href":"https:\/\/eskigazeteci.com\/index.php?rest_route=\/wp\/v2\/posts\/520","targetHints":{"allow":["GET"]}}],"collection":[{"href":"https:\/\/eskigazeteci.com\/index.php?rest_route=\/wp\/v2\/posts"}],"about":[{"href":"https:\/\/eskigazeteci.com\/index.php?rest_route=\/wp\/v2\/types\/post"}],"author":[{"embeddable":true,"href":"https:\/\/eskigazeteci.com\/index.php?rest_route=\/wp\/v2\/users\/2"}],"replies":[{"embeddable":true,"href":"https:\/\/eskigazeteci.com\/index.php?rest_route=%2Fwp%2Fv2%2Fcomments&post=520"}],"version-history":[{"count":0,"href":"https:\/\/eskigazeteci.com\/index.php?rest_route=\/wp\/v2\/posts\/520\/revisions"}],"wp:featuredmedia":[{"embeddable":true,"href":"https:\/\/eskigazeteci.com\/index.php?rest_route=\/wp\/v2\/media\/519"}],"wp:attachment":[{"href":"https:\/\/eskigazeteci.com\/index.php?rest_route=%2Fwp%2Fv2%2Fmedia&parent=520"}],"wp:term":[{"taxonomy":"category","embeddable":true,"href":"https:\/\/eskigazeteci.com\/index.php?rest_route=%2Fwp%2Fv2%2Fcategories&post=520"},{"taxonomy":"post_tag","embeddable":true,"href":"https:\/\/eskigazeteci.com\/index.php?rest_route=%2Fwp%2Fv2%2Ftags&post=520"}],"curies":[{"name":"wp","href":"https:\/\/api.w.org\/{rel}","templated":true}]}}