{"id":504,"date":"2026-02-09T22:23:00","date_gmt":"2026-02-09T22:23:00","guid":{"rendered":"https:\/\/eskigazeteci.com\/?p=504"},"modified":"2026-02-09T22:23:00","modified_gmt":"2026-02-09T22:23:00","slug":"ak-parti-istanbul-il-baskanligi-istanbulda-bir-olmak-programi-duzenledi","status":"publish","type":"post","link":"https:\/\/eskigazeteci.com\/?p=504","title":{"rendered":"AK Parti \u0130stanbul \u0130l Ba\u015fkanl\u0131\u011f\u0131 \u0130stanbul&#8217;da Bir Olmak program\u0131 d\u00fczenledi"},"content":{"rendered":"<p>AK Parti \u0130stanbul \u0130l Ba\u015fkanl\u0131\u011f\u0131 taraf\u0131ndan Bah\u00e7elievler Kongre Merkezi&#x27;nde &quot;\u0130stanbul&#x27;da Bir Olmak&quot; temas\u0131yla d\u00fczenlenen programda, kongre sonras\u0131 d\u00f6nemde y\u00fcr\u00fct\u00fclen \u00e7al\u0131\u015fmalar de\u011ferlendirildi ve gelece\u011fe ili\u015fkin hedefler payla\u015f\u0131ld\u0131.<\/p>\n<p>Programa, AK Parti Kurucu \u0130l Ba\u015fkan\u0131 Alaattin B\u00fcy\u00fckkaya, milletvekilleri, belediye ba\u015fkanlar\u0131, il\u00e7e ba\u015fkanlar\u0131 ve te\u015fkilat mensuplar\u0131 kat\u0131ld\u0131.<\/p>\n<p>AK Parti \u0130stanbul \u0130l Ba\u015fkan\u0131 Abdullah \u00d6zdemir , programda yapt\u0131\u011f\u0131 konu\u015fmada, \u0130stanbul te\u015fkilatlar\u0131 olarak parolalar\u0131n\u0131n, &quot;\u0130stanbul&#x27;da bir olmak&quot; oldu\u011funu belirterek, &quot;Genel Ba\u015fkan\u0131m\u0131z, Cumhurba\u015fkan\u0131m\u0131z Recep Tayyip Erdo\u011fan&#x27;\u0131n liderli\u011finde bir olaca\u011f\u0131z, iri olaca\u011f\u0131z, diri olaca\u011f\u0131z. Hep birlikte \u0130stanbul, hep birlikte T\u00fcrkiye olaca\u011f\u0131z.&quot; dedi.<\/p>\n<p>D\u00fcnyan\u0131n ola\u011fan\u00fcst\u00fc zamanlardan ge\u00e7ti\u011fini ifade eden \u00d6zdemir, T\u00fcrkiye&#x27;nin d\u00fcnyan\u0131n b\u00fct\u00fcn \u00e7at\u0131\u015fma b\u00f6lgelerine Cumhurba\u015fkan\u0131 Erdo\u011fan&#x27;\u0131n liderli\u011finde bar\u0131\u015f ve huzur ihra\u00e7 etti\u011fini dile getirdi.<\/p>\n<p>\u00d6zdemir, \u0130stanbul te\u015fkilatlar\u0131 olarak sorumluluklar\u0131n\u0131n b\u00fcy\u00fckl\u00fc\u011f\u00fcn\u00fcn fark\u0131nda olduklar\u0131n\u0131 belirterek, genel merkez, bakanlar, milletvekilleri, belediye ba\u015fkanlar\u0131 ve t\u00fcm te\u015fkilatlarla birlikte sahada y\u00fcr\u00fctt\u00fckleri \u00e7al\u0131\u015fmalar\u0131n meyvesini vermeye ba\u015flad\u0131\u011f\u0131n\u0131 ifade etti.<\/p>\n<p>&quot;\u0130STANBUL \u0130\u00c7\u0130N \u00c7ALI\u015eMAYA B\u0130R AN B\u0130LE ARA VERMED\u0130K&quot;<\/p>\n<p>\u0130stanbul&#x27;un belediyecilik ve \u015fehir hizmetleri a\u00e7\u0131s\u0131ndan, \u00e7ok gerilere gitmeye devam etti\u011fini dile getiren \u00d6zdemir, \u015f\u00f6yle konu\u015ftu:<\/p>\n<p>&quot;CHP&#x27;li y\u00f6netim bir taun gibi, bir salg\u0131n gibi, bir \u00e7ete gibi \u015fehrimizin adeta ili\u011fini emdi. \u0130stanbul&#x27;u, \u0130stanbul&#x27;a yak\u0131\u015fmayan i\u015flerle kirletti. Biz ise il\u00e7e belediyelerimiz eliyle, h\u00fck\u00fcmetimiz eliyle, \u0130stanbul i\u00e7in \u00e7al\u0131\u015fmaya bir an bile ara vermedik. Ba\u015fta metrolar olmak \u00fczere ula\u015f\u0131m yat\u0131r\u0131mlar\u0131, kentsel d\u00f6n\u00fc\u015f\u00fcm yat\u0131r\u0131mlar\u0131, \u00e7evre yat\u0131r\u0131mlar\u0131, sa\u011fl\u0131k yat\u0131r\u0131mlar\u0131, e\u011fitim yat\u0131r\u0131mlar\u0131\u2026 \u0130stanbul i\u00e7in her alanda her t\u00fcrl\u00fc yat\u0131r\u0131m\u0131 b\u00fcy\u00fck bir g\u00f6rev \u015fuuruyla yapt\u0131k, yapmaya devam ediyoruz. Hizmette olmayanlar\u0131n nerede olduklar\u0131n\u0131 ac\u0131 bir tecr\u00fcbe olarak \u00f6\u011frendik. Sahte g\u00fcl\u00fcc\u00fckler, kamera bantlar\u0131, gizli bulu\u015fmalar\u0131n ard\u0131nda ne yatt\u0131\u011f\u0131n\u0131, iddianame ortaya \u00e7\u0131k\u0131nca, san\u0131klar\u0131n ifadelerinde, itiraf\u00e7\u0131lar\u0131n itiraflar\u0131nda g\u00f6rd\u00fck.&quot;<\/p>\n<p>\u00d6zdemir, trafik , \u0130ETT otob\u00fcslerinin yanmas\u0131, metrob\u00fcs ve toplu ula\u015f\u0131mdaki sorunlar, kentsel d\u00f6n\u00fc\u015f\u00fcmde geri kal\u0131nmas\u0131 gibi meselelerin neden olu\u015ftu\u011funun son davalarla g\u00f6r\u00fcld\u00fc\u011f\u00fcn\u00fc anlatt\u0131.<\/p>\n<p>\u0130stanbul&#x27;da reklam alanlar\u0131nda ba\u015flatt\u0131klar\u0131 kampanyan\u0131n CHP y\u00f6netiminde b\u00fcy\u00fck rahats\u0131zl\u0131\u011fa yol a\u00e7t\u0131\u011f\u0131n\u0131 ifade eden \u00d6zdemir, s\u00f6zlerini \u015f\u00f6yle s\u00fcrd\u00fcrd\u00fc:<\/p>\n<p>&quot;Ne yapal\u0131m, g\u00f6zlerimize bant m\u0131 \u00e7ekelim? \u0130stanbul &#x27;un feryad\u0131na sa\u011f\u0131r m\u0131 olal\u0131m? Do\u011fruyu s\u00f6ylemekten vaz m\u0131 ge\u00e7elim? K\u00f6r olmayaca\u011f\u0131z, sa\u011f\u0131r olmayaca\u011f\u0131z. Ger\u00e7ekleri s\u00f6ylemekten asla vaz ge\u00e7meyece\u011fiz. \u0130stanbul&#x27;a ne yapt\u0131klar\u0131n\u0131, \u0130stanbullulara bir bir anlatmaya hep birlikte devam edece\u011fiz. Her \u015fartta, her yerde, her zaman. Bu, \u0130stanbul&#x27;un \u00fczerimizdeki hakk\u0131d\u0131r. \u0130stanbul&#x27;un hakk\u0131n\u0131, \u0130stanbul&#x27;un imkanlar\u0131n\u0131 talan edenlerden s\u00f6ke s\u00f6ke alaca\u011f\u0131z.&quot;<\/p>\n<p>&quot;\u0130N\u015eALLAH BU TABLOYU \u00c7OK DAHA YUKARILARA TA\u015eIYACA\u011eIZ&quot;<\/p>\n<p>\u00d6zdemir, te\u015fkilat olarak 2026 ve takip eden y\u0131llar i\u00e7in yol haritalar\u0131n\u0131 belirlediklerini ifade ederek, daha fazla \u00e7al\u0131\u015farak ivmelerini y\u00fckselteceklerini s\u00f6yledi.<\/p>\n<p>\u0130lk somut hedeflerinin cumhurba\u015fkanl\u0131\u011f\u0131 ve milletvekilli\u011fi se\u00e7imleri, sonras\u0131nda ise \u0130BB ve il\u00e7e belediye ba\u015fkanl\u0131\u011f\u0131 se\u00e7imleri oldu\u011funu belirten \u00d6zdemir, ev ev, mahalle mahalle, il\u00e7e il\u00e7e b\u00fcy\u00fcyerek ba\u015faracaklar\u0131n\u0131 dile getirdi.<\/p>\n<p>Sunumunda, yapt\u0131rd\u0131klar\u0131 kamuoyu ara\u015ft\u0131rma sonu\u00e7lar\u0131n\u0131 payla\u015fan \u00d6zdemir, \u015funlar\u0131 kaydetti:<\/p>\n<p>&quot;G\u00f6reve geldi\u011fimizde sadece AK Parti &#x27;nin oy oran\u0131 y\u00fczde 32,6. Cumhur \u0130ttifak\u0131 ortaklar\u0131m\u0131z burada yok. \u015eu anda 36,2&#x27;ye y\u00fckselmi\u015f durumday\u0131z. \u0130nan\u0131yoruz ki ekonomik iyile\u015fme 2026&#x27;da kendisini g\u00f6sterdi\u011finde rakipsiz olan AK Partimiz aray\u0131 a\u00e7acakt\u0131r. \u0130BB anketimizde ise se\u00e7imlerden 1 y\u0131l sonra yapt\u0131\u011f\u0131m\u0131z ankette 35,5 oran\u0131nda iken g\u00fcncel durumda sadece AK Parti olarak 41,7&#x27;ye y\u00fckselmi\u015f durumday\u0131z. 2024 yerel se\u00e7imlerinde il\u00e7e belediyelerimizin oy ortalamas\u0131 46,1 iken ge\u00e7en y\u0131l 44,6&#x27;ya \u00e7\u0131kt\u0131. Yeni yapt\u0131\u011f\u0131m\u0131z ankette y\u00fczde 51,8&#x27;e geldi\u011fini g\u00f6r\u00fcyoruz. \u0130n\u015fallah bu tabloyu \u00e7ok daha yukar\u0131lara ta\u015f\u0131yaca\u011f\u0131z.&quot;<\/p>\n<p>\u00d6zdemir&#x27;in sunumunun ard\u0131ndan partililer ve y\u00f6neticiler toplu foto\u011fraf \u00e7ektirdi.<\/p>\n<p>T\u00fcrkiye g\u00fcndeminden son dakika haberleri, bug\u00fcn ya\u015fanan en son geli\u015fmeler, siyaset g\u00fcndeminden g\u00fcncel haberler ve b\u00fct\u00fcn son dakika haberleri i\u00e7in H\u00fcrriyet&#x27;in internet haber sitesi hurriyet.com.tr; Hurriyet.com.tr haber i\u00e7erikleri kaynak g\u00f6sterilmeden al\u0131nt\u0131 yap\u0131lamaz, Kanuna ayk\u0131r\u0131 ve izinsiz olarak kopyalanamaz, ba\u015fka yerde yay\u0131nlanamaz.<\/p>\n","protected":false},"excerpt":{"rendered":"<p>AK Parti \u0130stanbul \u0130l Ba\u015fkan\u0131 Abdullah \u00d6zdemir, \u0130BB anketimizde se\u00e7imlerden 1 y\u0131l sonra yapt\u0131\u011f\u0131m\u0131z ankette 35,5 oran\u0131nda iken g\u00fcncel durumda sadece AK Parti&#8230;<\/p>\n","protected":false},"author":2,"featured_media":503,"comment_status":"open","ping_status":"open","sticky":false,"template":"","format":"standard","meta":{"footnotes":""},"categories":[8,1],"tags":[],"class_list":["post-504","post","type-post","status-publish","format-standard","has-post-thumbnail","hentry","category-arsiv","category-uncategorized"],"_links":{"self":[{"href":"https:\/\/eskigazeteci.com\/index.php?rest_route=\/wp\/v2\/posts\/504","targetHints":{"allow":["GET"]}}],"collection":[{"href":"https:\/\/eskigazeteci.com\/index.php?rest_route=\/wp\/v2\/posts"}],"about":[{"href":"https:\/\/eskigazeteci.com\/index.php?rest_route=\/wp\/v2\/types\/post"}],"author":[{"embeddable":true,"href":"https:\/\/eskigazeteci.com\/index.php?rest_route=\/wp\/v2\/users\/2"}],"replies":[{"embeddable":true,"href":"https:\/\/eskigazeteci.com\/index.php?rest_route=%2Fwp%2Fv2%2Fcomments&post=504"}],"version-history":[{"count":0,"href":"https:\/\/eskigazeteci.com\/index.php?rest_route=\/wp\/v2\/posts\/504\/revisions"}],"wp:featuredmedia":[{"embeddable":true,"href":"https:\/\/eskigazeteci.com\/index.php?rest_route=\/wp\/v2\/media\/503"}],"wp:attachment":[{"href":"https:\/\/eskigazeteci.com\/index.php?rest_route=%2Fwp%2Fv2%2Fmedia&parent=504"}],"wp:term":[{"taxonomy":"category","embeddable":true,"href":"https:\/\/eskigazeteci.com\/index.php?rest_route=%2Fwp%2Fv2%2Fcategories&post=504"},{"taxonomy":"post_tag","embeddable":true,"href":"https:\/\/eskigazeteci.com\/index.php?rest_route=%2Fwp%2Fv2%2Ftags&post=504"}],"curies":[{"name":"wp","href":"https:\/\/api.w.org\/{rel}","templated":true}]}}