{"id":502,"date":"2026-02-09T22:22:59","date_gmt":"2026-02-09T22:22:59","guid":{"rendered":"https:\/\/eskigazeteci.com\/?p=502"},"modified":"2026-02-09T22:22:59","modified_gmt":"2026-02-09T22:22:59","slug":"irakta-petrol-rafinerisinde-patlama-1-olu-13-yarali","status":"publish","type":"post","link":"https:\/\/eskigazeteci.com\/?p=502","title":{"rendered":"Irak\u2019ta petrol rafinerisinde patlama: 1 \u00f6l\u00fc, 13 yaral\u0131"},"content":{"rendered":"<p>Irak \u2019\u0131n Selahaddin vilayetindeki Beyci Petrol Rafinerisi \u2019nde patlama meydana geldi. Patlaman\u0131n ard\u0131ndan rafineride yang\u0131n \u00e7\u0131kt\u0131. Irak Petrol Bakanl\u0131\u011f\u0131 taraf\u0131ndan yap\u0131lan a\u00e7\u0131klamada, yerel saatle 19.45\u2019te rafinerinin Selahaddin 2 \u00fcnitesindeki bir kompres\u00f6r\u00fcn patlad\u0131\u011f\u0131 ve ard\u0131ndan yang\u0131n \u00e7\u0131kt\u0131\u011f\u0131 belirtildi.<\/p>\n<p>A\u00e7\u0131klamada, &quot;Olayda maalesef ac\u0131 bir bilan\u00e7o ortaya \u00e7\u0131kt\u0131. 1 rafineri \u00e7al\u0131\u015fan\u0131 hayat\u0131n\u0131 kaybetti, 13 ki\u015fi ise yaraland\u0131. Yaral\u0131lar \u00e7evredeki hastanelere kald\u0131r\u0131larak tedavi alt\u0131na al\u0131nd\u0131&quot; denildi.<\/p>\n<p>A\u00e7\u0131klamada, itfaiye ekiplerinin h\u0131zl\u0131 m\u00fcdahalesiyle yang\u0131n\u0131n yerel saatle 20.00&#x27;de kontrol alt\u0131na al\u0131nd\u0131\u011f\u0131 ve 20.15 itibar\u0131yla tamamen s\u00f6nd\u00fcr\u00fcld\u00fc\u011f\u00fc bildirildi. Yang\u0131n\u0131n rutin bak\u0131m \u00e7al\u0131\u015fmalar\u0131 s\u0131ras\u0131nda \u00e7\u0131kt\u0131\u011f\u0131 belirtilen a\u00e7\u0131klamada, yang\u0131n\u0131n di\u011fer \u00fcnitelere s\u0131\u00e7ramas\u0131n\u0131n engellendi\u011fi aktar\u0131ld\u0131.<\/p>\n<p>Yurtd\u0131\u015f\u0131nda ya\u015fanan en son olaylar, d\u00fcnya g\u00fcndemine oturan d\u0131\u015f haberler, son dakika d\u00fcnya haberleri, di\u011fer d\u00fcnya \u00fclkelerinden g\u00fcncel haberler i\u00e7in T\u00fcrkiye&#x27;nin haber sitesi hurriyet.com.tr; Hurriyet.com.tr haber i\u00e7erikleri kaynak g\u00f6sterilmeden al\u0131nt\u0131 yap\u0131lamaz, Kanuna ayk\u0131r\u0131 ve izinsiz olarak kopyalanamaz, ba\u015fka yerde yay\u0131nlanamaz.<\/p>\n","protected":false},"excerpt":{"rendered":"<p>Irak\u2019\u0131n Selahaddin vilayetindeki Beyci Petrol Rafinerisi\u2019nde meydana gelen patlamada 1 ki\u015fi hayat\u0131n\u0131 kaybetti, 13 ki\u015fi de yaraland\u0131.<\/p>\n","protected":false},"author":2,"featured_media":501,"comment_status":"open","ping_status":"open","sticky":false,"template":"","format":"standard","meta":{"footnotes":""},"categories":[8,1],"tags":[],"class_list":["post-502","post","type-post","status-publish","format-standard","has-post-thumbnail","hentry","category-arsiv","category-uncategorized"],"_links":{"self":[{"href":"https:\/\/eskigazeteci.com\/index.php?rest_route=\/wp\/v2\/posts\/502","targetHints":{"allow":["GET"]}}],"collection":[{"href":"https:\/\/eskigazeteci.com\/index.php?rest_route=\/wp\/v2\/posts"}],"about":[{"href":"https:\/\/eskigazeteci.com\/index.php?rest_route=\/wp\/v2\/types\/post"}],"author":[{"embeddable":true,"href":"https:\/\/eskigazeteci.com\/index.php?rest_route=\/wp\/v2\/users\/2"}],"replies":[{"embeddable":true,"href":"https:\/\/eskigazeteci.com\/index.php?rest_route=%2Fwp%2Fv2%2Fcomments&post=502"}],"version-history":[{"count":0,"href":"https:\/\/eskigazeteci.com\/index.php?rest_route=\/wp\/v2\/posts\/502\/revisions"}],"wp:featuredmedia":[{"embeddable":true,"href":"https:\/\/eskigazeteci.com\/index.php?rest_route=\/wp\/v2\/media\/501"}],"wp:attachment":[{"href":"https:\/\/eskigazeteci.com\/index.php?rest_route=%2Fwp%2Fv2%2Fmedia&parent=502"}],"wp:term":[{"taxonomy":"category","embeddable":true,"href":"https:\/\/eskigazeteci.com\/index.php?rest_route=%2Fwp%2Fv2%2Fcategories&post=502"},{"taxonomy":"post_tag","embeddable":true,"href":"https:\/\/eskigazeteci.com\/index.php?rest_route=%2Fwp%2Fv2%2Ftags&post=502"}],"curies":[{"name":"wp","href":"https:\/\/api.w.org\/{rel}","templated":true}]}}