{"id":500,"date":"2026-02-09T22:22:57","date_gmt":"2026-02-09T22:22:57","guid":{"rendered":"https:\/\/eskigazeteci.com\/?p=500"},"modified":"2026-02-09T22:22:57","modified_gmt":"2026-02-09T22:22:57","slug":"alperen-sengun-turkiyeye-guzel-haber-vermekten-mutluluk-duyuyorum","status":"publish","type":"post","link":"https:\/\/eskigazeteci.com\/?p=500","title":{"rendered":"Alperen \u015eeng\u00fcn: &#8216;T\u00fcrkiye&#8217;ye g\u00fczel haber vermekten mutluluk duyuyorum!&#8217;"},"content":{"rendered":"<p>Houston Rockets Antreman Merkezi&#x27;nde bas\u0131n mensuplar\u0131n\u0131n sorular\u0131n\u0131 yan\u0131tlayan Alperen \u015eeng\u00fcn, \u00fcst \u00fcste ikinci kez NBA All-Star&#x27;a se\u00e7ilmesinin T\u00fcrkiye i\u00e7in \u00e7ok \u015fey ifade etti\u011fini belirtti.<\/p>\n<p>Alperen \u015eeng\u00fcn , &quot;Son d\u00f6nemde T\u00fcrkiye&#x27;de depremler oldu, \u00e7ok k\u00f6t\u00fc \u015feyler ya\u015fand\u0131. Bu y\u00fczden onlara her zaman g\u00fczel haberler vermekten mutluluk duyuyorum.&quot; ifadelerini kulland\u0131.<\/p>\n<p>\u00dclkesiyle gurur duydu\u011funu vurgulayan milli basketbolcu, &quot;T\u00fcrkiye ad\u0131n\u0131 s\u0131rt\u0131mda ta\u015f\u0131maktan gurur duyuyorum. Ve bu \u00e7ok g\u00fczel, dostum.&quot; \u015feklinde konu\u015ftu.<\/p>\n<p>Bu sezon NBA &#x27;de forma giydi\u011fi 44 ma\u00e7ta 20,8 say\u0131, 9,4 ribaunt ve 6,3 asist ortalamalar\u0131yla oynayan 23 ya\u015f\u0131ndaki basketbolcu, \u00fcst \u00fcste ikinci kez NBA All-Star&#x27;a se\u00e7ildi.<\/p>\n<p>Bu y\u0131l 13-15 \u015eubat tarihlerinde, Los Angeles Clippers&#x27;\u0131n evi Intuit Home&#x27;daki All-Star organizasyonu, yeni formatla d\u00fczenlenecek.<\/p>\n<p>T\u00fcrkiye&#x27;den ve D\u00fcnya\u2019dan son dakika haberleri, k\u00f6\u015fe yaz\u0131lar\u0131, magazinden siyasete, spordan seyahate b\u00fct\u00fcn konular\u0131n tek adresi Hurriyet.com.tr haber i\u00e7erikleri izin al\u0131nmadan, kaynak g\u00f6sterilerek dahi iktibas edilemez. Kanuna ayk\u0131r\u0131 ve izinsiz olarak kopyalanamaz, ba\u015fka yerde yay\u0131nlanamaz.<\/p>\n","protected":false},"excerpt":{"rendered":"<p>Amerikan Basketbol Ligi (NBA) tak\u0131mlar\u0131ndan Houston Rockets&#8217;ta forma giyen Alperen \u015eeng\u00fcn, T\u00fcrkiye&#8217;ye g\u00fczel haberler vermekten mutluluk duydu\u011funu s\u00f6yledi.<\/p>\n","protected":false},"author":2,"featured_media":499,"comment_status":"open","ping_status":"open","sticky":false,"template":"","format":"standard","meta":{"footnotes":""},"categories":[8,1],"tags":[],"class_list":["post-500","post","type-post","status-publish","format-standard","has-post-thumbnail","hentry","category-arsiv","category-uncategorized"],"_links":{"self":[{"href":"https:\/\/eskigazeteci.com\/index.php?rest_route=\/wp\/v2\/posts\/500","targetHints":{"allow":["GET"]}}],"collection":[{"href":"https:\/\/eskigazeteci.com\/index.php?rest_route=\/wp\/v2\/posts"}],"about":[{"href":"https:\/\/eskigazeteci.com\/index.php?rest_route=\/wp\/v2\/types\/post"}],"author":[{"embeddable":true,"href":"https:\/\/eskigazeteci.com\/index.php?rest_route=\/wp\/v2\/users\/2"}],"replies":[{"embeddable":true,"href":"https:\/\/eskigazeteci.com\/index.php?rest_route=%2Fwp%2Fv2%2Fcomments&post=500"}],"version-history":[{"count":0,"href":"https:\/\/eskigazeteci.com\/index.php?rest_route=\/wp\/v2\/posts\/500\/revisions"}],"wp:featuredmedia":[{"embeddable":true,"href":"https:\/\/eskigazeteci.com\/index.php?rest_route=\/wp\/v2\/media\/499"}],"wp:attachment":[{"href":"https:\/\/eskigazeteci.com\/index.php?rest_route=%2Fwp%2Fv2%2Fmedia&parent=500"}],"wp:term":[{"taxonomy":"category","embeddable":true,"href":"https:\/\/eskigazeteci.com\/index.php?rest_route=%2Fwp%2Fv2%2Fcategories&post=500"},{"taxonomy":"post_tag","embeddable":true,"href":"https:\/\/eskigazeteci.com\/index.php?rest_route=%2Fwp%2Fv2%2Ftags&post=500"}],"curies":[{"name":"wp","href":"https:\/\/api.w.org\/{rel}","templated":true}]}}