{"id":50,"date":"2026-02-06T10:31:56","date_gmt":"2026-02-06T10:31:56","guid":{"rendered":"https:\/\/eskigazeteci.com\/?p=50"},"modified":"2026-02-06T10:31:56","modified_gmt":"2026-02-06T10:31:56","slug":"haber","status":"publish","type":"post","link":"https:\/\/eskigazeteci.com\/?p=50","title":{"rendered":"Haber"},"content":{"rendered":"<p>\u0130\u015e\u0130 SICAK TUTUYORUZ<\/p>\n<p>\u201c(\u0130ran-ABD gerginli\u011finin ba\u015flamas\u0131ndan sonra \u0130ran Cumhurba\u015fkan\u0131 Mesud Peze\u015fkiyan ve ABD Ba\u015fkan\u0131 Donald Trump ile g\u00f6r\u00fc\u015fmeleri) \u00d6ncelikle Amerika ve \u0130ran aras\u0131ndaki gerilimin b\u00f6lgeyi yeni bir \u00e7at\u0131\u015fmaya, kaosa s\u00fcr\u00fcklemeden d\u00fc\u015f\u00fcr\u00fclmesi i\u00e7in elimizden geleni yap\u0131yoruz. Onun i\u00e7in de biliyorsunuz ABD Ba\u015fkan\u0131 Donald Trump ile g\u00f6r\u00fc\u015fmem oldu ve \u0130ran Cumhurba\u015fkan\u0131 Mesud Peze\u015fkiyan ile hemen ertesi g\u00fcn g\u00f6r\u00fc\u015ft\u00fcm. \u0130ran D\u0131\u015fi\u015fleri Bakan\u0131 Abbas Arak\u00e7i ile de \u0130stanbul\u2019da D\u0131\u015fi\u015fleri Bakan\u0131mla beraber \u00fc\u00e7l\u00fc bir g\u00f6r\u00fc\u015fme yapt\u0131k. \u0130\u015fi s\u0131cak tutuyoruz. \u0130ran\u2019a askeri m\u00fcdahaleye kar\u015f\u0131 oldu\u011fumuzu net \u015fekilde ortaya koyduk ve bunu muhataplar\u0131m\u0131za ilettik. \u015eu ana kadar taraflar\u0131n diplomasiye alan a\u00e7mak istedi\u011fini g\u00f6r\u00fcyorum. Askeri gerilim bu kadar artm\u0131\u015fken m\u00fczakere masas\u0131n\u0131n bir \u015fekilde kurulacak olmas\u0131 da \u00f6nemlidir. Umar\u0131z sorunlar diyalog yoluyla \u00e7\u00f6z\u00fcl\u00fcr ve b\u00f6lgemizde yeni bir \u00e7at\u0131\u015fma ba\u015f g\u00f6stermez.<\/p>\n<p>ATE\u015e \u00c7EMBER\u0130NDEN SIYRILMANIN VAKT\u0130 \u00c7OKTAN GELM\u0130\u015eT\u0130R<\/p>\n<p>(K\u00f6rfez \u00fclkelerinin \u0130ran\u2019a yakla\u015f\u0131mlar\u0131 biraz daha Amerikan yanl\u0131s\u0131 gibiydi daha \u00f6nceki y\u0131llarda. \u015eimdi T\u00fcrkiye\u2019nin politikalar\u0131na yak\u0131n gibi duruyorlar) Her \u015feyden \u00f6nce biz b\u00f6lgemizde yeni bir sava\u015f istemiyoruz. Suudi Arabistan da tabii ki bu b\u00f6lgedeki \u00e7at\u0131\u015fmalardan etkileniyor. Onlar da b\u00f6lgemizde huzurun, bar\u0131\u015f\u0131n ve sa\u011fduyunun h\u00e2kim olmas\u0131n\u0131 istiyor. Hassasiyetlerimiz genel manada \u00f6rt\u00fc\u015f\u00fcyor. Herkes biliyor ki; b\u00f6lgemizde tam anlam\u0131yla tesis edilecek huzur, bar\u0131\u015f ve istikrar hepimize kazand\u0131r\u0131r. \u00c7at\u0131\u015fmalar\u0131n, kan\u0131n, g\u00f6zya\u015f\u0131n\u0131n h\u00e2kim oldu\u011fu bir co\u011frafyada ise kesinlikle herkes kaybeder. Bu nedenle hepimizin bar\u0131\u015f\u0131n taraf\u0131nda yer almas\u0131, en ak\u0131lc\u0131 se\u00e7enektir. B\u00f6lge \u00fclkelerinin son y\u0131llarda ya\u015fanan \u00e7at\u0131\u015fmal\u0131 s\u00fcre\u00e7lerden, bunu net bir \u015fekilde g\u00f6rd\u00fc\u011f\u00fcn\u00fc ve bizim duru\u015fumuzu desteklediklerini de d\u00fc\u015f\u00fcn\u00fcyorum. Art\u0131k, etraf\u0131m\u0131z\u0131 saran ate\u015f \u00e7emberinden s\u0131yr\u0131lman\u0131n, yanan ate\u015fleri s\u00f6nd\u00fcrmenin, vakti \u00e7oktan gelmi\u015ftir. Sa\u011fduyu burada ortak paydad\u0131r. Bu meseleye sadece askeri pencereden bakmak, b\u00f6lgeyi felakete g\u00f6t\u00fcr\u00fcr. Ate\u015fi daha fazla harlaman\u0131n kimseye faydas\u0131 olmaz. B\u00f6lgemiz kana, g\u00f6zya\u015f\u0131na, sava\u015flara doymu\u015ftur.<\/p>\n<p>(T\u00fcrkiye, Gazze bar\u0131\u015f plan\u0131n\u0131n uygulanmas\u0131nda nas\u0131l bir rol \u00fcstlenecek) T\u00fcrkiye, Gazze bar\u0131\u015f plan\u0131n\u0131n olmas\u0131 gerekti\u011fi gibi i\u015fletilmesi ve Gazze\u2019de huzurun, istikrar\u0131n yeniden tesis edilmesi i\u00e7in etkin bir rol oynayacakt\u0131r. Biz, Gazze\u2019de Filistinli karde\u015flerimizin hak ettikleri onurlu bir gelece\u011fe ve kal\u0131c\u0131 bir bar\u0131\u015fa ula\u015fmas\u0131n\u0131 istiyoruz. Bar\u0131\u015f\u0131, ka\u011f\u0131t \u00fczerinde de\u011fil, sahada tesis etmekten yanay\u0131z. Gazze\u2019de ya\u015fanan zul\u00fcmlere, soyk\u0131r\u0131ma varan uygulamalara, a\u00e7l\u0131\u011f\u0131n silah olarak kullan\u0131lmas\u0131na kar\u015f\u0131 olmak i\u00e7in, M\u00fcsl\u00fcman olmak gerekmez. Bizim duru\u015fumuz, \u00f6ncelikle insanl\u0131\u011f\u0131n temel de\u011ferlerini muhafazad\u0131r. Ate\u015fkes, insani yard\u0131m ve sivillerin korunmas\u0131 i\u00e7in at\u0131lacak ad\u0131mlar\u0131n bir an \u00f6nce hayata ge\u00e7irilmesi gerekiyor. T\u00fcrkiye bunlar\u0131 sa\u011flamak i\u00e7in b\u00fcy\u00fck bir \u00e7aba g\u00f6steriyor.<\/p>\n<p>(Gazze meselesinde \u00e7\u00f6z\u00fcm i\u00e7in aray\u0131\u015flarda M\u0131s\u0131r\u2019\u0131n yakla\u015f\u0131mlar\u0131 T\u00fcrkiye\u2019nin g\u00f6r\u00fc\u015fleriyle \u00f6rt\u00fc\u015f\u00fcyor mu?) M\u0131s\u0131r, Gazze\u2019deki zulm\u00fcn etkilerini en yak\u0131ndan hisseden \u00fclkelerden biri. M\u0131s\u0131r\u2019\u0131n da Gazze ve Filistin meselesinin daha fazla derinle\u015fmesini istemedi\u011fini g\u00f6rd\u00fck ve bunu biliyoruz. B\u00f6lgenin yeni bir yang\u0131n\u0131 kald\u0131racak hali yok. Bunu M\u0131s\u0131r y\u00f6netimi de \u00e7ok iyi g\u00f6r\u00fcyor. \u0130srail\u2019in b\u00f6lgede y\u0131llard\u0131r olu\u015fturdu\u011fu sistematik istikrars\u0131zl\u0131k, M\u0131s\u0131r\u2019\u0131 da s\u00fcre\u00e7 i\u00e7erisinde y\u0131pratt\u0131. Bu \u00e7at\u0131\u015fmalar\u0131n sona ermesini, Filistin\u2019in huzura kavu\u015fmas\u0131n\u0131 bizim kadar M\u0131s\u0131r da istiyor. M\u0131s\u0131r\u2019\u0131n bulundu\u011fu yer kritik. Hem co\u011frafi konumu, hem tarihi sorumlulu\u011fu itibar\u0131yla Gazze\u2019nin kaderinde \u00f6nemli bir akt\u00f6r. Bu nedenlerle Gazze\u2019de ve b\u00fct\u00fcn Filistin\u2019de istikrar\u0131n sa\u011flanmas\u0131, M\u0131s\u0131r\u2019\u0131n da \u00e7\u0131kar\u0131nad\u0131r. Gazze\u2019ye Refah\u2019tan insani yard\u0131mlar\u0131n giri\u015fi ve yard\u0131mlar\u0131n organizasyonu i\u00e7in ortaya koyduklar\u0131 gayret takdire \u015fayand\u0131r.<\/p>\n<p>YANLI\u015e HESAP HEM \u015eAM\u2019DAN HEM ANKARA\u2019DAN D\u00d6NM\u00dc\u015eT\u00dcR<\/p>\n<p>(Suriye\u2019deki son geli\u015fmeler, T\u00fcrkiye\u2019deki \u2018Ter\u00f6rs\u00fcz T\u00fcrkiye\u2019 projesinde yeni bir ivmelenmeyi getirebilir mi? Bu anlamda Meclis\u2019e bir \u00e7a\u011fr\u0131n\u0131z olur mu?) Suriye\u2019nin kuzeyinde istikrar\u0131n ve huzurun tesisi, bizi do\u011frudan ilgilendiriyor. Kom\u015fumuzun tek devlet, tek ordu, tek Suriye anlay\u0131\u015f\u0131 ile b\u00fct\u00fcnle\u015fmesi bizim en b\u00fcy\u00fck arzumuzdur. \u201cSDG\u201d denilen yap\u0131n\u0131n imzalad\u0131\u011f\u0131 anla\u015fmalara uymas\u0131, Suriye\u2019deki bar\u0131\u015f iklimini g\u00fc\u00e7lendirecek ve kal\u0131c\u0131 istikrar\u0131 kolayla\u015ft\u0131racakt\u0131r. Kimse \u00e7at\u0131\u015fmalar\u0131 k\u00f6r\u00fcklemeyi, gerilimi t\u0131rmand\u0131rmay\u0131, zamana oynamay\u0131 akl\u0131n\u0131n ucundan bile ge\u00e7irmemeli. Yanl\u0131\u015f hesap bug\u00fcne kadar hem \u015eam\u2019dan hem de Ankara\u2019dan d\u00f6nm\u00fc\u015ft\u00fcr. Ku\u015fkusuz yine d\u00f6necektir. Biz, t\u00fcm renkleriyle bir, b\u00fct\u00fcn, g\u00fc\u00e7l\u00fc, huzurlu bir Suriye\u2019den yanay\u0131z. Suriye\u2019nin yan\u0131nday\u0131z. K\u00fcrt, Arap, T\u00fcrkmen, Nusayri demeden herkesi muhabbetle kucakl\u0131yoruz. Suriye halk\u0131 bizim dostumuz ve karde\u015fimizdir. Bizim sorunumuz ter\u00f6rledir. Ayr\u0131l\u0131k\u00e7\u0131 emellerine ula\u015fmak i\u00e7in ter\u00f6r\u00fc bir yol ve y\u00f6ntem olarak kullananlarlad\u0131r. Suriye\u2019nin kuzeyindeki sorunun \u00e7\u00f6z\u00fclmesiyle \u201cTer\u00f6rs\u00fcz T\u00fcrkiye\u201d s\u00fcrecinin y\u00fck\u00fc de hafiflemi\u015f oldu. Meclis\u2019teki komisyon, ortak raporunu tekemm\u00fcl ettirmek \u00fczere. Temennimiz rapora, uzla\u015f\u0131n\u0131n ve s\u00fcrece dinamizm kazand\u0131racak bir bak\u0131\u015f a\u00e7\u0131s\u0131n\u0131n damga vurmas\u0131<\/p>\n<p>DEPREM TUR\u0130STLER\u0130 HAREKETLENM\u0130\u015e<\/p>\n<p>\u201c(6 \u015eubat depremlerinin \u00fc\u00e7\u00fcnc\u00fc y\u0131l\u0131 ve muhalefetin ele\u015ftirileri) Anla\u015f\u0131lan asr\u0131n felaketinin y\u0131l d\u00f6n\u00fcm\u00fc yakla\u015f\u0131yor diye, deprem turistleri yine hareketlenmi\u015f vaziyette. Gittikleri, gezdikleri yerlerde yap\u0131lanlar\u0131 g\u00f6rmezden gelmekse, en b\u00fcy\u00fck maharetleri. Alemi k\u00f6r, milleti sersem sanan bir muhalefet anlay\u0131\u015f\u0131yla kar\u015f\u0131 kar\u015f\u0131yay\u0131z. Onlara kalsa, milletimiz hala a\u00e7\u0131ktayd\u0131. Onlara kalsa, deprem b\u00f6lgesindeki insanlar\u0131m\u0131z yuvalar\u0131na kavu\u015fmam\u0131\u015ft\u0131. Onlara kalsa, deprem b\u00f6lgesinde derin bir insanl\u0131k dram\u0131 ya\u015fan\u0131yor olacakt\u0131. Neyse ki milletimiz, yakla\u015fan siyasi tehlikeyi g\u00f6rd\u00fc ve onlar\u0131 kenarda tuttu. Muhalefet ilk g\u00fcnden itibaren \u201cyapamazlar, bitiremezler, enkaz\u0131n alt\u0131nda kal\u0131rlar\u201d diyerek ya\u015fanan felaketten rant dev\u015firmeye kalk\u0131\u015ft\u0131. Y\u00f6nettikleri baz\u0131 b\u00fcy\u00fck\u015fehirlerde deprem gibi b\u00fcy\u00fck bir felaket ya\u015fanmam\u0131\u015fken, milleti bir yudum suya, temel belediyecilik hizmetlerine muhta\u00e7 edenler, yolsuzluklara, t\u00fcrl\u00fc \u00e7e\u015fit h\u0131rs\u0131zl\u0131klara kol kanat gerenler 11 ili d\u00f6rt ba\u015f\u0131 mamur bir \u015fekilde yeniden in\u015fa eden bir iktidara laf s\u00f6yleyebiliyor.<\/p>\n<p>455 B\u0130N KONUT K\u00dc\u00c7\u00dcK B\u0130R \u00dcLKE KURMAK DEMEK<\/p>\n<p>\u201c455 bin konut demek, s\u0131radan bir \u015fey de\u011fil, k\u00fc\u00e7\u00fck bir \u00fclke kurmak demektir. Bunu d\u00fcnyada bizim d\u0131\u015f\u0131m\u0131zda bu kadar k\u0131sa s\u00fcrede ba\u015farabilecek ikinci bir devlet yok. Bizim yapt\u0131klar\u0131m\u0131z g\u00fcn gibi ortadad\u0131r. Bunca y\u0131l, eser ve hizmet \u00fcrettik ve onlarla konu\u015ftuk. Muhalefetten fark\u0131m\u0131z budur. Y\u0131llard\u0131r milletimize, \u00fclkemizdeki muhalefet sorununu anlatam\u0131yoruz. Al\u0131\u015fk\u0131n\u0131z bunlara. \u00c7\u00fcnk\u00fc ger\u00e7e\u011fi g\u00f6remez, hakikati s\u00f6yleyemez, do\u011fruyu duyamazlar. \u0130n\u015fallah Osmaniye\u2019de bir kez daha milletimizle kucakla\u015facak, onlara verdi\u011fimiz s\u00f6zleri tutmu\u015f olman\u0131n rahatl\u0131\u011f\u0131yla hasbihal edece\u011fiz.\u201d<\/p>\n<p>T\u00fcrkiye g\u00fcndeminden son dakika haberleri, bug\u00fcn ya\u015fanan en son geli\u015fmeler, siyaset g\u00fcndeminden g\u00fcncel haberler ve b\u00fct\u00fcn son dakika haberleri i\u00e7in H\u00fcrriyet&#x27;in internet haber sitesi hurriyet.com.tr; Hurriyet.com.tr haber i\u00e7erikleri kaynak g\u00f6sterilmeden al\u0131nt\u0131 yap\u0131lamaz, Kanuna ayk\u0131r\u0131 ve izinsiz olarak kopyalanamaz, ba\u015fka yerde yay\u0131nlanamaz.<\/p>\n","protected":false},"excerpt":{"rendered":"<p>Cumhurba\u015fkan\u0131 Tayyip Erdo\u011fan \u201cAmerika ve \u0130ran geriliminin b\u00f6lgeyi yeni bir \u00e7at\u0131\u015fmaya, kaosa s\u00fcr\u00fcklemeden d\u00fc\u015f\u00fcr\u00fclmesi i\u00e7in elimizden geleni yap\u0131yoruz&#8230;.<\/p>\n","protected":false},"author":2,"featured_media":49,"comment_status":"open","ping_status":"open","sticky":false,"template":"","format":"standard","meta":{"footnotes":""},"categories":[8,3],"tags":[],"class_list":["post-50","post","type-post","status-publish","format-standard","has-post-thumbnail","hentry","category-arsiv","category-siyaset"],"_links":{"self":[{"href":"https:\/\/eskigazeteci.com\/index.php?rest_route=\/wp\/v2\/posts\/50","targetHints":{"allow":["GET"]}}],"collection":[{"href":"https:\/\/eskigazeteci.com\/index.php?rest_route=\/wp\/v2\/posts"}],"about":[{"href":"https:\/\/eskigazeteci.com\/index.php?rest_route=\/wp\/v2\/types\/post"}],"author":[{"embeddable":true,"href":"https:\/\/eskigazeteci.com\/index.php?rest_route=\/wp\/v2\/users\/2"}],"replies":[{"embeddable":true,"href":"https:\/\/eskigazeteci.com\/index.php?rest_route=%2Fwp%2Fv2%2Fcomments&post=50"}],"version-history":[{"count":0,"href":"https:\/\/eskigazeteci.com\/index.php?rest_route=\/wp\/v2\/posts\/50\/revisions"}],"wp:featuredmedia":[{"embeddable":true,"href":"https:\/\/eskigazeteci.com\/index.php?rest_route=\/wp\/v2\/media\/49"}],"wp:attachment":[{"href":"https:\/\/eskigazeteci.com\/index.php?rest_route=%2Fwp%2Fv2%2Fmedia&parent=50"}],"wp:term":[{"taxonomy":"category","embeddable":true,"href":"https:\/\/eskigazeteci.com\/index.php?rest_route=%2Fwp%2Fv2%2Fcategories&post=50"},{"taxonomy":"post_tag","embeddable":true,"href":"https:\/\/eskigazeteci.com\/index.php?rest_route=%2Fwp%2Fv2%2Ftags&post=50"}],"curies":[{"name":"wp","href":"https:\/\/api.w.org\/{rel}","templated":true}]}}