{"id":498,"date":"2026-02-09T22:22:56","date_gmt":"2026-02-09T22:22:56","guid":{"rendered":"https:\/\/eskigazeteci.com\/?p=498"},"modified":"2026-02-09T22:22:56","modified_gmt":"2026-02-09T22:22:56","slug":"bugun-resmi-gazete-kararlari","status":"publish","type":"post","link":"https:\/\/eskigazeteci.com\/?p=498","title":{"rendered":"Bug\u00fcn Resmi Gazete kararlar\u0131"},"content":{"rendered":"<p>Bug\u00fcn Resmi Gazete kararlar\u0131 belli oldu. Vatanda\u015flar\u0131n yak\u0131ndan takip etti\u011fi Resmi Gazete&#x27;de bug\u00fcn T\u00fcrkiye Geleneksel ve Tamamlay\u0131c\u0131 T\u0131p Enstit\u00fcs\u00fcn\u00fcn Yap\u0131lanmas\u0131 ve Faaliyetlerinin Y\u00fcr\u00fct\u00fclmesine Dair Y\u00f6netmelik, Adnan Menderes \u00dcniversitesi Deve Yeti\u015ftiricili\u011fi ve Devecilik K\u00fclt\u00fcr\u00fc Uygulama ve Ara\u015ft\u0131rma Merkezi Y\u00f6netmeli\u011finin Y\u00fcr\u00fcrl\u00fckten Kald\u0131r\u0131lmas\u0131na Dair Y\u00f6netmelik yer ald\u0131. Ayr\u0131ca K\u00fclt\u00fcr ve Turizm Bakanl\u0131\u011f\u0131 Atat\u00fcrk K\u00fclt\u00fcr, Dil ve Tarih Y\u00fcksek Kurumu s\u00f6zle\u015fmeli personel al\u0131m\u0131 ilan\u0131 yay\u0131nland\u0131. 7 Ekim 1920 g\u00fcn\u00fc kurulan ve 7 \u015eubat 1921 tarihinden itibaren \u00e7\u0131kmaya ba\u015flayan Resmi Gazete kapsam\u0131nda meclis ve cumhurba\u015fkan\u0131 taraf\u0131ndan \u00e7\u0131kar\u0131lan yasa, kararname, y\u00f6netmelik, genelge gibi kararlar halkla payla\u015f\u0131l\u0131yor. \u0130\u015fte, 10 \u015eubat 2026 Resmi Gazete atamalar\u0131 ve ayr\u0131nt\u0131lar.<\/p>\n<p>Y\u00dcR\u00dcTME VE \u0130DARE B\u00d6L\u00dcM\u00dc Y\u00d6NETMEL\u0130KLER \u2013\u2013 T\u00fcrkiye Geleneksel ve Tamamlay\u0131c\u0131 T\u0131p Enstit\u00fcs\u00fcn\u00fcn Yap\u0131lanmas\u0131 ve Faaliyetlerinin Y\u00fcr\u00fct\u00fclmesine Dair Y\u00f6netmelik \u2013\u2013 Adnan Menderes \u00dcniversitesi Deve Yeti\u015ftiricili\u011fi ve Devecilik K\u00fclt\u00fcr\u00fc Uygulama ve Ara\u015ft\u0131rma Merkezi Y\u00f6netmeli\u011finin Y\u00fcr\u00fcrl\u00fckten Kald\u0131r\u0131lmas\u0131na Dair Y\u00f6netmelik TEBL\u0130\u011e \u2013\u2013 Muhasebat Genel M\u00fcd\u00fcrl\u00fc\u011f\u00fc Genel Tebli\u011fi (S\u0131ra No: 98) (Amortisman, T\u00fckenme Pay\u0131 ve De\u011fer D\u00fc\u015f\u00fckl\u00fc\u011f\u00fc)<\/p>\n<p>Y\u00dcR\u00dcTME VE \u0130DARE B\u00d6L\u00dcM\u00dc Y\u00d6NETMEL\u0130KLER \u2013\u2013 T\u00fcrkiye Geleneksel ve Tamamlay\u0131c\u0131 T\u0131p Enstit\u00fcs\u00fcn\u00fcn Yap\u0131lanmas\u0131 ve Faaliyetlerinin Y\u00fcr\u00fct\u00fclmesine Dair Y\u00f6netmelik \u2013\u2013 Adnan Menderes \u00dcniversitesi Deve Yeti\u015ftiricili\u011fi ve Devecilik K\u00fclt\u00fcr\u00fc Uygulama ve Ara\u015ft\u0131rma Merkezi Y\u00f6netmeli\u011finin Y\u00fcr\u00fcrl\u00fckten Kald\u0131r\u0131lmas\u0131na Dair Y\u00f6netmelik TEBL\u0130\u011e \u2013\u2013 Muhasebat Genel M\u00fcd\u00fcrl\u00fc\u011f\u00fc Genel Tebli\u011fi (S\u0131ra No: 98) (Amortisman, T\u00fckenme Pay\u0131 ve De\u011fer D\u00fc\u015f\u00fckl\u00fc\u011f\u00fc)<\/p>\n<p>Y\u00d6NETMEL\u0130KLER \u2013\u2013 T\u00fcrkiye Geleneksel ve Tamamlay\u0131c\u0131 T\u0131p Enstit\u00fcs\u00fcn\u00fcn Yap\u0131lanmas\u0131 ve Faaliyetlerinin Y\u00fcr\u00fct\u00fclmesine Dair Y\u00f6netmelik \u2013\u2013 Adnan Menderes \u00dcniversitesi Deve Yeti\u015ftiricili\u011fi ve Devecilik K\u00fclt\u00fcr\u00fc Uygulama ve Ara\u015ft\u0131rma Merkezi Y\u00f6netmeli\u011finin Y\u00fcr\u00fcrl\u00fckten Kald\u0131r\u0131lmas\u0131na Dair Y\u00f6netmelik TEBL\u0130\u011e \u2013\u2013 Muhasebat Genel M\u00fcd\u00fcrl\u00fc\u011f\u00fc Genel Tebli\u011fi (S\u0131ra No: 98) (Amortisman, T\u00fckenme Pay\u0131 ve De\u011fer D\u00fc\u015f\u00fckl\u00fc\u011f\u00fc)<\/p>\n<p>Y\u00d6NETMEL\u0130KLER \u2013\u2013 T\u00fcrkiye Geleneksel ve Tamamlay\u0131c\u0131 T\u0131p Enstit\u00fcs\u00fcn\u00fcn Yap\u0131lanmas\u0131 ve Faaliyetlerinin Y\u00fcr\u00fct\u00fclmesine Dair Y\u00f6netmelik \u2013\u2013 Adnan Menderes \u00dcniversitesi Deve Yeti\u015ftiricili\u011fi ve Devecilik K\u00fclt\u00fcr\u00fc Uygulama ve Ara\u015ft\u0131rma Merkezi Y\u00f6netmeli\u011finin Y\u00fcr\u00fcrl\u00fckten Kald\u0131r\u0131lmas\u0131na Dair Y\u00f6netmelik TEBL\u0130\u011e \u2013\u2013 Muhasebat Genel M\u00fcd\u00fcrl\u00fc\u011f\u00fc Genel Tebli\u011fi (S\u0131ra No: 98) (Amortisman, T\u00fckenme Pay\u0131 ve De\u011fer D\u00fc\u015f\u00fckl\u00fc\u011f\u00fc)<\/p>\n<p>\u2013\u2013 T\u00fcrkiye Geleneksel ve Tamamlay\u0131c\u0131 T\u0131p Enstit\u00fcs\u00fcn\u00fcn Yap\u0131lanmas\u0131 ve Faaliyetlerinin Y\u00fcr\u00fct\u00fclmesine Dair Y\u00f6netmelik \u2013\u2013 Adnan Menderes \u00dcniversitesi Deve Yeti\u015ftiricili\u011fi ve Devecilik K\u00fclt\u00fcr\u00fc Uygulama ve Ara\u015ft\u0131rma Merkezi Y\u00f6netmeli\u011finin Y\u00fcr\u00fcrl\u00fckten Kald\u0131r\u0131lmas\u0131na Dair Y\u00f6netmelik TEBL\u0130\u011e \u2013\u2013 Muhasebat Genel M\u00fcd\u00fcrl\u00fc\u011f\u00fc Genel Tebli\u011fi (S\u0131ra No: 98) (Amortisman, T\u00fckenme Pay\u0131 ve De\u011fer D\u00fc\u015f\u00fckl\u00fc\u011f\u00fc)<\/p>\n<p>\u2013\u2013 T\u00fcrkiye Geleneksel ve Tamamlay\u0131c\u0131 T\u0131p Enstit\u00fcs\u00fcn\u00fcn Yap\u0131lanmas\u0131 ve Faaliyetlerinin Y\u00fcr\u00fct\u00fclmesine Dair Y\u00f6netmelik \u2013\u2013 Adnan Menderes \u00dcniversitesi Deve Yeti\u015ftiricili\u011fi ve Devecilik K\u00fclt\u00fcr\u00fc Uygulama ve Ara\u015ft\u0131rma Merkezi Y\u00f6netmeli\u011finin Y\u00fcr\u00fcrl\u00fckten Kald\u0131r\u0131lmas\u0131na Dair Y\u00f6netmelik TEBL\u0130\u011e \u2013\u2013 Muhasebat Genel M\u00fcd\u00fcrl\u00fc\u011f\u00fc Genel Tebli\u011fi (S\u0131ra No: 98) (Amortisman, T\u00fckenme Pay\u0131 ve De\u011fer D\u00fc\u015f\u00fckl\u00fc\u011f\u00fc)<\/p>\n<p>\u2013\u2013 Adnan Menderes \u00dcniversitesi Deve Yeti\u015ftiricili\u011fi ve Devecilik K\u00fclt\u00fcr\u00fc Uygulama ve Ara\u015ft\u0131rma Merkezi Y\u00f6netmeli\u011finin Y\u00fcr\u00fcrl\u00fckten Kald\u0131r\u0131lmas\u0131na Dair Y\u00f6netmelik TEBL\u0130\u011e \u2013\u2013 Muhasebat Genel M\u00fcd\u00fcrl\u00fc\u011f\u00fc Genel Tebli\u011fi (S\u0131ra No: 98) (Amortisman, T\u00fckenme Pay\u0131 ve De\u011fer D\u00fc\u015f\u00fckl\u00fc\u011f\u00fc)<\/p>\n<p>\u2013\u2013 Adnan Menderes \u00dcniversitesi Deve Yeti\u015ftiricili\u011fi ve Devecilik K\u00fclt\u00fcr\u00fc Uygulama ve Ara\u015ft\u0131rma Merkezi Y\u00f6netmeli\u011finin Y\u00fcr\u00fcrl\u00fckten Kald\u0131r\u0131lmas\u0131na Dair Y\u00f6netmelik TEBL\u0130\u011e \u2013\u2013 Muhasebat Genel M\u00fcd\u00fcrl\u00fc\u011f\u00fc Genel Tebli\u011fi (S\u0131ra No: 98) (Amortisman, T\u00fckenme Pay\u0131 ve De\u011fer D\u00fc\u015f\u00fckl\u00fc\u011f\u00fc)<\/p>\n<p>TEBL\u0130\u011e \u2013\u2013 Muhasebat Genel M\u00fcd\u00fcrl\u00fc\u011f\u00fc Genel Tebli\u011fi (S\u0131ra No: 98) (Amortisman, T\u00fckenme Pay\u0131 ve De\u011fer D\u00fc\u015f\u00fckl\u00fc\u011f\u00fc)<\/p>\n<p>TEBL\u0130\u011e \u2013\u2013 Muhasebat Genel M\u00fcd\u00fcrl\u00fc\u011f\u00fc Genel Tebli\u011fi (S\u0131ra No: 98) (Amortisman, T\u00fckenme Pay\u0131 ve De\u011fer D\u00fc\u015f\u00fckl\u00fc\u011f\u00fc)<\/p>\n<p>\u2013\u2013 Muhasebat Genel M\u00fcd\u00fcrl\u00fc\u011f\u00fc Genel Tebli\u011fi (S\u0131ra No: 98) (Amortisman, T\u00fckenme Pay\u0131 ve De\u011fer D\u00fc\u015f\u00fckl\u00fc\u011f\u00fc)<\/p>\n<p>\u2013\u2013 Muhasebat Genel M\u00fcd\u00fcrl\u00fc\u011f\u00fc Genel Tebli\u011fi (S\u0131ra No: 98) (Amortisman, T\u00fckenme Pay\u0131 ve De\u011fer D\u00fc\u015f\u00fckl\u00fc\u011f\u00fc)<\/p>\n<p>YARGI B\u00d6L\u00dcM\u00dc ANAYASA MAHKEMES\u0130 KARARLARI \u2013\u2013 Anayasa Mahkemesinin 12\/6\/2025 Tarihli ve 2021\/41453 Ba\u015fvuru Numaral\u0131 Karar\u0131 \u2013\u2013 Anayasa Mahkemesinin 16\/9\/2025 Tarihli ve 2020\/15865 Ba\u015fvuru Numaral\u0131 Karar\u0131 \u2013\u2013 Anayasa Mahkemesinin 16\/9\/2025 Tarihli ve 2020\/25034 Ba\u015fvuru Numaral\u0131 Karar\u0131 \u2013\u2013 Anayasa Mahkemesinin 16\/9\/2025 Tarihli ve 2020\/33016 Ba\u015fvuru Numaral\u0131 Karar\u0131 \u2013\u2013 Anayasa Mahkemesinin 16\/9\/2025 Tarihli ve 2021\/28412 Ba\u015fvuru Numaral\u0131 Karar\u0131 \u2013\u2013 Anayasa Mahkemesinin 16\/9\/2025 Tarihli ve 2023\/96966 Ba\u015fvuru Numaral\u0131 Karar\u0131 \u2013\u2013 Anayasa Mahkemesinin 1\/10\/2025 Tarihli ve 2020\/23918 Ba\u015fvuru Numaral\u0131 Karar\u0131 \u2013\u2013 Anayasa Mahkemesinin 1\/10\/2025 Tarihli ve 2025\/3488 Ba\u015fvuru Numaral\u0131 Karar\u0131 \u2013\u2013 Anayasa Mahkemesinin 5\/11\/2025 Tarihli ve 2021\/28071 Ba\u015fvuru Numaral\u0131 Karar\u0131 \u2013\u2013 Anayasa Mahkemesinin 9\/12\/2025 Tarihli ve 2023\/10860 Ba\u015fvuru Numaral\u0131 Karar\u0131<\/p>\n<p>YARGI B\u00d6L\u00dcM\u00dc ANAYASA MAHKEMES\u0130 KARARLARI \u2013\u2013 Anayasa Mahkemesinin 12\/6\/2025 Tarihli ve 2021\/41453 Ba\u015fvuru Numaral\u0131 Karar\u0131 \u2013\u2013 Anayasa Mahkemesinin 16\/9\/2025 Tarihli ve 2020\/15865 Ba\u015fvuru Numaral\u0131 Karar\u0131 \u2013\u2013 Anayasa Mahkemesinin 16\/9\/2025 Tarihli ve 2020\/25034 Ba\u015fvuru Numaral\u0131 Karar\u0131 \u2013\u2013 Anayasa Mahkemesinin 16\/9\/2025 Tarihli ve 2020\/33016 Ba\u015fvuru Numaral\u0131 Karar\u0131 \u2013\u2013 Anayasa Mahkemesinin 16\/9\/2025 Tarihli ve 2021\/28412 Ba\u015fvuru Numaral\u0131 Karar\u0131 \u2013\u2013 Anayasa Mahkemesinin 16\/9\/2025 Tarihli ve 2023\/96966 Ba\u015fvuru Numaral\u0131 Karar\u0131 \u2013\u2013 Anayasa Mahkemesinin 1\/10\/2025 Tarihli ve 2020\/23918 Ba\u015fvuru Numaral\u0131 Karar\u0131 \u2013\u2013 Anayasa Mahkemesinin 1\/10\/2025 Tarihli ve 2025\/3488 Ba\u015fvuru Numaral\u0131 Karar\u0131 \u2013\u2013 Anayasa Mahkemesinin 5\/11\/2025 Tarihli ve 2021\/28071 Ba\u015fvuru Numaral\u0131 Karar\u0131 \u2013\u2013 Anayasa Mahkemesinin 9\/12\/2025 Tarihli ve 2023\/10860 Ba\u015fvuru Numaral\u0131 Karar\u0131<\/p>\n<p>ANAYASA MAHKEMES\u0130 KARARLARI \u2013\u2013 Anayasa Mahkemesinin 12\/6\/2025 Tarihli ve 2021\/41453 Ba\u015fvuru Numaral\u0131 Karar\u0131 \u2013\u2013 Anayasa Mahkemesinin 16\/9\/2025 Tarihli ve 2020\/15865 Ba\u015fvuru Numaral\u0131 Karar\u0131 \u2013\u2013 Anayasa Mahkemesinin 16\/9\/2025 Tarihli ve 2020\/25034 Ba\u015fvuru Numaral\u0131 Karar\u0131 \u2013\u2013 Anayasa Mahkemesinin 16\/9\/2025 Tarihli ve 2020\/33016 Ba\u015fvuru Numaral\u0131 Karar\u0131 \u2013\u2013 Anayasa Mahkemesinin 16\/9\/2025 Tarihli ve 2021\/28412 Ba\u015fvuru Numaral\u0131 Karar\u0131 \u2013\u2013 Anayasa Mahkemesinin 16\/9\/2025 Tarihli ve 2023\/96966 Ba\u015fvuru Numaral\u0131 Karar\u0131 \u2013\u2013 Anayasa Mahkemesinin 1\/10\/2025 Tarihli ve 2020\/23918 Ba\u015fvuru Numaral\u0131 Karar\u0131 \u2013\u2013 Anayasa Mahkemesinin 1\/10\/2025 Tarihli ve 2025\/3488 Ba\u015fvuru Numaral\u0131 Karar\u0131 \u2013\u2013 Anayasa Mahkemesinin 5\/11\/2025 Tarihli ve 2021\/28071 Ba\u015fvuru Numaral\u0131 Karar\u0131 \u2013\u2013 Anayasa Mahkemesinin 9\/12\/2025 Tarihli ve 2023\/10860 Ba\u015fvuru Numaral\u0131 Karar\u0131<\/p>\n<p>ANAYASA MAHKEMES\u0130 KARARLARI \u2013\u2013 Anayasa Mahkemesinin 12\/6\/2025 Tarihli ve 2021\/41453 Ba\u015fvuru Numaral\u0131 Karar\u0131 \u2013\u2013 Anayasa Mahkemesinin 16\/9\/2025 Tarihli ve 2020\/15865 Ba\u015fvuru Numaral\u0131 Karar\u0131 \u2013\u2013 Anayasa Mahkemesinin 16\/9\/2025 Tarihli ve 2020\/25034 Ba\u015fvuru Numaral\u0131 Karar\u0131 \u2013\u2013 Anayasa Mahkemesinin 16\/9\/2025 Tarihli ve 2020\/33016 Ba\u015fvuru Numaral\u0131 Karar\u0131 \u2013\u2013 Anayasa Mahkemesinin 16\/9\/2025 Tarihli ve 2021\/28412 Ba\u015fvuru Numaral\u0131 Karar\u0131 \u2013\u2013 Anayasa Mahkemesinin 16\/9\/2025 Tarihli ve 2023\/96966 Ba\u015fvuru Numaral\u0131 Karar\u0131 \u2013\u2013 Anayasa Mahkemesinin 1\/10\/2025 Tarihli ve 2020\/23918 Ba\u015fvuru Numaral\u0131 Karar\u0131 \u2013\u2013 Anayasa Mahkemesinin 1\/10\/2025 Tarihli ve 2025\/3488 Ba\u015fvuru Numaral\u0131 Karar\u0131 \u2013\u2013 Anayasa Mahkemesinin 5\/11\/2025 Tarihli ve 2021\/28071 Ba\u015fvuru Numaral\u0131 Karar\u0131 \u2013\u2013 Anayasa Mahkemesinin 9\/12\/2025 Tarihli ve 2023\/10860 Ba\u015fvuru Numaral\u0131 Karar\u0131<\/p>\n<p>\u2013\u2013 Anayasa Mahkemesinin 12\/6\/2025 Tarihli ve 2021\/41453 Ba\u015fvuru Numaral\u0131 Karar\u0131 \u2013\u2013 Anayasa Mahkemesinin 16\/9\/2025 Tarihli ve 2020\/15865 Ba\u015fvuru Numaral\u0131 Karar\u0131 \u2013\u2013 Anayasa Mahkemesinin 16\/9\/2025 Tarihli ve 2020\/25034 Ba\u015fvuru Numaral\u0131 Karar\u0131 \u2013\u2013 Anayasa Mahkemesinin 16\/9\/2025 Tarihli ve 2020\/33016 Ba\u015fvuru Numaral\u0131 Karar\u0131 \u2013\u2013 Anayasa Mahkemesinin 16\/9\/2025 Tarihli ve 2021\/28412 Ba\u015fvuru Numaral\u0131 Karar\u0131 \u2013\u2013 Anayasa Mahkemesinin 16\/9\/2025 Tarihli ve 2023\/96966 Ba\u015fvuru Numaral\u0131 Karar\u0131 \u2013\u2013 Anayasa Mahkemesinin 1\/10\/2025 Tarihli ve 2020\/23918 Ba\u015fvuru Numaral\u0131 Karar\u0131 \u2013\u2013 Anayasa Mahkemesinin 1\/10\/2025 Tarihli ve 2025\/3488 Ba\u015fvuru Numaral\u0131 Karar\u0131 \u2013\u2013 Anayasa Mahkemesinin 5\/11\/2025 Tarihli ve 2021\/28071 Ba\u015fvuru Numaral\u0131 Karar\u0131 \u2013\u2013 Anayasa Mahkemesinin 9\/12\/2025 Tarihli ve 2023\/10860 Ba\u015fvuru Numaral\u0131 Karar\u0131<\/p>\n<p>\u2013\u2013 Anayasa Mahkemesinin 12\/6\/2025 Tarihli ve 2021\/41453 Ba\u015fvuru Numaral\u0131 Karar\u0131 \u2013\u2013 Anayasa Mahkemesinin 16\/9\/2025 Tarihli ve 2020\/15865 Ba\u015fvuru Numaral\u0131 Karar\u0131 \u2013\u2013 Anayasa Mahkemesinin 16\/9\/2025 Tarihli ve 2020\/25034 Ba\u015fvuru Numaral\u0131 Karar\u0131 \u2013\u2013 Anayasa Mahkemesinin 16\/9\/2025 Tarihli ve 2020\/33016 Ba\u015fvuru Numaral\u0131 Karar\u0131 \u2013\u2013 Anayasa Mahkemesinin 16\/9\/2025 Tarihli ve 2021\/28412 Ba\u015fvuru Numaral\u0131 Karar\u0131 \u2013\u2013 Anayasa Mahkemesinin 16\/9\/2025 Tarihli ve 2023\/96966 Ba\u015fvuru Numaral\u0131 Karar\u0131 \u2013\u2013 Anayasa Mahkemesinin 1\/10\/2025 Tarihli ve 2020\/23918 Ba\u015fvuru Numaral\u0131 Karar\u0131 \u2013\u2013 Anayasa Mahkemesinin 1\/10\/2025 Tarihli ve 2025\/3488 Ba\u015fvuru Numaral\u0131 Karar\u0131 \u2013\u2013 Anayasa Mahkemesinin 5\/11\/2025 Tarihli ve 2021\/28071 Ba\u015fvuru Numaral\u0131 Karar\u0131 \u2013\u2013 Anayasa Mahkemesinin 9\/12\/2025 Tarihli ve 2023\/10860 Ba\u015fvuru Numaral\u0131 Karar\u0131<\/p>\n<p>\u2013\u2013 Anayasa Mahkemesinin 16\/9\/2025 Tarihli ve 2020\/15865 Ba\u015fvuru Numaral\u0131 Karar\u0131 \u2013\u2013 Anayasa Mahkemesinin 16\/9\/2025 Tarihli ve 2020\/25034 Ba\u015fvuru Numaral\u0131 Karar\u0131 \u2013\u2013 Anayasa Mahkemesinin 16\/9\/2025 Tarihli ve 2020\/33016 Ba\u015fvuru Numaral\u0131 Karar\u0131 \u2013\u2013 Anayasa Mahkemesinin 16\/9\/2025 Tarihli ve 2021\/28412 Ba\u015fvuru Numaral\u0131 Karar\u0131 \u2013\u2013 Anayasa Mahkemesinin 16\/9\/2025 Tarihli ve 2023\/96966 Ba\u015fvuru Numaral\u0131 Karar\u0131 \u2013\u2013 Anayasa Mahkemesinin 1\/10\/2025 Tarihli ve 2020\/23918 Ba\u015fvuru Numaral\u0131 Karar\u0131 \u2013\u2013 Anayasa Mahkemesinin 1\/10\/2025 Tarihli ve 2025\/3488 Ba\u015fvuru Numaral\u0131 Karar\u0131 \u2013\u2013 Anayasa Mahkemesinin 5\/11\/2025 Tarihli ve 2021\/28071 Ba\u015fvuru Numaral\u0131 Karar\u0131 \u2013\u2013 Anayasa Mahkemesinin 9\/12\/2025 Tarihli ve 2023\/10860 Ba\u015fvuru Numaral\u0131 Karar\u0131<\/p>\n<p>\u2013\u2013 Anayasa Mahkemesinin 16\/9\/2025 Tarihli ve 2020\/15865 Ba\u015fvuru Numaral\u0131 Karar\u0131 \u2013\u2013 Anayasa Mahkemesinin 16\/9\/2025 Tarihli ve 2020\/25034 Ba\u015fvuru Numaral\u0131 Karar\u0131 \u2013\u2013 Anayasa Mahkemesinin 16\/9\/2025 Tarihli ve 2020\/33016 Ba\u015fvuru Numaral\u0131 Karar\u0131 \u2013\u2013 Anayasa Mahkemesinin 16\/9\/2025 Tarihli ve 2021\/28412 Ba\u015fvuru Numaral\u0131 Karar\u0131 \u2013\u2013 Anayasa Mahkemesinin 16\/9\/2025 Tarihli ve 2023\/96966 Ba\u015fvuru Numaral\u0131 Karar\u0131 \u2013\u2013 Anayasa Mahkemesinin 1\/10\/2025 Tarihli ve 2020\/23918 Ba\u015fvuru Numaral\u0131 Karar\u0131 \u2013\u2013 Anayasa Mahkemesinin 1\/10\/2025 Tarihli ve 2025\/3488 Ba\u015fvuru Numaral\u0131 Karar\u0131 \u2013\u2013 Anayasa Mahkemesinin 5\/11\/2025 Tarihli ve 2021\/28071 Ba\u015fvuru Numaral\u0131 Karar\u0131 \u2013\u2013 Anayasa Mahkemesinin 9\/12\/2025 Tarihli ve 2023\/10860 Ba\u015fvuru Numaral\u0131 Karar\u0131<\/p>\n<p>\u2013\u2013 Anayasa Mahkemesinin 16\/9\/2025 Tarihli ve 2020\/25034 Ba\u015fvuru Numaral\u0131 Karar\u0131 \u2013\u2013 Anayasa Mahkemesinin 16\/9\/2025 Tarihli ve 2020\/33016 Ba\u015fvuru Numaral\u0131 Karar\u0131 \u2013\u2013 Anayasa Mahkemesinin 16\/9\/2025 Tarihli ve 2021\/28412 Ba\u015fvuru Numaral\u0131 Karar\u0131 \u2013\u2013 Anayasa Mahkemesinin 16\/9\/2025 Tarihli ve 2023\/96966 Ba\u015fvuru Numaral\u0131 Karar\u0131 \u2013\u2013 Anayasa Mahkemesinin 1\/10\/2025 Tarihli ve 2020\/23918 Ba\u015fvuru Numaral\u0131 Karar\u0131 \u2013\u2013 Anayasa Mahkemesinin 1\/10\/2025 Tarihli ve 2025\/3488 Ba\u015fvuru Numaral\u0131 Karar\u0131 \u2013\u2013 Anayasa Mahkemesinin 5\/11\/2025 Tarihli ve 2021\/28071 Ba\u015fvuru Numaral\u0131 Karar\u0131 \u2013\u2013 Anayasa Mahkemesinin 9\/12\/2025 Tarihli ve 2023\/10860 Ba\u015fvuru Numaral\u0131 Karar\u0131<\/p>\n<p>\u2013\u2013 Anayasa Mahkemesinin 16\/9\/2025 Tarihli ve 2020\/25034 Ba\u015fvuru Numaral\u0131 Karar\u0131 \u2013\u2013 Anayasa Mahkemesinin 16\/9\/2025 Tarihli ve 2020\/33016 Ba\u015fvuru Numaral\u0131 Karar\u0131 \u2013\u2013 Anayasa Mahkemesinin 16\/9\/2025 Tarihli ve 2021\/28412 Ba\u015fvuru Numaral\u0131 Karar\u0131 \u2013\u2013 Anayasa Mahkemesinin 16\/9\/2025 Tarihli ve 2023\/96966 Ba\u015fvuru Numaral\u0131 Karar\u0131 \u2013\u2013 Anayasa Mahkemesinin 1\/10\/2025 Tarihli ve 2020\/23918 Ba\u015fvuru Numaral\u0131 Karar\u0131 \u2013\u2013 Anayasa Mahkemesinin 1\/10\/2025 Tarihli ve 2025\/3488 Ba\u015fvuru Numaral\u0131 Karar\u0131 \u2013\u2013 Anayasa Mahkemesinin 5\/11\/2025 Tarihli ve 2021\/28071 Ba\u015fvuru Numaral\u0131 Karar\u0131 \u2013\u2013 Anayasa Mahkemesinin 9\/12\/2025 Tarihli ve 2023\/10860 Ba\u015fvuru Numaral\u0131 Karar\u0131<\/p>\n<p>\u2013\u2013 Anayasa Mahkemesinin 16\/9\/2025 Tarihli ve 2020\/33016 Ba\u015fvuru Numaral\u0131 Karar\u0131 \u2013\u2013 Anayasa Mahkemesinin 16\/9\/2025 Tarihli ve 2021\/28412 Ba\u015fvuru Numaral\u0131 Karar\u0131 \u2013\u2013 Anayasa Mahkemesinin 16\/9\/2025 Tarihli ve 2023\/96966 Ba\u015fvuru Numaral\u0131 Karar\u0131 \u2013\u2013 Anayasa Mahkemesinin 1\/10\/2025 Tarihli ve 2020\/23918 Ba\u015fvuru Numaral\u0131 Karar\u0131 \u2013\u2013 Anayasa Mahkemesinin 1\/10\/2025 Tarihli ve 2025\/3488 Ba\u015fvuru Numaral\u0131 Karar\u0131 \u2013\u2013 Anayasa Mahkemesinin 5\/11\/2025 Tarihli ve 2021\/28071 Ba\u015fvuru Numaral\u0131 Karar\u0131 \u2013\u2013 Anayasa Mahkemesinin 9\/12\/2025 Tarihli ve 2023\/10860 Ba\u015fvuru Numaral\u0131 Karar\u0131<\/p>\n<p>\u2013\u2013 Anayasa Mahkemesinin 16\/9\/2025 Tarihli ve 2020\/33016 Ba\u015fvuru Numaral\u0131 Karar\u0131 \u2013\u2013 Anayasa Mahkemesinin 16\/9\/2025 Tarihli ve 2021\/28412 Ba\u015fvuru Numaral\u0131 Karar\u0131 \u2013\u2013 Anayasa Mahkemesinin 16\/9\/2025 Tarihli ve 2023\/96966 Ba\u015fvuru Numaral\u0131 Karar\u0131 \u2013\u2013 Anayasa Mahkemesinin 1\/10\/2025 Tarihli ve 2020\/23918 Ba\u015fvuru Numaral\u0131 Karar\u0131 \u2013\u2013 Anayasa Mahkemesinin 1\/10\/2025 Tarihli ve 2025\/3488 Ba\u015fvuru Numaral\u0131 Karar\u0131 \u2013\u2013 Anayasa Mahkemesinin 5\/11\/2025 Tarihli ve 2021\/28071 Ba\u015fvuru Numaral\u0131 Karar\u0131 \u2013\u2013 Anayasa Mahkemesinin 9\/12\/2025 Tarihli ve 2023\/10860 Ba\u015fvuru Numaral\u0131 Karar\u0131<\/p>\n<p>\u2013\u2013 Anayasa Mahkemesinin 16\/9\/2025 Tarihli ve 2021\/28412 Ba\u015fvuru Numaral\u0131 Karar\u0131 \u2013\u2013 Anayasa Mahkemesinin 16\/9\/2025 Tarihli ve 2023\/96966 Ba\u015fvuru Numaral\u0131 Karar\u0131 \u2013\u2013 Anayasa Mahkemesinin 1\/10\/2025 Tarihli ve 2020\/23918 Ba\u015fvuru Numaral\u0131 Karar\u0131 \u2013\u2013 Anayasa Mahkemesinin 1\/10\/2025 Tarihli ve 2025\/3488 Ba\u015fvuru Numaral\u0131 Karar\u0131 \u2013\u2013 Anayasa Mahkemesinin 5\/11\/2025 Tarihli ve 2021\/28071 Ba\u015fvuru Numaral\u0131 Karar\u0131 \u2013\u2013 Anayasa Mahkemesinin 9\/12\/2025 Tarihli ve 2023\/10860 Ba\u015fvuru Numaral\u0131 Karar\u0131<\/p>\n<p>\u2013\u2013 Anayasa Mahkemesinin 16\/9\/2025 Tarihli ve 2021\/28412 Ba\u015fvuru Numaral\u0131 Karar\u0131 \u2013\u2013 Anayasa Mahkemesinin 16\/9\/2025 Tarihli ve 2023\/96966 Ba\u015fvuru Numaral\u0131 Karar\u0131 \u2013\u2013 Anayasa Mahkemesinin 1\/10\/2025 Tarihli ve 2020\/23918 Ba\u015fvuru Numaral\u0131 Karar\u0131 \u2013\u2013 Anayasa Mahkemesinin 1\/10\/2025 Tarihli ve 2025\/3488 Ba\u015fvuru Numaral\u0131 Karar\u0131 \u2013\u2013 Anayasa Mahkemesinin 5\/11\/2025 Tarihli ve 2021\/28071 Ba\u015fvuru Numaral\u0131 Karar\u0131 \u2013\u2013 Anayasa Mahkemesinin 9\/12\/2025 Tarihli ve 2023\/10860 Ba\u015fvuru Numaral\u0131 Karar\u0131<\/p>\n<p>\u2013\u2013 Anayasa Mahkemesinin 16\/9\/2025 Tarihli ve 2023\/96966 Ba\u015fvuru Numaral\u0131 Karar\u0131 \u2013\u2013 Anayasa Mahkemesinin 1\/10\/2025 Tarihli ve 2020\/23918 Ba\u015fvuru Numaral\u0131 Karar\u0131 \u2013\u2013 Anayasa Mahkemesinin 1\/10\/2025 Tarihli ve 2025\/3488 Ba\u015fvuru Numaral\u0131 Karar\u0131 \u2013\u2013 Anayasa Mahkemesinin 5\/11\/2025 Tarihli ve 2021\/28071 Ba\u015fvuru Numaral\u0131 Karar\u0131 \u2013\u2013 Anayasa Mahkemesinin 9\/12\/2025 Tarihli ve 2023\/10860 Ba\u015fvuru Numaral\u0131 Karar\u0131<\/p>\n<p>\u2013\u2013 Anayasa Mahkemesinin 16\/9\/2025 Tarihli ve 2023\/96966 Ba\u015fvuru Numaral\u0131 Karar\u0131 \u2013\u2013 Anayasa Mahkemesinin 1\/10\/2025 Tarihli ve 2020\/23918 Ba\u015fvuru Numaral\u0131 Karar\u0131 \u2013\u2013 Anayasa Mahkemesinin 1\/10\/2025 Tarihli ve 2025\/3488 Ba\u015fvuru Numaral\u0131 Karar\u0131 \u2013\u2013 Anayasa Mahkemesinin 5\/11\/2025 Tarihli ve 2021\/28071 Ba\u015fvuru Numaral\u0131 Karar\u0131 \u2013\u2013 Anayasa Mahkemesinin 9\/12\/2025 Tarihli ve 2023\/10860 Ba\u015fvuru Numaral\u0131 Karar\u0131<\/p>\n<p>\u2013\u2013 Anayasa Mahkemesinin 1\/10\/2025 Tarihli ve 2020\/23918 Ba\u015fvuru Numaral\u0131 Karar\u0131 \u2013\u2013 Anayasa Mahkemesinin 1\/10\/2025 Tarihli ve 2025\/3488 Ba\u015fvuru Numaral\u0131 Karar\u0131 \u2013\u2013 Anayasa Mahkemesinin 5\/11\/2025 Tarihli ve 2021\/28071 Ba\u015fvuru Numaral\u0131 Karar\u0131 \u2013\u2013 Anayasa Mahkemesinin 9\/12\/2025 Tarihli ve 2023\/10860 Ba\u015fvuru Numaral\u0131 Karar\u0131<\/p>\n<p>\u2013\u2013 Anayasa Mahkemesinin 1\/10\/2025 Tarihli ve 2020\/23918 Ba\u015fvuru Numaral\u0131 Karar\u0131 \u2013\u2013 Anayasa Mahkemesinin 1\/10\/2025 Tarihli ve 2025\/3488 Ba\u015fvuru Numaral\u0131 Karar\u0131 \u2013\u2013 Anayasa Mahkemesinin 5\/11\/2025 Tarihli ve 2021\/28071 Ba\u015fvuru Numaral\u0131 Karar\u0131 \u2013\u2013 Anayasa Mahkemesinin 9\/12\/2025 Tarihli ve 2023\/10860 Ba\u015fvuru Numaral\u0131 Karar\u0131<\/p>\n<p>\u2013\u2013 Anayasa Mahkemesinin 1\/10\/2025 Tarihli ve 2025\/3488 Ba\u015fvuru Numaral\u0131 Karar\u0131 \u2013\u2013 Anayasa Mahkemesinin 5\/11\/2025 Tarihli ve 2021\/28071 Ba\u015fvuru Numaral\u0131 Karar\u0131 \u2013\u2013 Anayasa Mahkemesinin 9\/12\/2025 Tarihli ve 2023\/10860 Ba\u015fvuru Numaral\u0131 Karar\u0131<\/p>\n<p>\u2013\u2013 Anayasa Mahkemesinin 1\/10\/2025 Tarihli ve 2025\/3488 Ba\u015fvuru Numaral\u0131 Karar\u0131 \u2013\u2013 Anayasa Mahkemesinin 5\/11\/2025 Tarihli ve 2021\/28071 Ba\u015fvuru Numaral\u0131 Karar\u0131 \u2013\u2013 Anayasa Mahkemesinin 9\/12\/2025 Tarihli ve 2023\/10860 Ba\u015fvuru Numaral\u0131 Karar\u0131<\/p>\n<p>\u2013\u2013 Anayasa Mahkemesinin 5\/11\/2025 Tarihli ve 2021\/28071 Ba\u015fvuru Numaral\u0131 Karar\u0131 \u2013\u2013 Anayasa Mahkemesinin 9\/12\/2025 Tarihli ve 2023\/10860 Ba\u015fvuru Numaral\u0131 Karar\u0131<\/p>\n<p>\u2013\u2013 Anayasa Mahkemesinin 5\/11\/2025 Tarihli ve 2021\/28071 Ba\u015fvuru Numaral\u0131 Karar\u0131 \u2013\u2013 Anayasa Mahkemesinin 9\/12\/2025 Tarihli ve 2023\/10860 Ba\u015fvuru Numaral\u0131 Karar\u0131<\/p>\n<p>\u2013\u2013 Anayasa Mahkemesinin 9\/12\/2025 Tarihli ve 2023\/10860 Ba\u015fvuru Numaral\u0131 Karar\u0131<\/p>\n<p>\u2013\u2013 Anayasa Mahkemesinin 9\/12\/2025 Tarihli ve 2023\/10860 Ba\u015fvuru Numaral\u0131 Karar\u0131<\/p>\n<p>YARGITAY KARARLARI \u2013\u2013 Yarg\u0131tay 3 ve 7. Hukuk Dairelerine Ait Kararlar \u0130L\u00c2N B\u00d6L\u00dcM\u00dc a &#8211; Yarg\u0131 \u0130l\u00e2n\u0131 b &#8211; Art\u0131rma, Eksiltme ve \u0130hale \u0130l\u00e2nlar\u0131 c &#8211; \u00c7e\u015fitli \u0130l\u00e2nlar \u2013 T.C. Merkez Bankas\u0131nca Belirlenen D\u00f6viz Kurlar\u0131 ve Devlet \u0130\u00e7 Bor\u00e7lanma Senetlerinin G\u00fcnl\u00fck De\u011ferleri<\/p>\n<p>YARGITAY KARARLARI \u2013\u2013 Yarg\u0131tay 3 ve 7. Hukuk Dairelerine Ait Kararlar \u0130L\u00c2N B\u00d6L\u00dcM\u00dc a &#8211; Yarg\u0131 \u0130l\u00e2n\u0131 b &#8211; Art\u0131rma, Eksiltme ve \u0130hale \u0130l\u00e2nlar\u0131 c &#8211; \u00c7e\u015fitli \u0130l\u00e2nlar \u2013 T.C. Merkez Bankas\u0131nca Belirlenen D\u00f6viz Kurlar\u0131 ve Devlet \u0130\u00e7 Bor\u00e7lanma Senetlerinin G\u00fcnl\u00fck De\u011ferleri<\/p>\n<p>\u2013\u2013 Yarg\u0131tay 3 ve 7. Hukuk Dairelerine Ait Kararlar \u0130L\u00c2N B\u00d6L\u00dcM\u00dc a &#8211; Yarg\u0131 \u0130l\u00e2n\u0131 b &#8211; Art\u0131rma, Eksiltme ve \u0130hale \u0130l\u00e2nlar\u0131 c &#8211; \u00c7e\u015fitli \u0130l\u00e2nlar \u2013 T.C. Merkez Bankas\u0131nca Belirlenen D\u00f6viz Kurlar\u0131 ve Devlet \u0130\u00e7 Bor\u00e7lanma Senetlerinin G\u00fcnl\u00fck De\u011ferleri<\/p>\n<p>\u2013\u2013 Yarg\u0131tay 3 ve 7. Hukuk Dairelerine Ait Kararlar \u0130L\u00c2N B\u00d6L\u00dcM\u00dc a &#8211; Yarg\u0131 \u0130l\u00e2n\u0131 b &#8211; Art\u0131rma, Eksiltme ve \u0130hale \u0130l\u00e2nlar\u0131 c &#8211; \u00c7e\u015fitli \u0130l\u00e2nlar \u2013 T.C. Merkez Bankas\u0131nca Belirlenen D\u00f6viz Kurlar\u0131 ve Devlet \u0130\u00e7 Bor\u00e7lanma Senetlerinin G\u00fcnl\u00fck De\u011ferleri<\/p>\n<p>\u0130L\u00c2N B\u00d6L\u00dcM\u00dc a &#8211; Yarg\u0131 \u0130l\u00e2n\u0131 b &#8211; Art\u0131rma, Eksiltme ve \u0130hale \u0130l\u00e2nlar\u0131 c &#8211; \u00c7e\u015fitli \u0130l\u00e2nlar \u2013 T.C. Merkez Bankas\u0131nca Belirlenen D\u00f6viz Kurlar\u0131 ve Devlet \u0130\u00e7 Bor\u00e7lanma Senetlerinin G\u00fcnl\u00fck De\u011ferleri<\/p>\n<p>\u0130L\u00c2N B\u00d6L\u00dcM\u00dc a &#8211; Yarg\u0131 \u0130l\u00e2n\u0131 b &#8211; Art\u0131rma, Eksiltme ve \u0130hale \u0130l\u00e2nlar\u0131 c &#8211; \u00c7e\u015fitli \u0130l\u00e2nlar \u2013 T.C. Merkez Bankas\u0131nca Belirlenen D\u00f6viz Kurlar\u0131 ve Devlet \u0130\u00e7 Bor\u00e7lanma Senetlerinin G\u00fcnl\u00fck De\u011ferleri<\/p>\n<p>a &#8211; Yarg\u0131 \u0130l\u00e2n\u0131 b &#8211; Art\u0131rma, Eksiltme ve \u0130hale \u0130l\u00e2nlar\u0131 c &#8211; \u00c7e\u015fitli \u0130l\u00e2nlar \u2013 T.C. Merkez Bankas\u0131nca Belirlenen D\u00f6viz Kurlar\u0131 ve Devlet \u0130\u00e7 Bor\u00e7lanma Senetlerinin G\u00fcnl\u00fck De\u011ferleri<\/p>\n<p>a &#8211; Yarg\u0131 \u0130l\u00e2n\u0131 b &#8211; Art\u0131rma, Eksiltme ve \u0130hale \u0130l\u00e2nlar\u0131 c &#8211; \u00c7e\u015fitli \u0130l\u00e2nlar \u2013 T.C. Merkez Bankas\u0131nca Belirlenen D\u00f6viz Kurlar\u0131 ve Devlet \u0130\u00e7 Bor\u00e7lanma Senetlerinin G\u00fcnl\u00fck De\u011ferleri<\/p>\n<p>b &#8211; Art\u0131rma, Eksiltme ve \u0130hale \u0130l\u00e2nlar\u0131 c &#8211; \u00c7e\u015fitli \u0130l\u00e2nlar \u2013 T.C. Merkez Bankas\u0131nca Belirlenen D\u00f6viz Kurlar\u0131 ve Devlet \u0130\u00e7 Bor\u00e7lanma Senetlerinin G\u00fcnl\u00fck De\u011ferleri<\/p>\n<p>b &#8211; Art\u0131rma, Eksiltme ve \u0130hale \u0130l\u00e2nlar\u0131 c &#8211; \u00c7e\u015fitli \u0130l\u00e2nlar \u2013 T.C. Merkez Bankas\u0131nca Belirlenen D\u00f6viz Kurlar\u0131 ve Devlet \u0130\u00e7 Bor\u00e7lanma Senetlerinin G\u00fcnl\u00fck De\u011ferleri<\/p>\n<p>c &#8211; \u00c7e\u015fitli \u0130l\u00e2nlar \u2013 T.C. Merkez Bankas\u0131nca Belirlenen D\u00f6viz Kurlar\u0131 ve Devlet \u0130\u00e7 Bor\u00e7lanma Senetlerinin G\u00fcnl\u00fck De\u011ferleri<\/p>\n<p>c &#8211; \u00c7e\u015fitli \u0130l\u00e2nlar \u2013 T.C. Merkez Bankas\u0131nca Belirlenen D\u00f6viz Kurlar\u0131 ve Devlet \u0130\u00e7 Bor\u00e7lanma Senetlerinin G\u00fcnl\u00fck De\u011ferleri<\/p>\n<p>\u2013 T.C. Merkez Bankas\u0131nca Belirlenen D\u00f6viz Kurlar\u0131 ve Devlet \u0130\u00e7 Bor\u00e7lanma Senetlerinin G\u00fcnl\u00fck De\u011ferleri<\/p>\n<p>\u2013 T.C. Merkez Bankas\u0131nca Belirlenen D\u00f6viz Kurlar\u0131 ve Devlet \u0130\u00e7 Bor\u00e7lanma Senetlerinin G\u00fcnl\u00fck De\u011ferleri<\/p>\n<p>T\u00fcrkiye&#x27;den ve D\u00fcnya\u2019dan son dakika haberleri, k\u00f6\u015fe yaz\u0131lar\u0131, magazinden siyasete, spordan seyahate b\u00fct\u00fcn konular\u0131n tek adresi Hurriyet.com.tr haber i\u00e7erikleri izin al\u0131nmadan, kaynak g\u00f6sterilerek dahi iktibas edilemez. Kanuna ayk\u0131r\u0131 ve izinsiz olarak kopyalanamaz, ba\u015fka yerde yay\u0131nlanamaz.<\/p>\n","protected":false},"excerpt":{"rendered":"<p>10 \u015eubat 2026 tarihli ve 33164 say\u0131l\u0131 Resm\u00ee Gazete kararlar\u0131 yay\u0131nland\u0131. Cumhurba\u015fkanl\u0131\u011f\u0131 Kararnameleri, atama kararlar\u0131 ve yeni y\u00f6netmeliklerin de yer&#8230;<\/p>\n","protected":false},"author":2,"featured_media":497,"comment_status":"open","ping_status":"open","sticky":false,"template":"","format":"standard","meta":{"footnotes":""},"categories":[8,1],"tags":[],"class_list":["post-498","post","type-post","status-publish","format-standard","has-post-thumbnail","hentry","category-arsiv","category-uncategorized"],"_links":{"self":[{"href":"https:\/\/eskigazeteci.com\/index.php?rest_route=\/wp\/v2\/posts\/498","targetHints":{"allow":["GET"]}}],"collection":[{"href":"https:\/\/eskigazeteci.com\/index.php?rest_route=\/wp\/v2\/posts"}],"about":[{"href":"https:\/\/eskigazeteci.com\/index.php?rest_route=\/wp\/v2\/types\/post"}],"author":[{"embeddable":true,"href":"https:\/\/eskigazeteci.com\/index.php?rest_route=\/wp\/v2\/users\/2"}],"replies":[{"embeddable":true,"href":"https:\/\/eskigazeteci.com\/index.php?rest_route=%2Fwp%2Fv2%2Fcomments&post=498"}],"version-history":[{"count":0,"href":"https:\/\/eskigazeteci.com\/index.php?rest_route=\/wp\/v2\/posts\/498\/revisions"}],"wp:featuredmedia":[{"embeddable":true,"href":"https:\/\/eskigazeteci.com\/index.php?rest_route=\/wp\/v2\/media\/497"}],"wp:attachment":[{"href":"https:\/\/eskigazeteci.com\/index.php?rest_route=%2Fwp%2Fv2%2Fmedia&parent=498"}],"wp:term":[{"taxonomy":"category","embeddable":true,"href":"https:\/\/eskigazeteci.com\/index.php?rest_route=%2Fwp%2Fv2%2Fcategories&post=498"},{"taxonomy":"post_tag","embeddable":true,"href":"https:\/\/eskigazeteci.com\/index.php?rest_route=%2Fwp%2Fv2%2Ftags&post=498"}],"curies":[{"name":"wp","href":"https:\/\/api.w.org\/{rel}","templated":true}]}}