{"id":494,"date":"2026-02-09T22:02:55","date_gmt":"2026-02-09T22:02:55","guid":{"rendered":"https:\/\/eskigazeteci.com\/?p=494"},"modified":"2026-02-09T22:02:55","modified_gmt":"2026-02-09T22:02:55","slug":"tartistigi-arkadasinin-kafatasini-kirdi","status":"publish","type":"post","link":"https:\/\/eskigazeteci.com\/?p=494","title":{"rendered":"Tart\u0131\u015ft\u0131\u011f\u0131 arkada\u015f\u0131n\u0131n kafatas\u0131n\u0131 k\u0131rd\u0131!"},"content":{"rendered":"<p>Bursa&#8217;da meydana gelen kavgada, arkada\u015f\u0131 taraf\u0131ndan f\u0131r\u00e7a sap\u0131yla darp edilen adam a\u011f\u0131r yaraland\u0131.<\/p>\n","protected":false},"excerpt":{"rendered":"<p>Bursa&#8217;da meydana gelen kavgada, arkada\u015f\u0131 taraf\u0131ndan f\u0131r\u00e7a sap\u0131yla darp edilen adam a\u011f\u0131r yaraland\u0131.<\/p>\n","protected":false},"author":2,"featured_media":493,"comment_status":"open","ping_status":"open","sticky":false,"template":"","format":"standard","meta":{"footnotes":""},"categories":[8,1],"tags":[],"class_list":["post-494","post","type-post","status-publish","format-standard","has-post-thumbnail","hentry","category-arsiv","category-uncategorized"],"_links":{"self":[{"href":"https:\/\/eskigazeteci.com\/index.php?rest_route=\/wp\/v2\/posts\/494","targetHints":{"allow":["GET"]}}],"collection":[{"href":"https:\/\/eskigazeteci.com\/index.php?rest_route=\/wp\/v2\/posts"}],"about":[{"href":"https:\/\/eskigazeteci.com\/index.php?rest_route=\/wp\/v2\/types\/post"}],"author":[{"embeddable":true,"href":"https:\/\/eskigazeteci.com\/index.php?rest_route=\/wp\/v2\/users\/2"}],"replies":[{"embeddable":true,"href":"https:\/\/eskigazeteci.com\/index.php?rest_route=%2Fwp%2Fv2%2Fcomments&post=494"}],"version-history":[{"count":0,"href":"https:\/\/eskigazeteci.com\/index.php?rest_route=\/wp\/v2\/posts\/494\/revisions"}],"wp:featuredmedia":[{"embeddable":true,"href":"https:\/\/eskigazeteci.com\/index.php?rest_route=\/wp\/v2\/media\/493"}],"wp:attachment":[{"href":"https:\/\/eskigazeteci.com\/index.php?rest_route=%2Fwp%2Fv2%2Fmedia&parent=494"}],"wp:term":[{"taxonomy":"category","embeddable":true,"href":"https:\/\/eskigazeteci.com\/index.php?rest_route=%2Fwp%2Fv2%2Fcategories&post=494"},{"taxonomy":"post_tag","embeddable":true,"href":"https:\/\/eskigazeteci.com\/index.php?rest_route=%2Fwp%2Fv2%2Ftags&post=494"}],"curies":[{"name":"wp","href":"https:\/\/api.w.org\/{rel}","templated":true}]}}