{"id":492,"date":"2026-02-09T21:42:56","date_gmt":"2026-02-09T21:42:56","guid":{"rendered":"https:\/\/eskigazeteci.com\/?p=492"},"modified":"2026-02-09T21:42:56","modified_gmt":"2026-02-09T21:42:56","slug":"emekli-bayram-ikramiyesi-2026-zammi-hesaplama-ssk-bagkur-ramazan-bayrami-zam-tahmini","status":"publish","type":"post","link":"https:\/\/eskigazeteci.com\/?p=492","title":{"rendered":"EMEKL\u0130 BAYRAM \u0130KRAM\u0130YES\u0130 2026 ZAMMI HESAPLAMA (SSK-BA\u011eKUR RAMAZAN BAYRAMI ZAM TAHM\u0130N\u0130)"},"content":{"rendered":"<p>Ramazan Bayram\u0131 emekli bayram ikramiyesi zamm\u0131 2026 y\u0131l\u0131 tahminleri, hesaplanmaya ba\u015fland\u0131. Milyonlarca emekli ve hak sahibini ilgilendiren bayram ikramiyelerine ne kadar zam yap\u0131laca\u011f\u0131, Ocak ay\u0131 zamm\u0131 sonras\u0131 g\u00fcndeme geldi. Emekli ayl\u0131\u011f\u0131, ya\u015fl\u0131l\u0131k ayl\u0131\u011f\u0131, vazife malull\u00fc\u011f\u00fc ayl\u0131\u011f\u0131, malull\u00fck ayl\u0131\u011f\u0131, \u00f6l\u00fcm ayl\u0131\u011f\u0131 ile s\u00fcrekli i\u015f g\u00f6remezlik geliri ve \u00f6l\u00fcm geliri alanlar ile \u015fehit yak\u0131nlar\u0131, gaziler, muharip gaziler, g\u00fcvenlik korucular\u0131, \u015fampiyon sporcular ve ter\u00f6rden zarar g\u00f6ren sivil vatanda\u015flar ile bu ki\u015filerin hak sahipleri i\u00e7in bayram ikramiyesi, yap\u0131lan Ocak zamm\u0131na g\u00f6re de\u011fi\u015fiyor. Peki, SSK, Ba\u011fkur, Emekli Sand\u0131\u011f\u0131 emekli bayram ikramiyesi ne kadar olacak 2026? Emekli bayram ikramiyesi ne zaman a\u00e7\u0131klanacak? \u0130\u015fte, 2026 Kurban Bayram\u0131 ve Ramazan Bayram\u0131 emekli ikramiyesi zam tahminleri ve konu hakk\u0131nda ayr\u0131nt\u0131lar&#8230;<\/p>\n<p>Emekli maa\u015flar\u0131na yap\u0131lan y\u0131l ba\u015f\u0131 art\u0131\u015flar\u0131n\u0131n ard\u0131ndan, ikramiyeler i\u00e7in de art\u0131\u015f beklentisi olu\u015ftu. Yap\u0131lan tahminler ile b\u00fct\u00e7e disiplini ve enflasyon hedefleri g\u00f6z \u00f6n\u00fcnde bulunduruldu\u011funda, ge\u00e7en y\u0131l 4.000 TL olan tutar\u0131n 5.000 TL\u2019ye \u00e7\u0131kar\u0131labilece\u011fi \u00f6ng\u00f6r\u00fcl\u00fcyor. Ancak kesin tutarlara dair hen\u00fcz resmi bir a\u00e7\u0131klamada gelmedi. E\u011fer bayram ikramiyesi 5 bin liraya y\u00fckseltilirse, milyonlarca emekli Ramazan ve Kurban Bayram\u0131 olmak \u00fczere toplamda 10 bin lira ikramiye alacak.<\/p>\n<p>Ayr\u0131ca AK Parti Grup Ba\u015fkanvekili Muhammet Emin Akba\u015fo\u011flu, Meclis&#x27;te d\u00fczenledi\u011fi bas\u0131n toplant\u0131s\u0131nda konu\u015ftu.<\/p>\n<p>Akba\u015fo\u011flu, emekli bayram ikramiyelerinde art\u0131\u015f olup olmayaca\u011f\u0131 y\u00f6n\u00fcndeki soruyu \u015f\u00f6yle yan\u0131tlad\u0131: &quot;2025 b\u00fct\u00e7e g\u00f6r\u00fc\u015fmelerinde s\u00f6yledik, Cevdet Y\u0131lmaz Bey de konu\u015fmalar\u0131nda ifade etmi\u015fti, GETAD diye k\u0131saltt\u0131\u011f\u0131m\u0131z, Gelir Tamamlay\u0131c\u0131 Aile Destek Sistemi. Ona g\u00f6re bir kriter belirlenecek. Mesela bir haneye bir maa\u015f geliyor, 10 tane kirada yeri var, ge\u00e7im derdi olmayan bir insan bu ayr\u0131. Ge\u00e7im derdi olan bir insan var, ona nas\u0131l destek verebiliriz, &#x27;bu sistemin doneleri ne olmal\u0131d\u0131r&#x27;a d\u00f6n\u00fck konu\u015fmalar yap\u0131l\u0131yor. Sadece emeklilerle s\u0131n\u0131rl\u0131 de\u011fil, toplumun b\u00fct\u00fcn kesimlerine ili\u015fkin yoksulluk s\u0131n\u0131r\u0131yla ilgili bir s\u0131n\u0131r belirlenecek, hane halk\u0131 ba\u011flam\u0131nda bir tamamlama olacak. Gerekirse bunlarla ilgili kanuni d\u00fczenlemeler yapar\u0131z. Bunlar \u00fczerine \u00e7al\u0131\u015f\u0131l\u0131yor. Emeklilerimiz ba\u015fta olmak \u00fczere t\u00fcm toplum kesimlerine ili\u015fkin b\u00f6yle bir iyile\u015ftirme \u00e7er\u00e7evesinde bak\u0131yoruz. \u00c7al\u0131\u015fmalar var. Say\u0131n Cumhurba\u015fkan\u0131 Yard\u0131mc\u0131m\u0131z Cevdet Y\u0131lmaz Bey&#x27;in koordinat\u00f6rl\u00fc\u011f\u00fcnde bakanlar\u0131m\u0131z, Ekonomi Koordinasyon Kurulu, parti genel merkezimiz, kabinemiz ve grubumuzda buna ili\u015fkin \u00e7al\u0131\u015fmalar\u0131m\u0131z devam ediyor. Bunun detaylar\u0131n\u0131 kamuoyuyla da payla\u015faca\u011f\u0131z.&quot;<\/p>\n<p>Akba\u015fo\u011flu, emekli bayram ikramiyelerinde art\u0131\u015f olup olmayaca\u011f\u0131 y\u00f6n\u00fcndeki soruyu \u015f\u00f6yle yan\u0131tlad\u0131:<\/p>\n<p>&quot;2025 b\u00fct\u00e7e g\u00f6r\u00fc\u015fmelerinde s\u00f6yledik, Cevdet Y\u0131lmaz Bey de konu\u015fmalar\u0131nda ifade etmi\u015fti, GETAD diye k\u0131saltt\u0131\u011f\u0131m\u0131z, Gelir Tamamlay\u0131c\u0131 Aile Destek Sistemi. Ona g\u00f6re bir kriter belirlenecek. Mesela bir haneye bir maa\u015f geliyor, 10 tane kirada yeri var, ge\u00e7im derdi olmayan bir insan bu ayr\u0131. Ge\u00e7im derdi olan bir insan var, ona nas\u0131l destek verebiliriz, &#x27;bu sistemin doneleri ne olmal\u0131d\u0131r&#x27;a d\u00f6n\u00fck konu\u015fmalar yap\u0131l\u0131yor. Sadece emeklilerle s\u0131n\u0131rl\u0131 de\u011fil, toplumun b\u00fct\u00fcn kesimlerine ili\u015fkin yoksulluk s\u0131n\u0131r\u0131yla ilgili bir s\u0131n\u0131r belirlenecek, hane halk\u0131 ba\u011flam\u0131nda bir tamamlama olacak. Gerekirse bunlarla ilgili kanuni d\u00fczenlemeler yapar\u0131z. Bunlar \u00fczerine \u00e7al\u0131\u015f\u0131l\u0131yor. Emeklilerimiz ba\u015fta olmak \u00fczere t\u00fcm toplum kesimlerine ili\u015fkin b\u00f6yle bir iyile\u015ftirme \u00e7er\u00e7evesinde bak\u0131yoruz. \u00c7al\u0131\u015fmalar var. Say\u0131n Cumhurba\u015fkan\u0131 Yard\u0131mc\u0131m\u0131z Cevdet Y\u0131lmaz Bey&#x27;in koordinat\u00f6rl\u00fc\u011f\u00fcnde bakanlar\u0131m\u0131z, Ekonomi Koordinasyon Kurulu, parti genel merkezimiz, kabinemiz ve grubumuzda buna ili\u015fkin \u00e7al\u0131\u015fmalar\u0131m\u0131z devam ediyor. Bunun detaylar\u0131n\u0131 kamuoyuyla da payla\u015faca\u011f\u0131z.&quot;<\/p>\n<p>Ramazan Bayram\u0131 bu sene 20 Mart Cuma &#8211; 22 Mart Pazar g\u00fcnleri aras\u0131nda idrak edilecek. Ge\u00e7mi\u015f y\u0131llardaki uygulamalara bak\u0131ld\u0131\u011f\u0131nda ikramiyelerin de bayram \u00f6ncesi hesaplarda olmas\u0131 bekleniyor. Bu do\u011frultuda emekli bayram ikramiyelerinin de 9-14 Mart tarihleri aras\u0131nda yat\u0131r\u0131lmas\u0131 \u00f6ng\u00f6r\u00fcl\u00fcyor.<\/p>\n<p>Sosyal yard\u0131m alanlara bayram ikramiyesi \u00f6demesi yap\u0131lmamaktad\u0131r. Ya\u015fl\u0131l\u0131k maa\u015f\u0131, dul ve yetim ayl\u0131\u011f\u0131 alanlar bayram ikramiyesinden yararlanacak. Di\u011fer taraftan engelli maa\u015f\u0131, evde bak\u0131m yard\u0131m\u0131ndan faydalananlara bayram ikramiyesi \u00f6demesi yap\u0131lmamaktad\u0131r.<\/p>\n<p>Sosyal yard\u0131m alanlara bayram ikramiyesi \u00f6demesi yap\u0131lmamaktad\u0131r. Ya\u015fl\u0131l\u0131k maa\u015f\u0131, dul ve yetim ayl\u0131\u011f\u0131 alanlar bayram ikramiyesinden yararlanacak.<\/p>\n<p>Di\u011fer taraftan engelli maa\u015f\u0131, evde bak\u0131m yard\u0131m\u0131ndan faydalananlara bayram ikramiyesi \u00f6demesi yap\u0131lmamaktad\u0131r.<\/p>\n<p>H\u00fcrriyet Gazetesi yazar\u0131 Noyan Do\u011fan, ge\u00e7ti\u011fimiz aylarda k\u00f6\u015fesinde bayram ikramiyesi ile ilgili detaylara yer verdi. \u0130\u015fte ayr\u0131nt\u0131lar&#8230; &quot;Sosyal G\u00fcvenlik Kurumu\u2019ndan (SGK) emekli ayl\u0131\u011f\u0131, ya\u015fl\u0131l\u0131k ayl\u0131\u011f\u0131, vazife malull\u00fc\u011f\u00fc ayl\u0131\u011f\u0131, malull\u00fck ayl\u0131\u011f\u0131, \u00f6l\u00fcm ayl\u0131\u011f\u0131 ile s\u00fcrekli i\u015f g\u00f6remezlik geliri ve \u00f6l\u00fcm geliri alanlar ile \u015fehit yak\u0131nlar\u0131, gaziler, muharip gaziler, g\u00fcvenlik korucular\u0131, \u015fampiyon sporcular ve ter\u00f6rden zarar g\u00f6ren sivil vatanda\u015flar ile bu ki\u015filerin hak sahipleri bayram ikramiyesi alacak. Dul ve yetim ayl\u0131\u011f\u0131 alanlara hak sahiplerinin hisseleri oran\u0131nda ikramiye yat\u0131r\u0131lacak.<\/p>\n<p>H\u00fcrriyet Gazetesi yazar\u0131 Noyan Do\u011fan, ge\u00e7ti\u011fimiz aylarda k\u00f6\u015fesinde bayram ikramiyesi ile ilgili detaylara yer verdi. \u0130\u015fte ayr\u0131nt\u0131lar&#8230;<\/p>\n<p>&quot;Sosyal G\u00fcvenlik Kurumu\u2019ndan (SGK) emekli ayl\u0131\u011f\u0131, ya\u015fl\u0131l\u0131k ayl\u0131\u011f\u0131, vazife malull\u00fc\u011f\u00fc ayl\u0131\u011f\u0131, malull\u00fck ayl\u0131\u011f\u0131, \u00f6l\u00fcm ayl\u0131\u011f\u0131 ile s\u00fcrekli i\u015f g\u00f6remezlik geliri ve \u00f6l\u00fcm geliri alanlar ile \u015fehit yak\u0131nlar\u0131, gaziler, muharip gaziler, g\u00fcvenlik korucular\u0131, \u015fampiyon sporcular ve ter\u00f6rden zarar g\u00f6ren sivil vatanda\u015flar ile bu ki\u015filerin hak sahipleri bayram ikramiyesi alacak.<\/p>\n<p>Dul ve yetim ayl\u0131\u011f\u0131 alanlara hak sahiplerinin hisseleri oran\u0131nda ikramiye yat\u0131r\u0131lacak.<\/p>\n<p>Birden fazla emekli ayl\u0131\u011f\u0131 alanlar ayr\u0131 ayr\u0131 emekli ayl\u0131\u011f\u0131 alamayacak, en fazla \u00f6demeye imk\u00e2n veren dosya \u00fczerinden, tek ikramiye \u00f6denecek. \u0130\u015f kazas\u0131 ve meslek hastal\u0131\u011f\u0131 sigortas\u0131ndan s\u00fcrekli i\u015f g\u00f6remezlik geliri alanlar i\u015f g\u00f6remezlik derecesi oran\u0131nda bayram ikramiyesi alabilecek. Banka ve sigorta gibi \u00f6zel sand\u0131klardan emekli ayl\u0131\u011f\u0131 alanlara bayram ikramiyesi \u00f6denmeyecek.&quot;<\/p>\n<p>Birden fazla emekli ayl\u0131\u011f\u0131 alanlar ayr\u0131 ayr\u0131 emekli ayl\u0131\u011f\u0131 alamayacak, en fazla \u00f6demeye imk\u00e2n veren dosya \u00fczerinden, tek ikramiye \u00f6denecek.<\/p>\n<p>\u0130\u015f kazas\u0131 ve meslek hastal\u0131\u011f\u0131 sigortas\u0131ndan s\u00fcrekli i\u015f g\u00f6remezlik geliri alanlar i\u015f g\u00f6remezlik derecesi oran\u0131nda bayram ikramiyesi alabilecek.<\/p>\n<p>Banka ve sigorta gibi \u00f6zel sand\u0131klardan emekli ayl\u0131\u011f\u0131 alanlara bayram ikramiyesi \u00f6denmeyecek.&quot;<\/p>\n<p>Piyasa verileri Foreks Bilgi \u0130leti\u015fim Hizmetleri A.\u015e. taraf\u0131ndan sa\u011flanmaktad\u0131r. \u00dcye giri\u015fi yap\u0131lan Canl\u0131 Borsa sayfalar\u0131 haricinde Hisse senedi verileri 15 dk gecikmelidir. Tahvil-Bono-Repo \u00f6zet verileri her durumda 15 dk gecikmelidir.<\/p>\n","protected":false},"excerpt":{"rendered":"<p>Emekli bayram ikramiyesi zamm\u0131 2026 \u015eubat ay\u0131n\u0131n en \u00f6nemli g\u00fcndem maddesi olmaya devam ediyor. SGK 4A,4B,4C emekli bayram ikramiyesi 2025 zamm\u0131 ne kadar&#8230;<\/p>\n","protected":false},"author":2,"featured_media":491,"comment_status":"open","ping_status":"open","sticky":false,"template":"","format":"standard","meta":{"footnotes":""},"categories":[8,1],"tags":[],"class_list":["post-492","post","type-post","status-publish","format-standard","has-post-thumbnail","hentry","category-arsiv","category-uncategorized"],"_links":{"self":[{"href":"https:\/\/eskigazeteci.com\/index.php?rest_route=\/wp\/v2\/posts\/492","targetHints":{"allow":["GET"]}}],"collection":[{"href":"https:\/\/eskigazeteci.com\/index.php?rest_route=\/wp\/v2\/posts"}],"about":[{"href":"https:\/\/eskigazeteci.com\/index.php?rest_route=\/wp\/v2\/types\/post"}],"author":[{"embeddable":true,"href":"https:\/\/eskigazeteci.com\/index.php?rest_route=\/wp\/v2\/users\/2"}],"replies":[{"embeddable":true,"href":"https:\/\/eskigazeteci.com\/index.php?rest_route=%2Fwp%2Fv2%2Fcomments&post=492"}],"version-history":[{"count":0,"href":"https:\/\/eskigazeteci.com\/index.php?rest_route=\/wp\/v2\/posts\/492\/revisions"}],"wp:featuredmedia":[{"embeddable":true,"href":"https:\/\/eskigazeteci.com\/index.php?rest_route=\/wp\/v2\/media\/491"}],"wp:attachment":[{"href":"https:\/\/eskigazeteci.com\/index.php?rest_route=%2Fwp%2Fv2%2Fmedia&parent=492"}],"wp:term":[{"taxonomy":"category","embeddable":true,"href":"https:\/\/eskigazeteci.com\/index.php?rest_route=%2Fwp%2Fv2%2Fcategories&post=492"},{"taxonomy":"post_tag","embeddable":true,"href":"https:\/\/eskigazeteci.com\/index.php?rest_route=%2Fwp%2Fv2%2Ftags&post=492"}],"curies":[{"name":"wp","href":"https:\/\/api.w.org\/{rel}","templated":true}]}}