{"id":490,"date":"2026-02-09T21:22:56","date_gmt":"2026-02-09T21:22:56","guid":{"rendered":"https:\/\/eskigazeteci.com\/?p=490"},"modified":"2026-02-09T21:22:56","modified_gmt":"2026-02-09T21:22:56","slug":"ramazan-baslangic-gunu","status":"publish","type":"post","link":"https:\/\/eskigazeteci.com\/?p=490","title":{"rendered":"RAMAZAN BA\u015eLANGI\u00c7 G\u00dcN\u00dc"},"content":{"rendered":"<p>Diyanet \u0130\u015fleri Ba\u015fkanl\u0131\u011f\u0131&#x27;n\u0131n dini g\u00fcnler takvimine g\u00f6re, 2026 y\u0131l\u0131nda Ramazan ay\u0131 19 \u015eubat Per\u015fembe g\u00fcn\u00fc ba\u015flayacak. M\u00fcsl\u00fcmanlar, 18 \u015eubat \u00c7ar\u015famba g\u00fcn\u00fcn\u00fc 19 \u015eubat Per\u015fembe g\u00fcn\u00fcne ba\u011flayan gece ilk sahur i\u00e7in sofraya oturacak. 19 \u015eubat ak\u015fam\u0131 ise y\u0131l\u0131n ilk iftar\u0131 yap\u0131lacak.<\/p>\n<p>\u2022\u0130lk Sahur: 18 \u015eubat&#x27;\u0131 19 \u015eubat&#x27;a ba\u011flayan gece \u2022\u0130lk \u0130ftar: 19 \u015eubat 2026 Per\u015fembe \u2022Kadir Gecesi: 16 Mart 2026 Pazartesi \u2022Arife G\u00fcn\u00fc: 19 Mart 2026 Per\u015fembe \u2022Ramazan Bayram\u0131 1. G\u00fcn: 20 Mart 2026 Cuma<\/p>\n<p>\u2022\u0130lk Sahur: 18 \u015eubat&#x27;\u0131 19 \u015eubat&#x27;a ba\u011flayan gece<\/p>\n<p>\u2022\u0130lk \u0130ftar: 19 \u015eubat 2026 Per\u015fembe<\/p>\n<p>\u2022Kadir Gecesi: 16 Mart 2026 Pazartesi<\/p>\n<p>\u2022Arife G\u00fcn\u00fc: 19 Mart 2026 Per\u015fembe<\/p>\n<p>\u2022Ramazan Bayram\u0131 1. G\u00fcn: 20 Mart 2026 Cuma<\/p>\n<p>2026 Ramazan ay\u0131n\u0131n ilk g\u00fcn\u00fcnde T\u00fcrkiye&#x27;nin \u00fc\u00e7 b\u00fcy\u00fck ilindeki sahur ve iftar vakitleri \u015fu \u015fekildedir: \u015eehir \u0130msak (Sahur) \u0130ftar (Ak\u015fam) \u0130stanbul 06:22 18:49 Ankara 06:06 18:35 \u0130zmir 06:28 18:57 Not: Vakitler Diyanet \u0130\u015fleri Ba\u015fkanl\u0131\u011f\u0131 verileri baz al\u0131narak haz\u0131rlanm\u0131\u015ft\u0131r. \u0130l\u00e7e bazl\u0131 de\u011fi\u015fimler g\u00f6sterebilir. T\u00dcM \u0130LLER\u0130N \u0130FTAR VE SAHUR VAK\u0130TLER\u0130 \u0130\u00c7\u0130N TIKLAYINIZ<\/p>\n<p>2026 Ramazan ay\u0131n\u0131n ilk g\u00fcn\u00fcnde T\u00fcrkiye&#x27;nin \u00fc\u00e7 b\u00fcy\u00fck ilindeki sahur ve iftar vakitleri \u015fu \u015fekildedir:<\/p>\n<p>\u015eehir<\/p>\n<p>\u0130msak (Sahur)<\/p>\n<p>\u0130ftar (Ak\u015fam)<\/p>\n<p>\u0130stanbul<\/p>\n<p>06:22<\/p>\n<p>18:49<\/p>\n<p>Ankara<\/p>\n<p>06:06<\/p>\n<p>18:35<\/p>\n<p>\u0130zmir<\/p>\n<p>06:28<\/p>\n<p>18:57<\/p>\n<p>Not: Vakitler Diyanet \u0130\u015fleri Ba\u015fkanl\u0131\u011f\u0131 verileri baz al\u0131narak haz\u0131rlanm\u0131\u015ft\u0131r. \u0130l\u00e7e bazl\u0131 de\u011fi\u015fimler g\u00f6sterebilir.<\/p>\n<p>T\u00dcM \u0130LLER\u0130N \u0130FTAR VE SAHUR VAK\u0130TLER\u0130 \u0130\u00c7\u0130N TIKLAYINIZ<\/p>\n<p>Bu y\u0131l Ramazan ay\u0131 29 g\u00fcn s\u00fcrecek. 19 Mart Per\u015fembe g\u00fcn\u00fc tutulacak son orucun ard\u0131ndan \u0130slam d\u00fcnyas\u0131 Ramazan Bayram\u0131&#x27;n\u0131 kar\u015f\u0131layacak. Bayram G\u00fcn\u00fc Tarih G\u00fcn Ramazan Bayram\u0131 Arife 19 Mart 2026 Per\u015fembe Ramazan Bayram\u0131 1. G\u00fcn 20 Mart 2026 Cuma Ramazan Bayram\u0131 2. G\u00fcn 21 Mart 2026 Cumartesi Ramazan Bayram\u0131 3. G\u00fcn 22 Mart 2026 Pazar<\/p>\n<p>Bu y\u0131l Ramazan ay\u0131 29 g\u00fcn s\u00fcrecek. 19 Mart Per\u015fembe g\u00fcn\u00fc tutulacak son orucun ard\u0131ndan \u0130slam d\u00fcnyas\u0131 Ramazan Bayram\u0131&#x27;n\u0131 kar\u015f\u0131layacak.<\/p>\n<p>Bayram G\u00fcn\u00fc<\/p>\n<p>Tarih<\/p>\n<p>G\u00fcn<\/p>\n<p>Ramazan Bayram\u0131 Arife<\/p>\n<p>19 Mart 2026<\/p>\n<p>Per\u015fembe<\/p>\n<p>Ramazan Bayram\u0131 1. G\u00fcn<\/p>\n<p>20 Mart 2026<\/p>\n<p>Cuma<\/p>\n<p>Ramazan Bayram\u0131 2. G\u00fcn<\/p>\n<p>21 Mart 2026<\/p>\n<p>Cumartesi<\/p>\n<p>Ramazan Bayram\u0131 3. G\u00fcn<\/p>\n<p>22 Mart 2026<\/p>\n<p>Pazar<\/p>\n<p>Vatanda\u015flar, ikamet ettikleri illere ait 29 g\u00fcnl\u00fck tam imsakiye listesine Hurriyet.com.tr 2026 Ramazan \u0130msakiyesi adresi \u00fczerinden ula\u015fabilecek. RAMAZAN \u0130MSAK\u0130YES\u0130 2026 \u0130\u00c7\u0130N TIKLAYINIZ<\/p>\n<p>Vatanda\u015flar, ikamet ettikleri illere ait 29 g\u00fcnl\u00fck tam imsakiye listesine Hurriyet.com.tr 2026 Ramazan \u0130msakiyesi adresi \u00fczerinden ula\u015fabilecek.<\/p>\n<p>RAMAZAN \u0130MSAK\u0130YES\u0130 2026 \u0130\u00c7\u0130N TIKLAYINIZ<\/p>\n<p>T\u00fcrkiye&#x27;den ve D\u00fcnya\u2019dan son dakika haberleri, k\u00f6\u015fe yaz\u0131lar\u0131, magazinden siyasete, spordan seyahate b\u00fct\u00fcn konular\u0131n tek adresi Hurriyet.com.tr haber i\u00e7erikleri izin al\u0131nmadan, kaynak g\u00f6sterilerek dahi iktibas edilemez. Kanuna ayk\u0131r\u0131 ve izinsiz olarak kopyalanamaz, ba\u015fka yerde yay\u0131nlanamaz.<\/p>\n","protected":false},"excerpt":{"rendered":"<p>2026 Ramazan ay\u0131na say\u0131l\u0131 g\u00fcnler kald\u0131. Milyonlarca M\u00fcsl\u00fcman\u0131n heyecanla bekledi\u011fi 11 ay\u0131n sultan\u0131 Ramazan ay\u0131 i\u00e7in geri say\u0131m ba\u015flad\u0131. Diyanet \u0130\u015fleri&#8230;<\/p>\n","protected":false},"author":2,"featured_media":489,"comment_status":"open","ping_status":"open","sticky":false,"template":"","format":"standard","meta":{"footnotes":""},"categories":[8,1],"tags":[],"class_list":["post-490","post","type-post","status-publish","format-standard","has-post-thumbnail","hentry","category-arsiv","category-uncategorized"],"_links":{"self":[{"href":"https:\/\/eskigazeteci.com\/index.php?rest_route=\/wp\/v2\/posts\/490","targetHints":{"allow":["GET"]}}],"collection":[{"href":"https:\/\/eskigazeteci.com\/index.php?rest_route=\/wp\/v2\/posts"}],"about":[{"href":"https:\/\/eskigazeteci.com\/index.php?rest_route=\/wp\/v2\/types\/post"}],"author":[{"embeddable":true,"href":"https:\/\/eskigazeteci.com\/index.php?rest_route=\/wp\/v2\/users\/2"}],"replies":[{"embeddable":true,"href":"https:\/\/eskigazeteci.com\/index.php?rest_route=%2Fwp%2Fv2%2Fcomments&post=490"}],"version-history":[{"count":0,"href":"https:\/\/eskigazeteci.com\/index.php?rest_route=\/wp\/v2\/posts\/490\/revisions"}],"wp:featuredmedia":[{"embeddable":true,"href":"https:\/\/eskigazeteci.com\/index.php?rest_route=\/wp\/v2\/media\/489"}],"wp:attachment":[{"href":"https:\/\/eskigazeteci.com\/index.php?rest_route=%2Fwp%2Fv2%2Fmedia&parent=490"}],"wp:term":[{"taxonomy":"category","embeddable":true,"href":"https:\/\/eskigazeteci.com\/index.php?rest_route=%2Fwp%2Fv2%2Fcategories&post=490"},{"taxonomy":"post_tag","embeddable":true,"href":"https:\/\/eskigazeteci.com\/index.php?rest_route=%2Fwp%2Fv2%2Ftags&post=490"}],"curies":[{"name":"wp","href":"https:\/\/api.w.org\/{rel}","templated":true}]}}