{"id":486,"date":"2026-02-09T20:52:56","date_gmt":"2026-02-09T20:52:56","guid":{"rendered":"https:\/\/eskigazeteci.com\/?p=486"},"modified":"2026-02-09T20:52:56","modified_gmt":"2026-02-09T20:52:56","slug":"anadolu-grubu-onursal-baskani-kamil-yazici-vefat-etti","status":"publish","type":"post","link":"https:\/\/eskigazeteci.com\/?p=486","title":{"rendered":"Anadolu Grubu Onursal Ba\u015fkan\u0131 Kamil Yaz\u0131c\u0131 vefat etti"},"content":{"rendered":"<p>Gruptan yap\u0131lan a\u00e7\u0131klamada, Anadolu Grubu ailesinin &quot;yeri doldurulamayacak b\u00fcy\u00fc\u011f\u00fc&quot; olarak niteledi\u011fi Kamil Yaz\u0131c\u0131&#x27;n\u0131n bug\u00fcn vefat etti\u011fi belirtildi.<\/p>\n<p>Yaz\u0131c\u0131&#x27;n\u0131n cenazesinin, 11 \u015eubat&#x27;ta Ata\u015fehir Mimar Sinan Camisi&#x27;nde \u00f6\u011fle vaktini m\u00fcteakip k\u0131l\u0131nacak cenaze namaz\u0131n\u0131n ard\u0131ndan Maltepe Y\u00fczevler Mahallesi&#x27;ndeki aile kabristan\u0131na defnedilece\u011fi bildirildi.<\/p>\n<p>\u0130\u015e HAYATINA 14 YA\u015eINDA BA\u015eLADI<\/p>\n<p>Nev\u015fehir&#x27;de 1929&#x27;da do\u011fan Kamil Yaz\u0131c\u0131, i\u015f hayat\u0131na 14 ya\u015f\u0131nda babas\u0131n\u0131n bakkal d\u00fckkan\u0131nda ba\u015flad\u0131. Askerlik g\u00f6revi i\u00e7in geldi\u011fi \u0130stanbul&#x27;da 1950&#x27;de i\u015f insan\u0131 \u0130zzet \u00d6zilhan ile tan\u0131\u015fan Yaz\u0131c\u0131, Anadolu Grubu&#x27;nun temellerini olu\u015fturan ticaret ve sanayi \u015firketlerini kurdu.<\/p>\n<p>Tahtakale&#x27;de oyuncak, h\u0131rdavat ve k\u0131rtasiye sat\u0131\u015f\u0131 yap\u0131lan toptanc\u0131 d\u00fckkan\u0131yla ticarete ba\u015flayan ortaklar, daha sonra ithalat ve sanayicili\u011fe ad\u0131m att\u0131. \u00c7ekoslovakya&#x27;dan (\u00c7ekya) Skoda kamyonetlerinin ve Jawa motosikletlerinin montaj\u0131yla otomotiv sekt\u00f6r\u00fcne giren Yaz\u0131c\u0131 ve \u00d6zilhan, farkl\u0131 sekt\u00f6rlerde de faaliyet g\u00f6sterdi.<\/p>\n<p>Yaz\u0131c\u0131, kalem ve k\u0131rtasiye sekt\u00f6r\u00fcnde Adel&#x27;i hayata ge\u00e7irirken, Isuzu kamyonet \u00fcretimi ve d\u00fcnyaca bilinen markalarla geli\u015ftirilen i\u015fbirli\u011fi gibi ad\u0131mlarla grubun b\u00fcy\u00fcmesinde rol oynad\u0131. Ayr\u0131ca 1960&#x27;l\u0131 y\u0131llar\u0131n sonunda holdingle\u015fen grubun ilk Y\u00f6netim Kurulu Ba\u015fkan\u0131 se\u00e7ilen Yaz\u0131c\u0131, 2007&#x27;ye kadar g\u00f6revi s\u00fcrd\u00fcrd\u00fc.<\/p>\n<p>Orta\u011f\u0131 \u0130zzet \u00d6zilhan ile 1979&#x27;da Anadolu E\u011fitim ve Sosyal Yard\u0131m Vakf\u0131&#x27;n\u0131 kuran Yaz\u0131c\u0131, T\u00fcrkiye&#x27;ye 50&#x27;nin \u00fczerinde e\u011fitim kurumu, yurt, spor salonu, hastane ve sa\u011fl\u0131k oca\u011f\u0131 kazand\u0131r\u0131lmas\u0131na \u00f6nc\u00fcl\u00fck etti.<\/p>\n<p>Orta Do\u011fu Teknik \u00dcniversitesi (ODT\u00dc) taraf\u0131ndan 1997&#x27;de &quot;Onursal Felsefe Doktora Derecesi&quot; ile \u00f6d\u00fcllendirilen Yaz\u0131c\u0131, ayn\u0131 y\u0131l Cumhurba\u015fkanl\u0131\u011f\u0131 Devlet \u00dcst\u00fcn Hizmet Madalyas\u0131 ald\u0131.<\/p>\n<p>Anadolu Grubu y\u00f6netim kurulundaki g\u00f6revini 2007&#x27;de ikinci nesle devreden ve Onursal Ba\u015fkan olarak g\u00f6revine devam eden Yaz\u0131c\u0131&#x27;n\u0131n hayat hikayesi, &quot;Ortak Ak\u0131l&quot; ad\u0131yla kitapla\u015ft\u0131r\u0131ld\u0131.<\/p>\n<p>Suzan Yaz\u0131c\u0131 ile evlili\u011finden 6 \u00e7ocu\u011fu bulunan Kamil Yaz\u0131c\u0131 , 13 torun sahibiydi.<\/p>\n<p>Piyasa verileri Foreks Bilgi \u0130leti\u015fim Hizmetleri A.\u015e. taraf\u0131ndan sa\u011flanmaktad\u0131r. \u00dcye giri\u015fi yap\u0131lan Canl\u0131 Borsa sayfalar\u0131 haricinde Hisse senedi verileri 15 dk gecikmelidir. Tahvil-Bono-Repo \u00f6zet verileri her durumda 15 dk gecikmelidir.<\/p>\n","protected":false},"excerpt":{"rendered":"<p>Anadolu Grubu\u2019nun kurucular\u0131ndan ve Onursal Ba\u015fkan\u0131 Kamil Yaz\u0131c\u0131 97 ya\u015f\u0131nda hayat\u0131n\u0131 kaybetti.<\/p>\n","protected":false},"author":2,"featured_media":485,"comment_status":"open","ping_status":"open","sticky":false,"template":"","format":"standard","meta":{"footnotes":""},"categories":[8,1],"tags":[],"class_list":["post-486","post","type-post","status-publish","format-standard","has-post-thumbnail","hentry","category-arsiv","category-uncategorized"],"_links":{"self":[{"href":"https:\/\/eskigazeteci.com\/index.php?rest_route=\/wp\/v2\/posts\/486","targetHints":{"allow":["GET"]}}],"collection":[{"href":"https:\/\/eskigazeteci.com\/index.php?rest_route=\/wp\/v2\/posts"}],"about":[{"href":"https:\/\/eskigazeteci.com\/index.php?rest_route=\/wp\/v2\/types\/post"}],"author":[{"embeddable":true,"href":"https:\/\/eskigazeteci.com\/index.php?rest_route=\/wp\/v2\/users\/2"}],"replies":[{"embeddable":true,"href":"https:\/\/eskigazeteci.com\/index.php?rest_route=%2Fwp%2Fv2%2Fcomments&post=486"}],"version-history":[{"count":0,"href":"https:\/\/eskigazeteci.com\/index.php?rest_route=\/wp\/v2\/posts\/486\/revisions"}],"wp:featuredmedia":[{"embeddable":true,"href":"https:\/\/eskigazeteci.com\/index.php?rest_route=\/wp\/v2\/media\/485"}],"wp:attachment":[{"href":"https:\/\/eskigazeteci.com\/index.php?rest_route=%2Fwp%2Fv2%2Fmedia&parent=486"}],"wp:term":[{"taxonomy":"category","embeddable":true,"href":"https:\/\/eskigazeteci.com\/index.php?rest_route=%2Fwp%2Fv2%2Fcategories&post=486"},{"taxonomy":"post_tag","embeddable":true,"href":"https:\/\/eskigazeteci.com\/index.php?rest_route=%2Fwp%2Fv2%2Ftags&post=486"}],"curies":[{"name":"wp","href":"https:\/\/api.w.org\/{rel}","templated":true}]}}