{"id":484,"date":"2026-02-09T20:42:57","date_gmt":"2026-02-09T20:42:57","guid":{"rendered":"https:\/\/eskigazeteci.com\/?p=484"},"modified":"2026-02-09T20:42:57","modified_gmt":"2026-02-09T20:42:57","slug":"ozel","status":"publish","type":"post","link":"https:\/\/eskigazeteci.com\/?p=484","title":{"rendered":"\u00d6ZEL"},"content":{"rendered":"<p>Fenerbah\u00e7e \u2019nin ara transfer d\u00f6neminde kadrosuna katt\u0131\u011f\u0131 d\u00fcnyaca \u00fcnl\u00fc futbolcu N\u2019Golo Kante, sar\u0131-lacivertli formayla \u00e7\u0131kt\u0131\u011f\u0131 ilk ma\u00e7\u0131n ard\u0131ndan Spor Arena\u2019ya konu\u015ftu.<\/p>\n<p>Frans\u0131z y\u0131ld\u0131z, Gen\u00e7lerbirli\u011fi kar\u015f\u0131s\u0131nda ilk 11\u2019de sahaya \u00e7\u0131karken, Fenerbah\u00e7e\u2019nin 3-1 kazand\u0131\u011f\u0131 m\u00fccadelede 62 dakika forma giydi. Performans\u0131yla be\u011feni toplayan 34 ya\u015f\u0131ndaki oyuncu, yerini \u0130smail Y\u00fcksek\u2019e b\u0131rak\u0131rken trib\u00fcnlerden uzun s\u00fcre alk\u0131\u015f ald\u0131.<\/p>\n<p>\u0130LK KEZ SPOR ARENA&#x27;YA KONU\u015eTU<\/p>\n<p>Transfer d\u00f6neminde uzun s\u00fcre kamuoyunun g\u00fcndeminde yer alan Kante, ma\u00e7 sonras\u0131 ilk kez Spor Arena\u2019dan Selen Cansu Aksoy\u2019a a\u00e7\u0131klamalarda bulundu.<\/p>\n<p>&quot;\u0130yi bir kar\u015f\u0131lamayd\u0131&quot;<\/p>\n<p>Havaliman\u0131nda ya\u015fad\u0131klar\u0131na de\u011finen tecr\u00fcbeli oyuncu, \u201cA\u00e7\u0131k\u00e7as\u0131 her \u015feyi tam olarak hissedemedim. Bariyerlerin \u00f6n\u00fcnde ilk ki\u015fiyi g\u00f6rd\u00fcm ve iyi bir kar\u015f\u0131lamayd\u0131.\u201d ifadelerini kulland\u0131.<\/p>\n<p>&quot;Umar\u0131m birlikte harika \u015feyler kutlar\u0131z&quot;<\/p>\n<p>Stadyumdaki atmosferden de memnun oldu\u011funu belirten Kante, \u201cStadyumda da yine iyi bir kar\u015f\u0131lama vard\u0131. Umar\u0131m birlikte harika \u015feyleri kutlar\u0131z.\u201d diyerek taraftara mesaj g\u00f6nderdi.<\/p>\n<p>N\u2019Golo Kante, havaalan\u0131ndaki kar\u015f\u0131lama ile ilgili g\u00f6r\u00fc\u015flerini Spor Arena\u2019dan Selen Cansu Aksoy\u2019a aktard\u0131. \ud83c\udf99\ufe0f: @selencansu5 pic.twitter.com\/QCS86EFToO \u2014 Spor Arena (@sporarena) February 9, 2026<\/p>\n<p>N\u2019Golo Kante, havaalan\u0131ndaki kar\u015f\u0131lama ile ilgili g\u00f6r\u00fc\u015flerini Spor Arena\u2019dan Selen Cansu Aksoy\u2019a aktard\u0131. \ud83c\udf99\ufe0f: @selencansu5 pic.twitter.com\/QCS86EFToO<\/p>\n<p>T\u00fcrkiye&#x27;den ve D\u00fcnya\u2019dan son dakika haberleri, k\u00f6\u015fe yaz\u0131lar\u0131, magazinden siyasete, spordan seyahate b\u00fct\u00fcn konular\u0131n tek adresi Hurriyet.com.tr haber i\u00e7erikleri izin al\u0131nmadan, kaynak g\u00f6sterilerek dahi iktibas edilemez. Kanuna ayk\u0131r\u0131 ve izinsiz olarak kopyalanamaz, ba\u015fka yerde yay\u0131nlanamaz.<\/p>\n","protected":false},"excerpt":{"rendered":"<p>Fenerbah\u00e7e&#8217;nin ara transferde kadrosuna katt\u0131\u011f\u0131 N&#8217;Golo Kante, sar\u0131-lacivertli forma ile \u00e7\u0131kt\u0131\u011f\u0131 ilk ma\u00e7\u0131n ard\u0131ndan g\u00f6r\u00fc\u015flerini Spor Arena&#8217;ya de\u011ferlendirdi&#8230;.<\/p>\n","protected":false},"author":2,"featured_media":483,"comment_status":"open","ping_status":"open","sticky":false,"template":"","format":"standard","meta":{"footnotes":""},"categories":[8,1],"tags":[],"class_list":["post-484","post","type-post","status-publish","format-standard","has-post-thumbnail","hentry","category-arsiv","category-uncategorized"],"_links":{"self":[{"href":"https:\/\/eskigazeteci.com\/index.php?rest_route=\/wp\/v2\/posts\/484","targetHints":{"allow":["GET"]}}],"collection":[{"href":"https:\/\/eskigazeteci.com\/index.php?rest_route=\/wp\/v2\/posts"}],"about":[{"href":"https:\/\/eskigazeteci.com\/index.php?rest_route=\/wp\/v2\/types\/post"}],"author":[{"embeddable":true,"href":"https:\/\/eskigazeteci.com\/index.php?rest_route=\/wp\/v2\/users\/2"}],"replies":[{"embeddable":true,"href":"https:\/\/eskigazeteci.com\/index.php?rest_route=%2Fwp%2Fv2%2Fcomments&post=484"}],"version-history":[{"count":0,"href":"https:\/\/eskigazeteci.com\/index.php?rest_route=\/wp\/v2\/posts\/484\/revisions"}],"wp:featuredmedia":[{"embeddable":true,"href":"https:\/\/eskigazeteci.com\/index.php?rest_route=\/wp\/v2\/media\/483"}],"wp:attachment":[{"href":"https:\/\/eskigazeteci.com\/index.php?rest_route=%2Fwp%2Fv2%2Fmedia&parent=484"}],"wp:term":[{"taxonomy":"category","embeddable":true,"href":"https:\/\/eskigazeteci.com\/index.php?rest_route=%2Fwp%2Fv2%2Fcategories&post=484"},{"taxonomy":"post_tag","embeddable":true,"href":"https:\/\/eskigazeteci.com\/index.php?rest_route=%2Fwp%2Fv2%2Ftags&post=484"}],"curies":[{"name":"wp","href":"https:\/\/api.w.org\/{rel}","templated":true}]}}