{"id":482,"date":"2026-02-09T20:42:56","date_gmt":"2026-02-09T20:42:56","guid":{"rendered":"https:\/\/eskigazeteci.com\/?p=482"},"modified":"2026-02-09T20:42:56","modified_gmt":"2026-02-09T20:42:56","slug":"yarin-okullar-tatil-mi-10-subat-2026-son-dakika","status":"publish","type":"post","link":"https:\/\/eskigazeteci.com\/?p=482","title":{"rendered":"Yar\u0131n okullar tatil mi 10 \u015eubat 2026 son dakika"},"content":{"rendered":"<p>A\u011fr\u0131, Erzurum, Van, Bing\u00f6l, Kars&#x27;ta okullar tatil mi, yar\u0131n (10 \u015eubat 2026) okul var m\u0131? kar ya\u011f\u0131\u015f\u0131 ve sa\u011fanak ya\u011f\u0131\u015f\u0131n T\u00fcrkiye genelinde g\u00f6r\u00fclmesinin ard\u0131ndan g\u00fcndeme geldi. Meteoroloji Genel M\u00fcd\u00fcrl\u00fc\u011f\u00fc&#x27;n\u00fcn son hava durumu de\u011ferlendirmelerine g\u00f6re sal\u0131 g\u00fcn\u00fc Do\u011fu Anadolu&#x27;da kar ya\u011f\u0131\u015f\u0131 etkili olacak. 5 ilde kar ve tipi devam ederken Van ve A\u011fr\u0131&#x27;dan son dakika kar tatili a\u00e7\u0131klamas\u0131 geldi. Di\u011fer illerde de bug\u00fcn okullar\u0131n tatil edilmesine y\u00f6nelik beklentiler artt\u0131. Peki, yar\u0131n okul var m\u0131? 10 \u015eubat okullar tatil edildi mi? \u0130\u015fte, ayr\u0131nt\u0131lar.<\/p>\n<p>Van&#x27;\u0131n \u00c7ald\u0131ran, Muradiye, \u00d6zalp ve Saray il\u00e7elerinde olumsuz hava ko\u015fullar\u0131 nedeniyle e\u011fitime bir g\u00fcn ara verildi. \u00c7ald\u0131ran Kaymakaml\u0131\u011f\u0131ndan yap\u0131lan a\u00e7\u0131klamada, Meteoroloji B\u00f6lge M\u00fcd\u00fcrl\u00fc\u011f\u00fcnden al\u0131nan de\u011ferlendirmeler neticesinde il\u00e7ede kar ya\u011f\u0131\u015f\u0131n\u0131n etkisini s\u00fcrd\u00fcrd\u00fc\u011f\u00fc belirtildi. A\u00e7\u0131klamada, &quot;Yo\u011fun kar ya\u011f\u0131\u015f\u0131 ve buzlanma nedeniyle 10 \u015eubat Sal\u0131 g\u00fcn\u00fc il\u00e7emiz geneli t\u00fcm \u00f6rg\u00fcn ve yayg\u0131n e\u011fitim kurumlar\u0131nda e\u011fitim \u00f6\u011fretime bir g\u00fcn s\u00fcreyle ara verilmi\u015ftir. Kamu kurumlar\u0131nda \u00e7al\u0131\u015fan engelli, kronik hasta ve hamile personelimiz ile 0-6 ya\u015f \u00e7ocu\u011fu olan anneler de idari izinli say\u0131lacakt\u0131r.&quot; denildi. Muradiye, \u00d6zalp ve Saray kaymakaml\u0131klar\u0131ndan yap\u0131lan a\u00e7\u0131klamalarda da t\u00fcm \u00f6rg\u00fcn ve yayg\u0131n e\u011fitim kurumlar\u0131nda yar\u0131n e\u011fitim \u00f6\u011fretime ara verildi\u011fi duyuruldu. A\u00e7\u0131klamalarda, kamu kurum ve kurulu\u015flar\u0131nda \u00e7al\u0131\u015fan engelli ve hamile personel ile 0-6 ya\u015f \u00e7ocu\u011fu olan annelerin idari izinli say\u0131laca\u011f\u0131 bildirildi.<\/p>\n<p>Van&#x27;\u0131n \u00c7ald\u0131ran, Muradiye, \u00d6zalp ve Saray il\u00e7elerinde olumsuz hava ko\u015fullar\u0131 nedeniyle e\u011fitime bir g\u00fcn ara verildi. \u00c7ald\u0131ran Kaymakaml\u0131\u011f\u0131ndan yap\u0131lan a\u00e7\u0131klamada, Meteoroloji B\u00f6lge M\u00fcd\u00fcrl\u00fc\u011f\u00fcnden al\u0131nan de\u011ferlendirmeler neticesinde il\u00e7ede kar ya\u011f\u0131\u015f\u0131n\u0131n etkisini s\u00fcrd\u00fcrd\u00fc\u011f\u00fc belirtildi. A\u00e7\u0131klamada, &quot;Yo\u011fun kar ya\u011f\u0131\u015f\u0131 ve buzlanma nedeniyle 10 \u015eubat Sal\u0131 g\u00fcn\u00fc il\u00e7emiz geneli t\u00fcm \u00f6rg\u00fcn ve yayg\u0131n e\u011fitim kurumlar\u0131nda e\u011fitim \u00f6\u011fretime bir g\u00fcn s\u00fcreyle ara verilmi\u015ftir. Kamu kurumlar\u0131nda \u00e7al\u0131\u015fan engelli, kronik hasta ve hamile personelimiz ile 0-6 ya\u015f \u00e7ocu\u011fu olan anneler de idari izinli say\u0131lacakt\u0131r.&quot; denildi. Muradiye, \u00d6zalp ve Saray kaymakaml\u0131klar\u0131ndan yap\u0131lan a\u00e7\u0131klamalarda da t\u00fcm \u00f6rg\u00fcn ve yayg\u0131n e\u011fitim kurumlar\u0131nda yar\u0131n e\u011fitim \u00f6\u011fretime ara verildi\u011fi duyuruldu. A\u00e7\u0131klamalarda, kamu kurum ve kurulu\u015flar\u0131nda \u00e7al\u0131\u015fan engelli ve hamile personel ile 0-6 ya\u015f \u00e7ocu\u011fu olan annelerin idari izinli say\u0131laca\u011f\u0131 bildirildi.<\/p>\n<p>\u00c7ald\u0131ran Kaymakaml\u0131\u011f\u0131ndan yap\u0131lan a\u00e7\u0131klamada, Meteoroloji B\u00f6lge M\u00fcd\u00fcrl\u00fc\u011f\u00fcnden al\u0131nan de\u011ferlendirmeler neticesinde il\u00e7ede kar ya\u011f\u0131\u015f\u0131n\u0131n etkisini s\u00fcrd\u00fcrd\u00fc\u011f\u00fc belirtildi. A\u00e7\u0131klamada, &quot;Yo\u011fun kar ya\u011f\u0131\u015f\u0131 ve buzlanma nedeniyle 10 \u015eubat Sal\u0131 g\u00fcn\u00fc il\u00e7emiz geneli t\u00fcm \u00f6rg\u00fcn ve yayg\u0131n e\u011fitim kurumlar\u0131nda e\u011fitim \u00f6\u011fretime bir g\u00fcn s\u00fcreyle ara verilmi\u015ftir. Kamu kurumlar\u0131nda \u00e7al\u0131\u015fan engelli, kronik hasta ve hamile personelimiz ile 0-6 ya\u015f \u00e7ocu\u011fu olan anneler de idari izinli say\u0131lacakt\u0131r.&quot; denildi. Muradiye, \u00d6zalp ve Saray kaymakaml\u0131klar\u0131ndan yap\u0131lan a\u00e7\u0131klamalarda da t\u00fcm \u00f6rg\u00fcn ve yayg\u0131n e\u011fitim kurumlar\u0131nda yar\u0131n e\u011fitim \u00f6\u011fretime ara verildi\u011fi duyuruldu. A\u00e7\u0131klamalarda, kamu kurum ve kurulu\u015flar\u0131nda \u00e7al\u0131\u015fan engelli ve hamile personel ile 0-6 ya\u015f \u00e7ocu\u011fu olan annelerin idari izinli say\u0131laca\u011f\u0131 bildirildi.<\/p>\n<p>\u00c7ald\u0131ran Kaymakaml\u0131\u011f\u0131ndan yap\u0131lan a\u00e7\u0131klamada, Meteoroloji B\u00f6lge M\u00fcd\u00fcrl\u00fc\u011f\u00fcnden al\u0131nan de\u011ferlendirmeler neticesinde il\u00e7ede kar ya\u011f\u0131\u015f\u0131n\u0131n etkisini s\u00fcrd\u00fcrd\u00fc\u011f\u00fc belirtildi. A\u00e7\u0131klamada, &quot;Yo\u011fun kar ya\u011f\u0131\u015f\u0131 ve buzlanma nedeniyle 10 \u015eubat Sal\u0131 g\u00fcn\u00fc il\u00e7emiz geneli t\u00fcm \u00f6rg\u00fcn ve yayg\u0131n e\u011fitim kurumlar\u0131nda e\u011fitim \u00f6\u011fretime bir g\u00fcn s\u00fcreyle ara verilmi\u015ftir. Kamu kurumlar\u0131nda \u00e7al\u0131\u015fan engelli, kronik hasta ve hamile personelimiz ile 0-6 ya\u015f \u00e7ocu\u011fu olan anneler de idari izinli say\u0131lacakt\u0131r.&quot; denildi. Muradiye, \u00d6zalp ve Saray kaymakaml\u0131klar\u0131ndan yap\u0131lan a\u00e7\u0131klamalarda da t\u00fcm \u00f6rg\u00fcn ve yayg\u0131n e\u011fitim kurumlar\u0131nda yar\u0131n e\u011fitim \u00f6\u011fretime ara verildi\u011fi duyuruldu. A\u00e7\u0131klamalarda, kamu kurum ve kurulu\u015flar\u0131nda \u00e7al\u0131\u015fan engelli ve hamile personel ile 0-6 ya\u015f \u00e7ocu\u011fu olan annelerin idari izinli say\u0131laca\u011f\u0131 bildirildi.<\/p>\n<p>A\u00e7\u0131klamada, &quot;Yo\u011fun kar ya\u011f\u0131\u015f\u0131 ve buzlanma nedeniyle 10 \u015eubat Sal\u0131 g\u00fcn\u00fc il\u00e7emiz geneli t\u00fcm \u00f6rg\u00fcn ve yayg\u0131n e\u011fitim kurumlar\u0131nda e\u011fitim \u00f6\u011fretime bir g\u00fcn s\u00fcreyle ara verilmi\u015ftir. Kamu kurumlar\u0131nda \u00e7al\u0131\u015fan engelli, kronik hasta ve hamile personelimiz ile 0-6 ya\u015f \u00e7ocu\u011fu olan anneler de idari izinli say\u0131lacakt\u0131r.&quot; denildi. Muradiye, \u00d6zalp ve Saray kaymakaml\u0131klar\u0131ndan yap\u0131lan a\u00e7\u0131klamalarda da t\u00fcm \u00f6rg\u00fcn ve yayg\u0131n e\u011fitim kurumlar\u0131nda yar\u0131n e\u011fitim \u00f6\u011fretime ara verildi\u011fi duyuruldu. A\u00e7\u0131klamalarda, kamu kurum ve kurulu\u015flar\u0131nda \u00e7al\u0131\u015fan engelli ve hamile personel ile 0-6 ya\u015f \u00e7ocu\u011fu olan annelerin idari izinli say\u0131laca\u011f\u0131 bildirildi.<\/p>\n<p>A\u00e7\u0131klamada, &quot;Yo\u011fun kar ya\u011f\u0131\u015f\u0131 ve buzlanma nedeniyle 10 \u015eubat Sal\u0131 g\u00fcn\u00fc il\u00e7emiz geneli t\u00fcm \u00f6rg\u00fcn ve yayg\u0131n e\u011fitim kurumlar\u0131nda e\u011fitim \u00f6\u011fretime bir g\u00fcn s\u00fcreyle ara verilmi\u015ftir. Kamu kurumlar\u0131nda \u00e7al\u0131\u015fan engelli, kronik hasta ve hamile personelimiz ile 0-6 ya\u015f \u00e7ocu\u011fu olan anneler de idari izinli say\u0131lacakt\u0131r.&quot; denildi. Muradiye, \u00d6zalp ve Saray kaymakaml\u0131klar\u0131ndan yap\u0131lan a\u00e7\u0131klamalarda da t\u00fcm \u00f6rg\u00fcn ve yayg\u0131n e\u011fitim kurumlar\u0131nda yar\u0131n e\u011fitim \u00f6\u011fretime ara verildi\u011fi duyuruldu. A\u00e7\u0131klamalarda, kamu kurum ve kurulu\u015flar\u0131nda \u00e7al\u0131\u015fan engelli ve hamile personel ile 0-6 ya\u015f \u00e7ocu\u011fu olan annelerin idari izinli say\u0131laca\u011f\u0131 bildirildi.<\/p>\n<p>Muradiye, \u00d6zalp ve Saray kaymakaml\u0131klar\u0131ndan yap\u0131lan a\u00e7\u0131klamalarda da t\u00fcm \u00f6rg\u00fcn ve yayg\u0131n e\u011fitim kurumlar\u0131nda yar\u0131n e\u011fitim \u00f6\u011fretime ara verildi\u011fi duyuruldu. A\u00e7\u0131klamalarda, kamu kurum ve kurulu\u015flar\u0131nda \u00e7al\u0131\u015fan engelli ve hamile personel ile 0-6 ya\u015f \u00e7ocu\u011fu olan annelerin idari izinli say\u0131laca\u011f\u0131 bildirildi.<\/p>\n<p>Muradiye, \u00d6zalp ve Saray kaymakaml\u0131klar\u0131ndan yap\u0131lan a\u00e7\u0131klamalarda da t\u00fcm \u00f6rg\u00fcn ve yayg\u0131n e\u011fitim kurumlar\u0131nda yar\u0131n e\u011fitim \u00f6\u011fretime ara verildi\u011fi duyuruldu. A\u00e7\u0131klamalarda, kamu kurum ve kurulu\u015flar\u0131nda \u00e7al\u0131\u015fan engelli ve hamile personel ile 0-6 ya\u015f \u00e7ocu\u011fu olan annelerin idari izinli say\u0131laca\u011f\u0131 bildirildi.<\/p>\n<p>A\u00e7\u0131klamalarda, kamu kurum ve kurulu\u015flar\u0131nda \u00e7al\u0131\u015fan engelli ve hamile personel ile 0-6 ya\u015f \u00e7ocu\u011fu olan annelerin idari izinli say\u0131laca\u011f\u0131 bildirildi.<\/p>\n<p>A\u00e7\u0131klamalarda, kamu kurum ve kurulu\u015flar\u0131nda \u00e7al\u0131\u015fan engelli ve hamile personel ile 0-6 ya\u015f \u00e7ocu\u011fu olan annelerin idari izinli say\u0131laca\u011f\u0131 bildirildi.<\/p>\n<p>A\u011fr\u0131&#x27;da olumsuz hava ko\u015fullar\u0131 nedeniyle il genelindeki k\u00f6y okullar\u0131nda ve ta\u015f\u0131mal\u0131 e\u011fitim veren okullarda yar\u0131n e\u011fitime ara verildi. Valilikten yap\u0131lan a\u00e7\u0131klamada, meteorolojik veriler do\u011frultusunda yar\u0131n i\u00e7in il genelinde yo\u011fun kar ya\u011f\u0131\u015f\u0131 beklendi\u011fi belirtildi. A\u00e7\u0131klamada, ula\u015f\u0131mda ya\u015fanabilecek aksakl\u0131klar ve buzlanma riski dikkate al\u0131narak il genelindeki k\u00f6y okullar\u0131nda ve ta\u015f\u0131mal\u0131 e\u011fitim veren okullarda yar\u0131n e\u011fitime ara verildi\u011fi kaydedildi.<\/p>\n<p>A\u011fr\u0131&#x27;da olumsuz hava ko\u015fullar\u0131 nedeniyle il genelindeki k\u00f6y okullar\u0131nda ve ta\u015f\u0131mal\u0131 e\u011fitim veren okullarda yar\u0131n e\u011fitime ara verildi. Valilikten yap\u0131lan a\u00e7\u0131klamada, meteorolojik veriler do\u011frultusunda yar\u0131n i\u00e7in il genelinde yo\u011fun kar ya\u011f\u0131\u015f\u0131 beklendi\u011fi belirtildi. A\u00e7\u0131klamada, ula\u015f\u0131mda ya\u015fanabilecek aksakl\u0131klar ve buzlanma riski dikkate al\u0131narak il genelindeki k\u00f6y okullar\u0131nda ve ta\u015f\u0131mal\u0131 e\u011fitim veren okullarda yar\u0131n e\u011fitime ara verildi\u011fi kaydedildi.<\/p>\n<p>Valilikten yap\u0131lan a\u00e7\u0131klamada, meteorolojik veriler do\u011frultusunda yar\u0131n i\u00e7in il genelinde yo\u011fun kar ya\u011f\u0131\u015f\u0131 beklendi\u011fi belirtildi. A\u00e7\u0131klamada, ula\u015f\u0131mda ya\u015fanabilecek aksakl\u0131klar ve buzlanma riski dikkate al\u0131narak il genelindeki k\u00f6y okullar\u0131nda ve ta\u015f\u0131mal\u0131 e\u011fitim veren okullarda yar\u0131n e\u011fitime ara verildi\u011fi kaydedildi.<\/p>\n<p>Valilikten yap\u0131lan a\u00e7\u0131klamada, meteorolojik veriler do\u011frultusunda yar\u0131n i\u00e7in il genelinde yo\u011fun kar ya\u011f\u0131\u015f\u0131 beklendi\u011fi belirtildi. A\u00e7\u0131klamada, ula\u015f\u0131mda ya\u015fanabilecek aksakl\u0131klar ve buzlanma riski dikkate al\u0131narak il genelindeki k\u00f6y okullar\u0131nda ve ta\u015f\u0131mal\u0131 e\u011fitim veren okullarda yar\u0131n e\u011fitime ara verildi\u011fi kaydedildi.<\/p>\n<p>A\u00e7\u0131klamada, ula\u015f\u0131mda ya\u015fanabilecek aksakl\u0131klar ve buzlanma riski dikkate al\u0131narak il genelindeki k\u00f6y okullar\u0131nda ve ta\u015f\u0131mal\u0131 e\u011fitim veren okullarda yar\u0131n e\u011fitime ara verildi\u011fi kaydedildi.<\/p>\n<p>A\u00e7\u0131klamada, ula\u015f\u0131mda ya\u015fanabilecek aksakl\u0131klar ve buzlanma riski dikkate al\u0131narak il genelindeki k\u00f6y okullar\u0131nda ve ta\u015f\u0131mal\u0131 e\u011fitim veren okullarda yar\u0131n e\u011fitime ara verildi\u011fi kaydedildi.<\/p>\n<p>Van ve A\u011fr\u0131 d\u0131\u015f\u0131nda hen\u00fcz di\u011fer illerden kar tatili a\u00e7\u0131klamas\u0131 gelmedi. Konuyla ilgili a\u00e7\u0131klamalar geldi\u011fi zaman haberlerimizde yer verece\u011fiz.<\/p>\n<p>Meteoroloji Genel M\u00fcd\u00fcrl\u00fc\u011f\u00fc olarak yap\u0131lan de\u011ferlendirmelere g\u00f6re: \u00dclkemiz genelinin \u00e7ok bulutlu ve aral\u0131kl\u0131 ya\u011f\u0131\u015fl\u0131 gececek. Ya\u011f\u0131\u015flar\u0131n genelikle ya\u011fmur ve sa\u011fanak, i\u00e7 do\u011fu kesimlerin y\u00fcksekleri karla kar\u0131\u015f\u0131k ya\u011fmurlu, Do\u011fu Anadolu&#x27;nun kuzeyinin kar ya\u011f\u0131\u015fl\u0131 ge\u00e7ece\u011fi tahmin ediliyor. Ya\u011f\u0131\u015flar\u0131n, K\u0131y\u0131 Ege, Manisa, Antalya\u2019n\u0131n do\u011fusu, Rize, Artvin, Hatay, Adana, Osmaniye, Kahramanmara\u015f\u2019\u0131n bat\u0131s\u0131, Erzurum, A\u011fr\u0131, Bitlis ile Tunceli, Bing\u00f6l ve Mu\u015f \u00e7evrelerinde yerel kuvvetli olmas\u0131 bekleniyor. R\u00fczgar\u0131n; Marmara ve Bat\u0131 Karadeniz k\u0131y\u0131lar\u0131nda kuzey ve kuzeydo\u011fu y\u00f6nlerden kuvvetli olarak (50-70 km\/saat) esmesi bekleniyor. Gece ve sabah saatlerinde do\u011fu b\u00f6lgelerde buzlanma ve don olay\u0131 bekleniyor. Do\u011fu Karadeniz\u2019in i\u00e7 kesimlerinin y\u00fcksekleri ile Do\u011fu Anadolu\u2019nun do\u011fusunda y\u00fcksek kar \u00f6rt\u00fcs\u00fcne sahip e\u011fimli kesimlerinde \u00e7\u0131\u011f ile kar erimesi tehlikesi bulunmaktad\u0131r.<\/p>\n<p>T\u00fcrkiye&#x27;den ve D\u00fcnya\u2019dan son dakika haberleri, k\u00f6\u015fe yaz\u0131lar\u0131, magazinden siyasete, spordan seyahate b\u00fct\u00fcn konular\u0131n tek adresi Hurriyet.com.tr haber i\u00e7erikleri izin al\u0131nmadan, kaynak g\u00f6sterilerek dahi iktibas edilemez. Kanuna ayk\u0131r\u0131 ve izinsiz olarak kopyalanamaz, ba\u015fka yerde yay\u0131nlanamaz.<\/p>\n","protected":false},"excerpt":{"rendered":"<p>Yar\u0131n okullar tatil mi 10 \u015eubat 2026 Sal\u0131 son dakika valilik a\u00e7\u0131klamalar\u0131 ile takip ediliyor. Meteoroloji&#8217;nin uyar\u0131lar\u0131n\u0131n ard\u0131ndan A\u011fr\u0131, Erzurum, Van,&#8230;<\/p>\n","protected":false},"author":2,"featured_media":481,"comment_status":"open","ping_status":"open","sticky":false,"template":"","format":"standard","meta":{"footnotes":""},"categories":[8,1],"tags":[],"class_list":["post-482","post","type-post","status-publish","format-standard","has-post-thumbnail","hentry","category-arsiv","category-uncategorized"],"_links":{"self":[{"href":"https:\/\/eskigazeteci.com\/index.php?rest_route=\/wp\/v2\/posts\/482","targetHints":{"allow":["GET"]}}],"collection":[{"href":"https:\/\/eskigazeteci.com\/index.php?rest_route=\/wp\/v2\/posts"}],"about":[{"href":"https:\/\/eskigazeteci.com\/index.php?rest_route=\/wp\/v2\/types\/post"}],"author":[{"embeddable":true,"href":"https:\/\/eskigazeteci.com\/index.php?rest_route=\/wp\/v2\/users\/2"}],"replies":[{"embeddable":true,"href":"https:\/\/eskigazeteci.com\/index.php?rest_route=%2Fwp%2Fv2%2Fcomments&post=482"}],"version-history":[{"count":0,"href":"https:\/\/eskigazeteci.com\/index.php?rest_route=\/wp\/v2\/posts\/482\/revisions"}],"wp:featuredmedia":[{"embeddable":true,"href":"https:\/\/eskigazeteci.com\/index.php?rest_route=\/wp\/v2\/media\/481"}],"wp:attachment":[{"href":"https:\/\/eskigazeteci.com\/index.php?rest_route=%2Fwp%2Fv2%2Fmedia&parent=482"}],"wp:term":[{"taxonomy":"category","embeddable":true,"href":"https:\/\/eskigazeteci.com\/index.php?rest_route=%2Fwp%2Fv2%2Fcategories&post=482"},{"taxonomy":"post_tag","embeddable":true,"href":"https:\/\/eskigazeteci.com\/index.php?rest_route=%2Fwp%2Fv2%2Ftags&post=482"}],"curies":[{"name":"wp","href":"https:\/\/api.w.org\/{rel}","templated":true}]}}