{"id":480,"date":"2026-02-09T20:32:55","date_gmt":"2026-02-09T20:32:55","guid":{"rendered":"https:\/\/eskigazeteci.com\/?p=480"},"modified":"2026-02-09T20:32:55","modified_gmt":"2026-02-09T20:32:55","slug":"ankarada-katliam-kurye-kiligina-girip-3-kisiyi-oldurdu","status":"publish","type":"post","link":"https:\/\/eskigazeteci.com\/?p=480","title":{"rendered":"Ankara&#8217;da katliam! Kurye k\u0131l\u0131\u011f\u0131na girip 3 ki\u015fiyi \u00f6ld\u00fcrd\u00fc"},"content":{"rendered":"<p>Olay, ak\u015fam saatlerinde Ke\u00e7i\u00f6ren il\u00e7esi Ku\u015fca\u011f\u0131z Mahallesi 384&#x27;\u00fcnc\u00fc Sokak&#x27;ta meydana geldi. Cezaevinden izinli \u00e7\u0131kan Recep Cengiz, annesi Azize Cengiz\u2019in evine gitti. Burada bilinmeyen nedenle tart\u0131\u015ft\u0131\u011f\u0131 annesi ile yan\u0131nda kalan ve ilk e\u015finden olan k\u0131z\u0131 Azra Cengiz\u2019i tabanca ile vurdu. Recep Cengiz, daha sonra annesi ve k\u0131z\u0131n\u0131n cans\u0131z bedenlerini 35 ASA 769 plakal\u0131 hafif ticari araca koyarak ayn\u0131 mahallede oturan bo\u015fanma a\u015famas\u0131ndaki e\u015fi Beyzanur U\u00e7an Cengiz\u2019in evine gitti.<\/p>\n<p>BA\u015eINDA KASK \u0130LE KAPIYI \u00c7ALDI<\/p>\n<p>Recep Cengiz, iddiaya g\u00f6re e\u015finin kap\u0131y\u0131 a\u00e7mayaca\u011f\u0131 endi\u015fesiyle kendisini kurye gibi g\u00f6stererek ba\u015f\u0131nda kask ile zile bast\u0131. Kap\u0131y\u0131 a\u00e7an e\u015fini de tabancayla vuran Recep Cengiz, ayn\u0131 silahla olay yerinde intihar etti.<\/p>\n<p>\u0130hbar \u00fczerine iki ayr\u0131 adrese polis ve sa\u011fl\u0131k ekipleri sevk edildi. Sa\u011fl\u0131k ekipleri ile olay yeri inceleme ekiplerinin yapt\u0131\u011f\u0131 \u00e7al\u0131\u015fman\u0131n ard\u0131ndan cenazeler Ankara Adli T\u0131p Kurumuna kald\u0131r\u0131ld\u0131. Olayla ilgili inceleme ba\u015flat\u0131ld\u0131.<\/p>\n<p>T\u00fcrkiye g\u00fcndeminden son dakika haberleri, bug\u00fcn ya\u015fanan en son geli\u015fmeler, siyaset g\u00fcndeminden g\u00fcncel haberler ve b\u00fct\u00fcn son dakika haberleri i\u00e7in H\u00fcrriyet&#x27;in internet haber sitesi hurriyet.com.tr; Hurriyet.com.tr haber i\u00e7erikleri kaynak g\u00f6sterilmeden al\u0131nt\u0131 yap\u0131lamaz, Kanuna ayk\u0131r\u0131 ve izinsiz olarak kopyalanamaz, ba\u015fka yerde yay\u0131nlanamaz.<\/p>\n","protected":false},"excerpt":{"rendered":"<p>Ankara&#8217;da cezaevinden izinli \u00e7\u0131kan Recep Cengiz (35), annesi Azize Cengiz (57) ve ilk e\u015finden olan k\u0131z\u0131 Azra Cengiz\u2019in (8) ard\u0131ndan ayn\u0131 mahallede oturan&#8230;<\/p>\n","protected":false},"author":2,"featured_media":479,"comment_status":"open","ping_status":"open","sticky":false,"template":"","format":"standard","meta":{"footnotes":""},"categories":[8,1],"tags":[],"class_list":["post-480","post","type-post","status-publish","format-standard","has-post-thumbnail","hentry","category-arsiv","category-uncategorized"],"_links":{"self":[{"href":"https:\/\/eskigazeteci.com\/index.php?rest_route=\/wp\/v2\/posts\/480","targetHints":{"allow":["GET"]}}],"collection":[{"href":"https:\/\/eskigazeteci.com\/index.php?rest_route=\/wp\/v2\/posts"}],"about":[{"href":"https:\/\/eskigazeteci.com\/index.php?rest_route=\/wp\/v2\/types\/post"}],"author":[{"embeddable":true,"href":"https:\/\/eskigazeteci.com\/index.php?rest_route=\/wp\/v2\/users\/2"}],"replies":[{"embeddable":true,"href":"https:\/\/eskigazeteci.com\/index.php?rest_route=%2Fwp%2Fv2%2Fcomments&post=480"}],"version-history":[{"count":0,"href":"https:\/\/eskigazeteci.com\/index.php?rest_route=\/wp\/v2\/posts\/480\/revisions"}],"wp:featuredmedia":[{"embeddable":true,"href":"https:\/\/eskigazeteci.com\/index.php?rest_route=\/wp\/v2\/media\/479"}],"wp:attachment":[{"href":"https:\/\/eskigazeteci.com\/index.php?rest_route=%2Fwp%2Fv2%2Fmedia&parent=480"}],"wp:term":[{"taxonomy":"category","embeddable":true,"href":"https:\/\/eskigazeteci.com\/index.php?rest_route=%2Fwp%2Fv2%2Fcategories&post=480"},{"taxonomy":"post_tag","embeddable":true,"href":"https:\/\/eskigazeteci.com\/index.php?rest_route=%2Fwp%2Fv2%2Ftags&post=480"}],"curies":[{"name":"wp","href":"https:\/\/api.w.org\/{rel}","templated":true}]}}