{"id":478,"date":"2026-02-09T20:22:55","date_gmt":"2026-02-09T20:22:55","guid":{"rendered":"https:\/\/eskigazeteci.com\/?p=478"},"modified":"2026-02-09T20:22:55","modified_gmt":"2026-02-09T20:22:55","slug":"vincenzo-montella-juventusu-ziyaret-etti-kenan-yildiz","status":"publish","type":"post","link":"https:\/\/eskigazeteci.com\/?p=478","title":{"rendered":"Vincenzo Montella, Juventus&#8217;u ziyaret etti! Kenan Y\u0131ld\u0131z&#8230;"},"content":{"rendered":"<p>T\u00fcrkiye Futbol Federasyonundan yap\u0131lan a\u00e7\u0131klamaya g\u00f6re Juventus&#x27;un Torino kentindeki tesislerine giden Montella, kul\u00fcb\u00fcn sportif direkt\u00f6r\u00fc Marco Ottolini, futbol stratejisi direkt\u00f6r\u00fc Giorgio Chiellini, teknik direkt\u00f6r Luciano Spalletti ile ekibi ve A Milli Tak\u0131m oyuncusu Kenan Y\u0131ld\u0131z &#x27;la bir araya geldi.<\/p>\n<p>\u0130talyan teknik adam\u0131n Juventus ziyaretinde A Milli Tak\u0131m Yard\u0131mc\u0131 Antren\u00f6r\u00fc Daniele Russo ile Atletik Performans Antren\u00f6r\u00fc Pierpaolo Polino da yer ald\u0131. \u00dc\u00e7 isim, daha sonra da tak\u0131m\u0131n antrenman\u0131n\u0131 izledi. Montella, Russo ve Polino, yar\u0131n da Inter Kul\u00fcb\u00fcn\u00fc ziyaret edecek.<\/p>\n<p>T\u00fcrkiye&#x27;den ve D\u00fcnya\u2019dan son dakika haberleri, k\u00f6\u015fe yaz\u0131lar\u0131, magazinden siyasete, spordan seyahate b\u00fct\u00fcn konular\u0131n tek adresi Hurriyet.com.tr haber i\u00e7erikleri izin al\u0131nmadan, kaynak g\u00f6sterilerek dahi iktibas edilemez. Kanuna ayk\u0131r\u0131 ve izinsiz olarak kopyalanamaz, ba\u015fka yerde yay\u0131nlanamaz.<\/p>\n","protected":false},"excerpt":{"rendered":"<p>A Milli Futbol Tak\u0131m\u0131 Teknik Direkt\u00f6r\u00fc Vincenzo Montella, \u0130talya&#8217;daki kul\u00fcp ziyaretlerine Juventus ile devam etti.<\/p>\n","protected":false},"author":2,"featured_media":477,"comment_status":"open","ping_status":"open","sticky":false,"template":"","format":"standard","meta":{"footnotes":""},"categories":[8,1],"tags":[],"class_list":["post-478","post","type-post","status-publish","format-standard","has-post-thumbnail","hentry","category-arsiv","category-uncategorized"],"_links":{"self":[{"href":"https:\/\/eskigazeteci.com\/index.php?rest_route=\/wp\/v2\/posts\/478","targetHints":{"allow":["GET"]}}],"collection":[{"href":"https:\/\/eskigazeteci.com\/index.php?rest_route=\/wp\/v2\/posts"}],"about":[{"href":"https:\/\/eskigazeteci.com\/index.php?rest_route=\/wp\/v2\/types\/post"}],"author":[{"embeddable":true,"href":"https:\/\/eskigazeteci.com\/index.php?rest_route=\/wp\/v2\/users\/2"}],"replies":[{"embeddable":true,"href":"https:\/\/eskigazeteci.com\/index.php?rest_route=%2Fwp%2Fv2%2Fcomments&post=478"}],"version-history":[{"count":0,"href":"https:\/\/eskigazeteci.com\/index.php?rest_route=\/wp\/v2\/posts\/478\/revisions"}],"wp:featuredmedia":[{"embeddable":true,"href":"https:\/\/eskigazeteci.com\/index.php?rest_route=\/wp\/v2\/media\/477"}],"wp:attachment":[{"href":"https:\/\/eskigazeteci.com\/index.php?rest_route=%2Fwp%2Fv2%2Fmedia&parent=478"}],"wp:term":[{"taxonomy":"category","embeddable":true,"href":"https:\/\/eskigazeteci.com\/index.php?rest_route=%2Fwp%2Fv2%2Fcategories&post=478"},{"taxonomy":"post_tag","embeddable":true,"href":"https:\/\/eskigazeteci.com\/index.php?rest_route=%2Fwp%2Fv2%2Ftags&post=478"}],"curies":[{"name":"wp","href":"https:\/\/api.w.org\/{rel}","templated":true}]}}