{"id":476,"date":"2026-02-09T20:12:57","date_gmt":"2026-02-09T20:12:57","guid":{"rendered":"https:\/\/eskigazeteci.com\/?p=476"},"modified":"2026-02-09T20:12:57","modified_gmt":"2026-02-09T20:12:57","slug":"metin-diyadin-skor-olarak-ilk-yarida-mac-bitmis-oldu","status":"publish","type":"post","link":"https:\/\/eskigazeteci.com\/?p=476","title":{"rendered":"Metin Diyadin: &#8216;Skor olarak ilk yar\u0131da ma\u00e7 bitmi\u015f oldu!&#8217;"},"content":{"rendered":"<p>Trendyol S\u00fcper Lig\u2019in 21. haftas\u0131nda Gen\u00e7lerbirli\u011fi, deplasmanda kar\u015f\u0131la\u015ft\u0131\u011f\u0131 Fenerbah\u00e7e \u2019ye 3-1 ma\u011flup oldu.<\/p>\n<p>M\u00fcsabakan\u0131n ard\u0131ndan d\u00fczenlenen bas\u0131n toplant\u0131s\u0131nda de\u011ferlendirmelerde bulunan Gen\u00e7lerbirli\u011fi Teknik Direkt\u00f6r\u00fc Metin Diyadin , &quot;Bizim ad\u0131m\u0131za zorlu ma\u00e7 olaca\u011f\u0131 muhakkakt\u0131. Kad\u0131k\u00f6y deplasman\u0131 zaten zordur. Bekledi\u011fimizin d\u0131\u015f\u0131nda Fenerbah\u00e7e ad\u0131na bask\u0131l\u0131 bir oyun olmad\u0131 ama penalt\u0131yla beraber geriye d\u00fc\u015ft\u00fckten sonra hemen ard\u0131ndan bireysel hata ve skoru bir anda 2-0\u2019a getirdi. Sonras\u0131nda 3-0\u2019a gelince ma\u00e7 bitmi\u015f gibi oldu. \u0130kinci yar\u0131ya iyi ba\u015flad\u0131k ama Kad\u0131k\u00f6y\u2019de b\u00f6yle skorlarda ma\u00e7\u0131 \u00e7evirmek zordur. Oyuna sertlik katmam\u0131z gerekirdi. \u0130ki tak\u0131m aras\u0131ndaki kalite fark\u0131n\u0131 ancak bizim biraz daha reaksiyon ve sertlikle kapatabilirdik. Skor olarak ilk yar\u0131da ma\u00e7 bitmi\u015f oldu&quot; ifadelerini kulland\u0131.<\/p>\n<p>T\u00fcrkiye&#x27;den ve D\u00fcnya\u2019dan son dakika haberleri, k\u00f6\u015fe yaz\u0131lar\u0131, magazinden siyasete, spordan seyahate b\u00fct\u00fcn konular\u0131n tek adresi Hurriyet.com.tr haber i\u00e7erikleri izin al\u0131nmadan, kaynak g\u00f6sterilerek dahi iktibas edilemez. Kanuna ayk\u0131r\u0131 ve izinsiz olarak kopyalanamaz, ba\u015fka yerde yay\u0131nlanamaz.<\/p>\n","protected":false},"excerpt":{"rendered":"<p>Gen\u00e7lerbirli\u011fi Teknik Direkt\u00f6r\u00fc Metin Diyadin, Fenerbah\u00e7e\u2019ye kar\u015f\u0131 oyuna sertlik katamad\u0131klar\u0131n\u0131 belirterek, ilk yar\u0131da yenilen 3 golle birlikte ma\u00e7\u0131n&#8230;<\/p>\n","protected":false},"author":2,"featured_media":475,"comment_status":"open","ping_status":"open","sticky":false,"template":"","format":"standard","meta":{"footnotes":""},"categories":[8,1],"tags":[],"class_list":["post-476","post","type-post","status-publish","format-standard","has-post-thumbnail","hentry","category-arsiv","category-uncategorized"],"_links":{"self":[{"href":"https:\/\/eskigazeteci.com\/index.php?rest_route=\/wp\/v2\/posts\/476","targetHints":{"allow":["GET"]}}],"collection":[{"href":"https:\/\/eskigazeteci.com\/index.php?rest_route=\/wp\/v2\/posts"}],"about":[{"href":"https:\/\/eskigazeteci.com\/index.php?rest_route=\/wp\/v2\/types\/post"}],"author":[{"embeddable":true,"href":"https:\/\/eskigazeteci.com\/index.php?rest_route=\/wp\/v2\/users\/2"}],"replies":[{"embeddable":true,"href":"https:\/\/eskigazeteci.com\/index.php?rest_route=%2Fwp%2Fv2%2Fcomments&post=476"}],"version-history":[{"count":0,"href":"https:\/\/eskigazeteci.com\/index.php?rest_route=\/wp\/v2\/posts\/476\/revisions"}],"wp:featuredmedia":[{"embeddable":true,"href":"https:\/\/eskigazeteci.com\/index.php?rest_route=\/wp\/v2\/media\/475"}],"wp:attachment":[{"href":"https:\/\/eskigazeteci.com\/index.php?rest_route=%2Fwp%2Fv2%2Fmedia&parent=476"}],"wp:term":[{"taxonomy":"category","embeddable":true,"href":"https:\/\/eskigazeteci.com\/index.php?rest_route=%2Fwp%2Fv2%2Fcategories&post=476"},{"taxonomy":"post_tag","embeddable":true,"href":"https:\/\/eskigazeteci.com\/index.php?rest_route=%2Fwp%2Fv2%2Ftags&post=476"}],"curies":[{"name":"wp","href":"https:\/\/api.w.org\/{rel}","templated":true}]}}