{"id":474,"date":"2026-02-09T20:12:56","date_gmt":"2026-02-09T20:12:56","guid":{"rendered":"https:\/\/eskigazeteci.com\/?p=474"},"modified":"2026-02-09T20:12:56","modified_gmt":"2026-02-09T20:12:56","slug":"emre-belozoglundan-ozelestiri-kariyerimdeki-en-kotu-oyundu","status":"publish","type":"post","link":"https:\/\/eskigazeteci.com\/?p=474","title":{"rendered":"Emre Bel\u00f6zo\u011flu&#8217;ndan \u00f6zele\u015ftiri: &#8216;Kariyerimdeki en k\u00f6t\u00fc oyundu!&#8217;"},"content":{"rendered":"<p>Kas\u0131mpa\u015fa, Trendyol S\u00fcper Lig&#x27;in 21. haftas\u0131nda deplasmanda kar\u015f\u0131la\u015ft\u0131\u011f\u0131 Gaziantep Futbol Kul\u00fcb\u00fc&#x27;ne 2-1 ma\u011flup oldu.<\/p>\n<p>Bu sonu\u00e7la Kas\u0131mpa\u015fa 16 puanda kal\u0131rken, Gaziantep FK ise puan\u0131n\u0131 28&#x27;e y\u00fckseltti.<\/p>\n<p>Kar\u015f\u0131la\u015fman\u0131n ard\u0131ndan d\u00fczenlenen bas\u0131n toplant\u0131s\u0131nda de\u011ferlendirmelerde bulunan Kas\u0131mpa\u015fa Teknik Direkt\u00f6r\u00fc Emre Bel\u00f6zo\u011flu , ma\u011flubiyet i\u00e7in \u00fczg\u00fcn olduklar\u0131n\u0131 s\u00f6yledi.<\/p>\n<p>Bel\u00f6zo\u011flu, &quot;Bug\u00fcn \u00e7ok fazla s\u00f6ylenecek bir \u015fey yok. Sahada ilk 11&#x27;de 3 tane beraber oynayan oyuncular, 7 yeni oyuncu ile oynad\u0131k. Futbolda bunlar var. Tak\u0131m\u0131n birbirine al\u0131\u015fmas\u0131 laz\u0131m. Bug\u00fcn ma\u00e7\u0131n ikinci 45 dakikas\u0131ndaki oyun teknik adaml\u0131k kariyerimdeki en k\u00f6t\u00fc oyundu. Benim tak\u0131m\u0131m\u0131n b\u00f6yle bir g\u00f6r\u00fcnt\u00fc vermesinden dolay\u0131 \u00e7ok \u00fczg\u00fcn\u00fcm. Bizim i\u00e7in dibe vurman\u0131n en net g\u00f6stergesiydi. Art\u0131k Karag\u00fcmr\u00fck ma\u00e7\u0131na odaklanaca\u011f\u0131z. T\u00fcm taraftarlar\u0131m\u0131zdan i\u00e7tenlikle \u00f6z\u00fcr diliyorum. Gaziantep tak\u0131m\u0131n\u0131 da en samimi duygular\u0131mla tebrik ediyorum&quot; ifadelerini kulland\u0131.<\/p>\n<p>T\u00fcrkiye&#x27;den ve D\u00fcnya\u2019dan son dakika haberleri, k\u00f6\u015fe yaz\u0131lar\u0131, magazinden siyasete, spordan seyahate b\u00fct\u00fcn konular\u0131n tek adresi Hurriyet.com.tr haber i\u00e7erikleri izin al\u0131nmadan, kaynak g\u00f6sterilerek dahi iktibas edilemez. Kanuna ayk\u0131r\u0131 ve izinsiz olarak kopyalanamaz, ba\u015fka yerde yay\u0131nlanamaz.<\/p>\n","protected":false},"excerpt":{"rendered":"<p>Kas\u0131mpa\u015fa Teknik Direkt\u00f6r\u00fc Emre Bel\u00f6zo\u011flu, Gaziantep Futbol Kul\u00fcb\u00fc ma\u00e7\u0131n\u0131n ard\u0131ndan, Bug\u00fcn oynad\u0131\u011f\u0131m\u0131z futbola \u00e7ok fazla s\u00f6ylenecek bir \u015fey yok dedi.<\/p>\n","protected":false},"author":2,"featured_media":473,"comment_status":"open","ping_status":"open","sticky":false,"template":"","format":"standard","meta":{"footnotes":""},"categories":[8,1],"tags":[],"class_list":["post-474","post","type-post","status-publish","format-standard","has-post-thumbnail","hentry","category-arsiv","category-uncategorized"],"_links":{"self":[{"href":"https:\/\/eskigazeteci.com\/index.php?rest_route=\/wp\/v2\/posts\/474","targetHints":{"allow":["GET"]}}],"collection":[{"href":"https:\/\/eskigazeteci.com\/index.php?rest_route=\/wp\/v2\/posts"}],"about":[{"href":"https:\/\/eskigazeteci.com\/index.php?rest_route=\/wp\/v2\/types\/post"}],"author":[{"embeddable":true,"href":"https:\/\/eskigazeteci.com\/index.php?rest_route=\/wp\/v2\/users\/2"}],"replies":[{"embeddable":true,"href":"https:\/\/eskigazeteci.com\/index.php?rest_route=%2Fwp%2Fv2%2Fcomments&post=474"}],"version-history":[{"count":0,"href":"https:\/\/eskigazeteci.com\/index.php?rest_route=\/wp\/v2\/posts\/474\/revisions"}],"wp:featuredmedia":[{"embeddable":true,"href":"https:\/\/eskigazeteci.com\/index.php?rest_route=\/wp\/v2\/media\/473"}],"wp:attachment":[{"href":"https:\/\/eskigazeteci.com\/index.php?rest_route=%2Fwp%2Fv2%2Fmedia&parent=474"}],"wp:term":[{"taxonomy":"category","embeddable":true,"href":"https:\/\/eskigazeteci.com\/index.php?rest_route=%2Fwp%2Fv2%2Fcategories&post=474"},{"taxonomy":"post_tag","embeddable":true,"href":"https:\/\/eskigazeteci.com\/index.php?rest_route=%2Fwp%2Fv2%2Ftags&post=474"}],"curies":[{"name":"wp","href":"https:\/\/api.w.org\/{rel}","templated":true}]}}