{"id":470,"date":"2026-02-09T20:02:56","date_gmt":"2026-02-09T20:02:56","guid":{"rendered":"https:\/\/eskigazeteci.com\/?p=470"},"modified":"2026-02-09T20:02:56","modified_gmt":"2026-02-09T20:02:56","slug":"sadettin-sarandan-sampiyonluk-vurgusu-13-final-macimiz-var","status":"publish","type":"post","link":"https:\/\/eskigazeteci.com\/?p=470","title":{"rendered":"Sadettin Saran&#8217;dan \u015fampiyonluk vurgusu: &#8217;13 final ma\u00e7\u0131m\u0131z var!&#8217;"},"content":{"rendered":"<p>Fenerbah\u00e7e Ba\u015fkan\u0131 Sadettin Saran, 3-1 kazand\u0131klar\u0131 Gen\u00e7lerbirli\u011fi ma\u00e7\u0131n\u0131n ard\u0131ndan g\u00fcndeme dair a\u00e7\u0131klamalar yapt\u0131.<\/p>\n<p>&#x27;13 F\u0130NAL MA\u00c7IMIZ VAR&#x27;<\/p>\n<p>S\u00fcper Lig \u015fampiyonlu\u011fu i\u00e7in her ma\u00e7\u0131n kritik bir \u00f6neme sahip oldu\u011funu dile getiren Sadettin Saran , &quot;Tekmeye kafayla giren bir tak\u0131m kuraca\u011f\u0131z dedik. Tak\u0131m\u0131m\u0131z karakterli ve m\u00fccadeleci bir tak\u0131m. Transferleri hep birlikte yapt\u0131k. Benim de hocam\u0131z\u0131n da arkada\u015flar\u0131m\u0131z\u0131n da dahil oldu\u011fu bir transfer d\u00f6nemi oldu. Tekmeye kafa atan bir tak\u0131m kurduk. Ligde 13 ma\u00e7\u0131m\u0131z kald\u0131, 13 final ma\u00e7\u0131m\u0131z var.&quot; ifadelerini kulland\u0131.<\/p>\n<p>&#x27;B\u0130Z\u0130M \u0130\u015e\u0130M\u0130Z SAHADA&#x27;<\/p>\n<p>Saha d\u0131\u015f\u0131yla ilgilenmedi\u011fini vurgulayan Ba\u015fkan Saran, &quot;Geldi\u011fimden beri ne hakemlerle ilgili ne de bizim tak\u0131m\u0131m\u0131z\u0131n d\u0131\u015f\u0131ndaki olaylarla ilgili konu\u015fuyorum. Bizim i\u015fimiz sahada. Sahadaki m\u00fccadeleye odakl\u0131y\u0131z.&quot; s\u00f6zlerini sarf etti.<\/p>\n<p>&quot;KANTE&#x27;Y\u0130 \u0130Y\u0130 BULDUM&quot;<\/p>\n<p>N&#x27;Golo Kante &#x27;nin Gen\u00e7lerbirli\u011fi kar\u015f\u0131s\u0131nda sergiledi\u011fi performansa de\u011finen Saran, &quot;Kante&#x27;yi iyi buldum.&quot; dedi.<\/p>\n<p>T\u00fcrkiye&#x27;den ve D\u00fcnya\u2019dan son dakika haberleri, k\u00f6\u015fe yaz\u0131lar\u0131, magazinden siyasete, spordan seyahate b\u00fct\u00fcn konular\u0131n tek adresi Hurriyet.com.tr haber i\u00e7erikleri izin al\u0131nmadan, kaynak g\u00f6sterilerek dahi iktibas edilemez. Kanuna ayk\u0131r\u0131 ve izinsiz olarak kopyalanamaz, ba\u015fka yerde yay\u0131nlanamaz.<\/p>\n","protected":false},"excerpt":{"rendered":"<p>Fenerbah\u00e7e Ba\u015fkan\u0131 Sadettin Saran, Gen\u00e7lerbirli\u011fi galibiyeti sonras\u0131nda a\u00e7\u0131klamalarda bulundu.<\/p>\n","protected":false},"author":2,"featured_media":469,"comment_status":"open","ping_status":"open","sticky":false,"template":"","format":"standard","meta":{"footnotes":""},"categories":[8,1],"tags":[],"class_list":["post-470","post","type-post","status-publish","format-standard","has-post-thumbnail","hentry","category-arsiv","category-uncategorized"],"_links":{"self":[{"href":"https:\/\/eskigazeteci.com\/index.php?rest_route=\/wp\/v2\/posts\/470","targetHints":{"allow":["GET"]}}],"collection":[{"href":"https:\/\/eskigazeteci.com\/index.php?rest_route=\/wp\/v2\/posts"}],"about":[{"href":"https:\/\/eskigazeteci.com\/index.php?rest_route=\/wp\/v2\/types\/post"}],"author":[{"embeddable":true,"href":"https:\/\/eskigazeteci.com\/index.php?rest_route=\/wp\/v2\/users\/2"}],"replies":[{"embeddable":true,"href":"https:\/\/eskigazeteci.com\/index.php?rest_route=%2Fwp%2Fv2%2Fcomments&post=470"}],"version-history":[{"count":0,"href":"https:\/\/eskigazeteci.com\/index.php?rest_route=\/wp\/v2\/posts\/470\/revisions"}],"wp:featuredmedia":[{"embeddable":true,"href":"https:\/\/eskigazeteci.com\/index.php?rest_route=\/wp\/v2\/media\/469"}],"wp:attachment":[{"href":"https:\/\/eskigazeteci.com\/index.php?rest_route=%2Fwp%2Fv2%2Fmedia&parent=470"}],"wp:term":[{"taxonomy":"category","embeddable":true,"href":"https:\/\/eskigazeteci.com\/index.php?rest_route=%2Fwp%2Fv2%2Fcategories&post=470"},{"taxonomy":"post_tag","embeddable":true,"href":"https:\/\/eskigazeteci.com\/index.php?rest_route=%2Fwp%2Fv2%2Ftags&post=470"}],"curies":[{"name":"wp","href":"https:\/\/api.w.org\/{rel}","templated":true}]}}