{"id":468,"date":"2026-02-09T19:52:55","date_gmt":"2026-02-09T19:52:55","guid":{"rendered":"https:\/\/eskigazeteci.com\/?p=468"},"modified":"2026-02-09T19:52:55","modified_gmt":"2026-02-09T19:52:55","slug":"cumhurbaskani-erdogan-mihalgazi-belediye-baskani-gunes-ile-telefonda-gorustu","status":"publish","type":"post","link":"https:\/\/eskigazeteci.com\/?p=468","title":{"rendered":"Cumhurba\u015fkan\u0131 Erdo\u011fan, Mihalgazi Belediye Ba\u015fkan\u0131 G\u00fcne\u015f ile telefonda g\u00f6r\u00fc\u015ft\u00fc"},"content":{"rendered":"<p>AK Parti Genel Ba\u015fkan Yard\u0131mc\u0131s\u0131 Faruk Acar, sosyal medya hesab\u0131ndan Cumhurba\u015fkan\u0131 Erdo\u011fan &#x27;\u0131n G\u00fcne\u015f ile yapt\u0131\u011f\u0131 g\u00f6r\u00fc\u015fmeye ili\u015fkin payla\u015f\u0131mda bulundu.<\/p>\n<p>Erdo\u011fan, toplant\u0131 devam ederken yapt\u0131\u011f\u0131 telefon g\u00f6r\u00fc\u015fmesinde, \u015funlar\u0131 kaydetti:<\/p>\n<p>&quot;\u00c7ar\u015famba g\u00fcn\u00fc 100 bayanla grup toplant\u0131m\u0131za geliyorsun. Bembeyaz geliyorsun, sen zaten beyazs\u0131n. Ama sen \u015fimdi ink\u0131labi bir d\u00f6n\u00fc\u015f yapt\u0131n. Baksana ne diyor? &#x27;\u015eu sivil anayasay\u0131 getirin de bizi kurtar\u0131n bu i\u015flerden&#x27; diyor. K\u0131z\u0131m darbe anayasas\u0131ndan kurtarmak i\u00e7in biz elimizden geleni zaten yap\u0131yoruz. \u015eu anda da \u00e7al\u0131\u015f\u0131yoruz. \u0130n\u015fallah onu da ba\u015faraca\u011f\u0131z. Ama bunu tabii Mihalgazi ba\u015farm\u0131\u015f olacak. Beraber in\u015fallah. \u015eu anda biz MYK toplant\u0131s\u0131nday\u0131z b\u00fct\u00fcn arkada\u015flar\u0131n selamlar\u0131 var. Hepsi duac\u0131.&quot;<\/p>\n<p>Faruk Acar da payla\u015f\u0131m\u0131nda, &quot;MYK toplant\u0131m\u0131zda ger\u00e7ekle\u015fen telefon g\u00f6r\u00fc\u015fmesinin di\u011fer ucunda Mihalgazi Belediye Ba\u015fkan\u0131m\u0131z Zeynep G\u00fcne\u015f var. \u00dcslubuyla, samimiyetiyle, dik duru\u015fuyla b\u00f6yle bir liderimiz olduk\u00e7a T\u00fcrkiye&#x27;mizin s\u0131rt\u0131 yere gelmez.&quot; ifadelerini kulland\u0131.<\/p>\n<p>MYK Toplant\u0131m\u0131zda ger\u00e7ekle\u015fen telefon g\u00f6r\u00fc\u015fmesinin di\u011fer ucunda Mihalgazi Belediye Ba\u015fkan\u0131m\u0131z Zeynep G\u00fcne\u015f var. \u00dcslubuyla, samimiyetiyle, dik duru\u015fuyla b\u00f6yle bir liderimiz olduk\u00e7a T\u00fcrkiyemizin s\u0131rt\u0131 yere gelmez. @RTErdogan @Akparti pic.twitter.com\/G686p3NxAS \u2014 Faruk Acar (@acarfaruka) February 9, 2026<\/p>\n<p>MYK Toplant\u0131m\u0131zda ger\u00e7ekle\u015fen telefon g\u00f6r\u00fc\u015fmesinin di\u011fer ucunda Mihalgazi Belediye Ba\u015fkan\u0131m\u0131z Zeynep G\u00fcne\u015f var. \u00dcslubuyla, samimiyetiyle, dik duru\u015fuyla b\u00f6yle bir liderimiz olduk\u00e7a T\u00fcrkiyemizin s\u0131rt\u0131 yere gelmez. @RTErdogan @Akparti pic.twitter.com\/G686p3NxAS<\/p>\n<p>T\u00fcrkiye g\u00fcndeminden son dakika haberleri, bug\u00fcn ya\u015fanan en son geli\u015fmeler, siyaset g\u00fcndeminden g\u00fcncel haberler ve b\u00fct\u00fcn son dakika haberleri i\u00e7in H\u00fcrriyet&#x27;in internet haber sitesi hurriyet.com.tr; Hurriyet.com.tr haber i\u00e7erikleri kaynak g\u00f6sterilmeden al\u0131nt\u0131 yap\u0131lamaz, Kanuna ayk\u0131r\u0131 ve izinsiz olarak kopyalanamaz, ba\u015fka yerde yay\u0131nlanamaz.<\/p>\n","protected":false},"excerpt":{"rendered":"<p>Cumhurba\u015fkan\u0131 ve AK Parti Genel Ba\u015fkan\u0131 Recep Tayyip Erdo\u011fan, Merkez Y\u00fcr\u00fctme Kurulu (MYK) toplant\u0131s\u0131 devam ederken, Mihalgazi Belediye Ba\u015fkan\u0131 Zeynep G\u00fcne\u015f&#8230;<\/p>\n","protected":false},"author":2,"featured_media":467,"comment_status":"open","ping_status":"open","sticky":false,"template":"","format":"standard","meta":{"footnotes":""},"categories":[8,1],"tags":[],"class_list":["post-468","post","type-post","status-publish","format-standard","has-post-thumbnail","hentry","category-arsiv","category-uncategorized"],"_links":{"self":[{"href":"https:\/\/eskigazeteci.com\/index.php?rest_route=\/wp\/v2\/posts\/468","targetHints":{"allow":["GET"]}}],"collection":[{"href":"https:\/\/eskigazeteci.com\/index.php?rest_route=\/wp\/v2\/posts"}],"about":[{"href":"https:\/\/eskigazeteci.com\/index.php?rest_route=\/wp\/v2\/types\/post"}],"author":[{"embeddable":true,"href":"https:\/\/eskigazeteci.com\/index.php?rest_route=\/wp\/v2\/users\/2"}],"replies":[{"embeddable":true,"href":"https:\/\/eskigazeteci.com\/index.php?rest_route=%2Fwp%2Fv2%2Fcomments&post=468"}],"version-history":[{"count":0,"href":"https:\/\/eskigazeteci.com\/index.php?rest_route=\/wp\/v2\/posts\/468\/revisions"}],"wp:featuredmedia":[{"embeddable":true,"href":"https:\/\/eskigazeteci.com\/index.php?rest_route=\/wp\/v2\/media\/467"}],"wp:attachment":[{"href":"https:\/\/eskigazeteci.com\/index.php?rest_route=%2Fwp%2Fv2%2Fmedia&parent=468"}],"wp:term":[{"taxonomy":"category","embeddable":true,"href":"https:\/\/eskigazeteci.com\/index.php?rest_route=%2Fwp%2Fv2%2Fcategories&post=468"},{"taxonomy":"post_tag","embeddable":true,"href":"https:\/\/eskigazeteci.com\/index.php?rest_route=%2Fwp%2Fv2%2Ftags&post=468"}],"curies":[{"name":"wp","href":"https:\/\/api.w.org\/{rel}","templated":true}]}}