{"id":466,"date":"2026-02-09T19:52:54","date_gmt":"2026-02-09T19:52:54","guid":{"rendered":"https:\/\/eskigazeteci.com\/?p=466"},"modified":"2026-02-09T19:52:54","modified_gmt":"2026-02-09T19:52:54","slug":"kerem-akturkoglundan-forma-rekabeti-sorusuna-yanit","status":"publish","type":"post","link":"https:\/\/eskigazeteci.com\/?p=466","title":{"rendered":"Kerem Akt\u00fcrko\u011flu&#8217;ndan forma rekabeti sorusuna yan\u0131t!"},"content":{"rendered":"<p>Trendyol S\u00fcper Lig&#x27;in 21. haftas\u0131nda Gen\u00e7lerbirli\u011fi &#x27;ni evinde 3-1 ma\u011flup eden Fenerbah\u00e7e &#x27;de Nelson Semedo, \u0130smail Y\u00fcksek ve Kerem Akt\u00fcrko\u011flu ma\u00e7\u0131n ard\u0131ndan konu\u015ftu.<\/p>\n<p>SEMEDO: \u015e\u0130MD\u0130 TRABZONSPOR MA\u00c7I<\/p>\n<p>&quot;Tek d\u00fc\u015f\u00fcncemiz bug\u00fcnk\u00fc ma\u00e7t\u0131. \u015eimdi Trabzonspor&#x27;u d\u00fc\u015f\u00fcnmeye ba\u015flayabiliriz. \u0130lk yar\u0131da bana g\u00f6re iyi bir oyun oynad\u0131k ve 3 gol att\u0131k. Rakibimize de \u015fans tan\u0131mad\u0131k. Onlar da iyi bir tak\u0131m. Son haftalarda iyi sonu\u00e7lar ald\u0131lar. Kolay g\u00f6r\u00fcnebilir ama \u00f6yle de\u011fil \u00e7\u00fcnk\u00fc biz iyiydik. Herkes iyi i\u015f \u00e7\u0131kard\u0131 ve \u015fimdi Trabzonspor ma\u00e7\u0131n\u0131 d\u00fc\u015f\u00fcnece\u011fiz.&quot;<\/p>\n<p>\u0130SMA\u0130L Y\u00dcKSEK : FENERBAH\u00c7E YIKILMAZ<\/p>\n<p>&quot;Kazand\u0131\u011f\u0131m\u0131z i\u00e7in \u00e7ok mutluyuz. Tak\u0131m\u0131 tebrik ediyorum. Ger\u00e7ekten iyi bir atmosferde oynad\u0131k. Taraftar\u0131m\u0131za te\u015fekk\u00fcr ederiz.<\/p>\n<p>Sezon ba\u015f\u0131ndan bu yana \u015fampiyon olmak isteyen bir tak\u0131m var. \u0130n\u015fallah sezon sonunda \u015fampiyon olan tak\u0131m olmak istiyoruz. Sezon ba\u015f\u0131ndan bu yana olanlar\u0131 d\u00fc\u015f\u00fcn\u00fcnce, Fenerbah\u00e7e y\u0131k\u0131lmaz.<\/p>\n<p>\u0130n\u015fallah sezon sonunda g\u00fclen, taraftar\u0131n\u0131 mutlu eden Fenerbah\u00e7e olur. Tak\u0131m\u0131 tekrardan tebrik ediyorum.&quot;<\/p>\n<p>KEREM AKT\u00dcRKO\u011eLU : MEVK\u0130 FARK ETM\u0130YOR<\/p>\n<p>&quot;Gol atmak, skora katk\u0131 sa\u011flamak \u00e7ok g\u00fczel. Ben de bunu istiyorum. Son zamanlarda bu konuda s\u0131k\u0131nt\u0131lar\u0131m oldu ama \u00f6nemli olan tak\u0131ma katk\u0131 sa\u011flayabilmek. Skora katk\u0131 sa\u011flay\u0131p tak\u0131ma katk\u0131 sa\u011flamak daha g\u00fczel tabii ki. Buraya geldi\u011fim ilk zamanda da taraftar\u0131m\u0131z\u0131n deste\u011fini hissettim. Bug\u00fcne kadar hep desteklerini hissettirdiler. Daha g\u00fczel \u015fekilde kar\u015f\u0131l\u0131k vermek istiyordum. Bug\u00fcn nasip oldu. \u0130n\u015fallah hep b\u00f6yle devam eder. Ben de skor olarak katk\u0131 sa\u011flarsam daha mutlu olurum ama tak\u0131m\u0131n ba\u015far\u0131s\u0131 \u00f6nemli. Umar\u0131m \u015fampiyon olur ve taraftar\u0131m\u0131za hak etti\u011fi \u015fampiyonlu\u011fu arma\u011fan ederiz.<\/p>\n<p>Kupa ma\u00e7\u0131nda 9 numara oynad\u0131m, milli tak\u0131mda da oynad\u0131m. Kaleye ne kadar yak\u0131n olursam benim i\u00e7in o kadar iyi. Mevki fark etmiyor. Tak\u0131ma katk\u0131 sa\u011flamak \u00f6nemli. \u00d6nemli olan galibiyet almak. Nerede tak\u0131ma katk\u0131 sa\u011flarsam mutlu olurum.&quot;<\/p>\n<p>T\u00fcrkiye&#x27;den ve D\u00fcnya\u2019dan son dakika haberleri, k\u00f6\u015fe yaz\u0131lar\u0131, magazinden siyasete, spordan seyahate b\u00fct\u00fcn konular\u0131n tek adresi Hurriyet.com.tr haber i\u00e7erikleri izin al\u0131nmadan, kaynak g\u00f6sterilerek dahi iktibas edilemez. Kanuna ayk\u0131r\u0131 ve izinsiz olarak kopyalanamaz, ba\u015fka yerde yay\u0131nlanamaz.<\/p>\n","protected":false},"excerpt":{"rendered":"<p>Fenerbah\u00e7e&#8217;de Nelson Semedo, Kerem Akt\u00fcrko\u011flu ve \u0130smail Y\u00fcksek, Gen\u00e7lerbirli\u011fi galibiyetinin ard\u0131ndan a\u00e7\u0131klamalarda bulundu.<\/p>\n","protected":false},"author":2,"featured_media":465,"comment_status":"open","ping_status":"open","sticky":false,"template":"","format":"standard","meta":{"footnotes":""},"categories":[8,1],"tags":[],"class_list":["post-466","post","type-post","status-publish","format-standard","has-post-thumbnail","hentry","category-arsiv","category-uncategorized"],"_links":{"self":[{"href":"https:\/\/eskigazeteci.com\/index.php?rest_route=\/wp\/v2\/posts\/466","targetHints":{"allow":["GET"]}}],"collection":[{"href":"https:\/\/eskigazeteci.com\/index.php?rest_route=\/wp\/v2\/posts"}],"about":[{"href":"https:\/\/eskigazeteci.com\/index.php?rest_route=\/wp\/v2\/types\/post"}],"author":[{"embeddable":true,"href":"https:\/\/eskigazeteci.com\/index.php?rest_route=\/wp\/v2\/users\/2"}],"replies":[{"embeddable":true,"href":"https:\/\/eskigazeteci.com\/index.php?rest_route=%2Fwp%2Fv2%2Fcomments&post=466"}],"version-history":[{"count":0,"href":"https:\/\/eskigazeteci.com\/index.php?rest_route=\/wp\/v2\/posts\/466\/revisions"}],"wp:featuredmedia":[{"embeddable":true,"href":"https:\/\/eskigazeteci.com\/index.php?rest_route=\/wp\/v2\/media\/465"}],"wp:attachment":[{"href":"https:\/\/eskigazeteci.com\/index.php?rest_route=%2Fwp%2Fv2%2Fmedia&parent=466"}],"wp:term":[{"taxonomy":"category","embeddable":true,"href":"https:\/\/eskigazeteci.com\/index.php?rest_route=%2Fwp%2Fv2%2Fcategories&post=466"},{"taxonomy":"post_tag","embeddable":true,"href":"https:\/\/eskigazeteci.com\/index.php?rest_route=%2Fwp%2Fv2%2Ftags&post=466"}],"curies":[{"name":"wp","href":"https:\/\/api.w.org\/{rel}","templated":true}]}}