{"id":462,"date":"2026-02-09T19:32:55","date_gmt":"2026-02-09T19:32:55","guid":{"rendered":"https:\/\/eskigazeteci.com\/?p=462"},"modified":"2026-02-09T19:32:55","modified_gmt":"2026-02-09T19:32:55","slug":"fenerbahcede-ngolo-kante-siftah-yapti-kerem-akturkoglu-golleriyle-costu","status":"publish","type":"post","link":"https:\/\/eskigazeteci.com\/?p=462","title":{"rendered":"Fenerbah\u00e7e&#8217;de N&#8217;Golo Kante siftah yapt\u0131, Kerem Akt\u00fcrko\u011flu golleriyle co\u015ftu!"},"content":{"rendered":"<p>Trendyol S\u00fcper Lig&#x27;in 21. haftas\u0131nda Fenerbah\u00e7e , taraftar\u0131n\u0131n \u00f6n\u00fcnde Gen\u00e7lerbirli\u011fi&#x27;ni 3-0 ma\u011flup etti.<\/p>\n<p>Kanarya, 16. dakikada Talisca&#x27;n\u0131n gol\u00fcyle \u00f6ne ge\u00e7erken, 27 ve 33. dakikalarda Kerem Akt\u00fcrko\u011flu ile fark\u0131 3&#x27;e \u00e7\u0131kard\u0131.<\/p>\n<p>TAR\u0130H\u0130 PERFORMANS<\/p>\n<p>Fenerbah\u00e7e, S\u00fcper Lig tarihinde ilk kez oynad\u0131\u011f\u0131 ilk 21 ma\u00e7\u0131 nama\u011flup tamamlad\u0131.<\/p>\n<p>Ge\u00e7ti\u011fimiz hafta Kocaelispor&#x27;u deplasmanda ma\u011flup eden Tedesco&#x27;nun \u00f6\u011frencileri \u00fcst \u00fcste 2, toplamda 14. galibiyetini elde etti.<\/p>\n<p>Bu sezon ligde yenilgi y\u00fcz\u00fc g\u00f6rmeyen Fenerbah\u00e7e, 14 galibiyet, 7 beraberlikle puan\u0131n\u0131 49&#x27;a y\u00fckseltti. Sar\u0131-lacivertliler, 14 \u015eubat Cumartesi g\u00fcn\u00fc Trabzonspor ile deplasmanda kar\u015f\u0131la\u015facak.<\/p>\n<p>3. KEZ \u0130LK YARIDA 3 GOL B\u0130RDEN<\/p>\n<p>Sar\u0131-lacivertliler, sezonun ilk yar\u0131s\u0131nda Gen\u00e7lerbirli\u011fi ile oynad\u0131\u011f\u0131 ma\u00e7ta da golleri ilk yar\u0131da bulmu\u015f, sahadan 3-1&#x27;lik galibiyetle ayr\u0131lm\u0131\u015ft\u0131. Fenerbah\u00e7e, ligin 16. haftas\u0131nda konuk etti\u011fi Konyaspor kar\u015f\u0131s\u0131nda da ilk yar\u0131da 3 gol kaydederken, m\u00fcsabakay\u0131 4-0 kazand\u0131.<\/p>\n<p>Fenerbah\u00e7e, bu sezon 3. kez bir lig ma\u00e7\u0131n\u0131n ilk yar\u0131s\u0131nda 3 kez gol sevinci ya\u015fad\u0131.<\/p>\n<p>KEREM AKT\u00dcRKO\u011eLU&#x27;NDAN 6 DAK\u0130KADA DUBLE<\/p>\n<p>Kar\u015f\u0131la\u015fmay\u0131 27. ve 33. dakikalarda att\u0131\u011f\u0131 2 golle tamamlayan Kerem Akt\u00fcrko\u011flu, ligde 8 ma\u00e7 sonra gol sevinci ya\u015fad\u0131.<\/p>\n<p>Bu sezon sar\u0131-lacivertli formay\u0131 14&#x27;\u00fc ilk 11 olmak \u00fczere 17 ma\u00e7ta terleten Kerem, Kayserispor ma\u00e7\u0131nda gole imza atm\u0131\u015ft\u0131. 27 ya\u015f\u0131ndaki futbolcu, bug\u00fcn att\u0131\u011f\u0131 gollerle ligde 3. gol\u00fcne ula\u015ft\u0131.<\/p>\n<p>Kerem Akt\u00fcrko\u011flu , UEFA Avrupa Ligi&#x27;nde de 4 gole imza atarken, bu sezon Fenerbah\u00e7e&#x27;de t\u00fcm kulvarlarda 8. gol\u00fcn\u00fc kaydetti.<\/p>\n<p>Kerem, k\u0131rm\u0131z\u0131-siyahl\u0131lar kar\u015f\u0131s\u0131nda 70. dakikada yerini Musaba&#x27;ya b\u0131rakt\u0131.<\/p>\n<p>KANTE VE SIDIK\u0130 CHERIF S\u0130FTAH YAPTI<\/p>\n<p>Fenerbah\u00e7e&#x27;nin ara transferde kadrosuna katt\u0131\u011f\u0131 Sidiki Cherif ile N&#x27;Golo Kante ilk kez sar\u0131-lacivertli formay\u0131 giydi.<\/p>\n<p>Kante m\u00fcsabakaya ilk 11&#x27;de ba\u015flarken 62 dakika sahada kald\u0131.<\/p>\n<p>Sidiki Cherif ise 82. dakikada Talisca&#x27;n\u0131n yerine oyuna dahil oldu. 19 ya\u015f\u0131ndaki forvet oyuna girerken trib\u00fcnler de alk\u0131\u015flarla destek verdi.<\/p>\n<p>N&#x27;Golo Kante&#x27;nin Gen\u00e7lerbirli\u011fi performans\u0131;<\/p>\n<p>Topla bulu\u015fma: 37 Pas: 26\/32 (%81) Uzun pas: 1\/1 Pas aras\u0131: 1 \u0130kili m\u00fccadele: 2\/2 Hava topu: 1\/1 Sahipsiz top kazanma: 2<\/p>\n<p>TEDESCO&#x27;DAN KANTE YANITI<\/p>\n<p>M\u00fccadelenin ard\u0131ndan a\u00e7\u0131klamalarda bulunan teknik direkt\u00f6r Domenico Tedesco, oyuncusu N&#x27;Golo Kante &#x27;nin performans\u0131 hakk\u0131nda &quot;\u0130yi, \u00e7ok iyi buldum. Ba\u015flang\u0131\u00e7 yapmak i\u00e7in kolay bir ma\u00e7 de\u011fildi ama onun ad\u0131na mutluyum. Ona sordum ve mutluyum dedi. O mutluysa, ben de mutluyum.&quot; ifadelerini kulland\u0131.<\/p>\n<p>T\u00fcrkiye&#x27;den ve D\u00fcnya\u2019dan son dakika haberleri, k\u00f6\u015fe yaz\u0131lar\u0131, magazinden siyasete, spordan seyahate b\u00fct\u00fcn konular\u0131n tek adresi Hurriyet.com.tr haber i\u00e7erikleri izin al\u0131nmadan, kaynak g\u00f6sterilerek dahi iktibas edilemez. Kanuna ayk\u0131r\u0131 ve izinsiz olarak kopyalanamaz, ba\u015fka yerde yay\u0131nlanamaz.<\/p>\n","protected":false},"excerpt":{"rendered":"<p>Tedesco y\u00f6netimindeki Fenerbah\u00e7e, Trendyol S\u00fcper Lig&#8217;in 21. hafta kapan\u0131\u015f ma\u00e7\u0131nda Gen\u00e7lerbirli\u011fi&#8217;ni 3-0 ma\u011flup etti. Sar\u0131-lacivertlilerin ara transferde&#8230;<\/p>\n","protected":false},"author":2,"featured_media":461,"comment_status":"open","ping_status":"open","sticky":false,"template":"","format":"standard","meta":{"footnotes":""},"categories":[8,1],"tags":[],"class_list":["post-462","post","type-post","status-publish","format-standard","has-post-thumbnail","hentry","category-arsiv","category-uncategorized"],"_links":{"self":[{"href":"https:\/\/eskigazeteci.com\/index.php?rest_route=\/wp\/v2\/posts\/462","targetHints":{"allow":["GET"]}}],"collection":[{"href":"https:\/\/eskigazeteci.com\/index.php?rest_route=\/wp\/v2\/posts"}],"about":[{"href":"https:\/\/eskigazeteci.com\/index.php?rest_route=\/wp\/v2\/types\/post"}],"author":[{"embeddable":true,"href":"https:\/\/eskigazeteci.com\/index.php?rest_route=\/wp\/v2\/users\/2"}],"replies":[{"embeddable":true,"href":"https:\/\/eskigazeteci.com\/index.php?rest_route=%2Fwp%2Fv2%2Fcomments&post=462"}],"version-history":[{"count":0,"href":"https:\/\/eskigazeteci.com\/index.php?rest_route=\/wp\/v2\/posts\/462\/revisions"}],"wp:featuredmedia":[{"embeddable":true,"href":"https:\/\/eskigazeteci.com\/index.php?rest_route=\/wp\/v2\/media\/461"}],"wp:attachment":[{"href":"https:\/\/eskigazeteci.com\/index.php?rest_route=%2Fwp%2Fv2%2Fmedia&parent=462"}],"wp:term":[{"taxonomy":"category","embeddable":true,"href":"https:\/\/eskigazeteci.com\/index.php?rest_route=%2Fwp%2Fv2%2Fcategories&post=462"},{"taxonomy":"post_tag","embeddable":true,"href":"https:\/\/eskigazeteci.com\/index.php?rest_route=%2Fwp%2Fv2%2Ftags&post=462"}],"curies":[{"name":"wp","href":"https:\/\/api.w.org\/{rel}","templated":true}]}}