{"id":460,"date":"2026-02-09T19:22:55","date_gmt":"2026-02-09T19:22:55","guid":{"rendered":"https:\/\/eskigazeteci.com\/?p=460"},"modified":"2026-02-09T19:22:55","modified_gmt":"2026-02-09T19:22:55","slug":"iran-disisleri-bakani-arakci-abd-ile-aramizda-cok-buyuk-bir-guvensizlik-duvari-var","status":"publish","type":"post","link":"https:\/\/eskigazeteci.com\/?p=460","title":{"rendered":"\u0130ran D\u0131\u015fi\u015fleri Bakan\u0131 Arak\u00e7i: ABD ile aram\u0131zda \u00e7ok b\u00fcy\u00fck bir g\u00fcvensizlik duvar\u0131 var"},"content":{"rendered":"<p>\u0130ran D\u0131\u015fi\u015fleri Bakan\u0131 Abbas Arak\u00e7i , ba\u015fkent Tahran\u2019da \u0130slam Devrimi\u2019nin 47\u2019nci y\u0131ld\u00f6n\u00fcm\u00fc nedeniyle d\u00fczenlenen t\u00f6rende konu\u015ftu. Arak\u00e7i, ge\u00e7en y\u0131ldan bu yana \u0130ran\u2019da, b\u00f6lgede ve uluslararas\u0131 d\u00fczeyde \u00e7ok \u00f6nemli ve \u00e7arp\u0131c\u0131 geli\u015fmeler ya\u015fand\u0131\u011f\u0131n\u0131 belirterek, &quot;12 g\u00fcnl\u00fck bir sava\u015fa tan\u0131k olduk. Ard\u0131ndan New York\u2019taki geli\u015fmeler, Avrupa \u00fclkelerinin BM G\u00fcvenlik Konseyi\u2019ne ba\u015fvurusu ve son d\u00f6nemdeki karga\u015fa olaylar\u0131 ya\u015fand\u0131. Asl\u0131nda 8-10 Ocak tarihlerinde ya\u015fananlar\u0131, d\u0131\u015far\u0131dan y\u00f6nlendirilen geni\u015f \u00e7apl\u0131 bir ter\u00f6r operasyonu olarak nitelendirmek gerekir. Bu s\u00fcre\u00e7te \u0130ran\u2019da darbeye benzer bir giri\u015fimde bulunmaya \u00e7al\u0131\u015ft\u0131lar&quot; dedi.<\/p>\n<p>&quot;12 G\u00dcNL\u00dcK SAVA\u015e EN KR\u0130T\u0130K GEL\u0130\u015eMELERDEN B\u0130R\u0130YD\u0130&quot;<\/p>\n<p>Arak\u00e7i, &quot;ABD\u2019nin b\u00f6lgemizdeki askeri konu\u015flanmas\u0131 ve son birka\u00e7 g\u00fcn i\u00e7inde \u0130ran ile ABD aras\u0131nda dolayl\u0131 m\u00fczakerelerin yeniden ba\u015flamas\u0131 da bu s\u00fcrecin \u00f6nemli ba\u015fl\u0131klar\u0131 aras\u0131nda yer ald\u0131. Bunlar\u0131n her biri tek ba\u015f\u0131na bir \u00fclkeye uzun s\u00fcre yetecek kadar b\u00fcy\u00fck geli\u015fmelerdi ancak biz hepsini k\u0131sa aral\u0131klarla pe\u015f pe\u015fe ya\u015fad\u0131k. 12 g\u00fcnl\u00fck sava\u015f ise bu s\u00fcrecin en kritik geli\u015fmelerinden biriydi. Sava\u015f\u0131n ba\u015f\u0131nda \u0130ran\u2019\u0131n kay\u0131ts\u0131z \u015farts\u0131z teslim olmas\u0131n\u0131 isteyenler, sava\u015f\u0131n on ikinci g\u00fcn\u00fcnde kay\u0131ts\u0131z \u015farts\u0131z ate\u015fkes talep ettiler&quot; ifadelerini kulland\u0131.<\/p>\n<p>&quot;D\u0130PLOMAS\u0130DEN BA\u015eKA B\u0130R YOL YOK&quot;<\/p>\n<p>T\u00fcm bu geli\u015fmelerde belirleyici unsurun \u0130ran halk\u0131n\u0131n direni\u015fi oldu\u011funu vurgulayan Arak\u00e7i, &quot;\u0130ran halk\u0131 arka arkaya ya\u015fanan t\u00fcm bu olaylar kar\u015f\u0131s\u0131nda dimdik durdu ve t\u00fcm komplolar\u0131 bo\u015fa \u00e7\u0131kard\u0131. Bir kez daha diplomasinin g\u00fcndeme gelmesine neden olan as\u0131l unsur da \u0130ran halk\u0131n\u0131n bu direni\u015fi oldu. \u0130ran\u2019\u0131n n\u00fckleer meselesini \u00e7\u00f6zmek i\u00e7in diplomasiden ba\u015fka bir yol yok. Bu, defalarca tecr\u00fcbe edilmi\u015f bir ger\u00e7ektir. \u0130ran halk\u0131yla her ne zaman zor ve bask\u0131 diliyle konu\u015fulmu\u015fsa direnmi\u015f, her ne zaman onur ve sayg\u0131 diliyle konu\u015fulmu\u015fsa da ayn\u0131 dille kar\u015f\u0131l\u0131k vermi\u015ftir&quot; dedi.<\/p>\n<p>&quot;M\u00dcZAKERELERDE TAMAMEN C\u0130DD\u0130Y\u0130Z&quot;<\/p>\n<p>ABD ile y\u00fcr\u00fct\u00fclen m\u00fczakereleri de\u011ferlendiren Arak\u00e7i, &quot;Ba\u015flayan g\u00f6r\u00fc\u015fmelerde tamamen ciddiyiz ve sonuca ula\u015fmak i\u00e7in ger\u00e7ek bir m\u00fczakere y\u00fcr\u00fctmek istiyoruz. Ancak bunun i\u00e7in kar\u015f\u0131 taraf\u0131n da ayn\u0131 ciddiyeti g\u00f6stermesi ve sonu\u00e7 odakl\u0131 bir s\u00fcrece haz\u0131r olmas\u0131 gerekiyor. Ne yaz\u0131k ki ABD\u2019nin ge\u00e7mi\u015f y\u0131llardaki, \u00f6zellikle de son bir y\u0131ldaki tutumu nedeniyle aram\u0131zda \u00e7ok b\u00fcy\u00fck bir g\u00fcvensizlik duvar\u0131 var. Daha \u00f6nce de m\u00fczakere s\u00fcrecindeydik ancak baz\u0131 geli\u015fmeler ya\u015fand\u0131 ve \u00fclkemize y\u00f6nelik bir sald\u0131r\u0131 ger\u00e7ekle\u015fti. M\u00fczakerelerin somut bir sonuca ula\u015fabilmesi i\u00e7in gerekli g\u00fcven ortam\u0131n\u0131n olu\u015fmas\u0131n\u0131 umuyoruz&quot; dedi.<\/p>\n<p>Yurtd\u0131\u015f\u0131nda ya\u015fanan en son olaylar, d\u00fcnya g\u00fcndemine oturan d\u0131\u015f haberler, son dakika d\u00fcnya haberleri, di\u011fer d\u00fcnya \u00fclkelerinden g\u00fcncel haberler i\u00e7in T\u00fcrkiye&#x27;nin haber sitesi hurriyet.com.tr; Hurriyet.com.tr haber i\u00e7erikleri kaynak g\u00f6sterilmeden al\u0131nt\u0131 yap\u0131lamaz, Kanuna ayk\u0131r\u0131 ve izinsiz olarak kopyalanamaz, ba\u015fka yerde yay\u0131nlanamaz.<\/p>\n","protected":false},"excerpt":{"rendered":"<p>\u0130ran D\u0131\u015fi\u015fleri Bakan\u0131 Abbas Arak\u00e7i, ABD ile y\u00fcr\u00fct\u00fclen m\u00fczakerelere ili\u015fkin, Ba\u015flayan g\u00f6r\u00fc\u015fmelerde tamamen ciddiyiz ve sonuca ula\u015fmak i\u00e7in ger\u00e7ek bir m\u00fczakere&#8230;<\/p>\n","protected":false},"author":2,"featured_media":459,"comment_status":"open","ping_status":"open","sticky":false,"template":"","format":"standard","meta":{"footnotes":""},"categories":[8,1],"tags":[],"class_list":["post-460","post","type-post","status-publish","format-standard","has-post-thumbnail","hentry","category-arsiv","category-uncategorized"],"_links":{"self":[{"href":"https:\/\/eskigazeteci.com\/index.php?rest_route=\/wp\/v2\/posts\/460","targetHints":{"allow":["GET"]}}],"collection":[{"href":"https:\/\/eskigazeteci.com\/index.php?rest_route=\/wp\/v2\/posts"}],"about":[{"href":"https:\/\/eskigazeteci.com\/index.php?rest_route=\/wp\/v2\/types\/post"}],"author":[{"embeddable":true,"href":"https:\/\/eskigazeteci.com\/index.php?rest_route=\/wp\/v2\/users\/2"}],"replies":[{"embeddable":true,"href":"https:\/\/eskigazeteci.com\/index.php?rest_route=%2Fwp%2Fv2%2Fcomments&post=460"}],"version-history":[{"count":0,"href":"https:\/\/eskigazeteci.com\/index.php?rest_route=\/wp\/v2\/posts\/460\/revisions"}],"wp:featuredmedia":[{"embeddable":true,"href":"https:\/\/eskigazeteci.com\/index.php?rest_route=\/wp\/v2\/media\/459"}],"wp:attachment":[{"href":"https:\/\/eskigazeteci.com\/index.php?rest_route=%2Fwp%2Fv2%2Fmedia&parent=460"}],"wp:term":[{"taxonomy":"category","embeddable":true,"href":"https:\/\/eskigazeteci.com\/index.php?rest_route=%2Fwp%2Fv2%2Fcategories&post=460"},{"taxonomy":"post_tag","embeddable":true,"href":"https:\/\/eskigazeteci.com\/index.php?rest_route=%2Fwp%2Fv2%2Ftags&post=460"}],"curies":[{"name":"wp","href":"https:\/\/api.w.org\/{rel}","templated":true}]}}