{"id":456,"date":"2026-02-09T19:12:57","date_gmt":"2026-02-09T19:12:57","guid":{"rendered":"https:\/\/eskigazeteci.com\/?p=456"},"modified":"2026-02-09T19:12:57","modified_gmt":"2026-02-09T19:12:57","slug":"kacak-komur-ocagini-su-basti-1-olu-1-yarali","status":"publish","type":"post","link":"https:\/\/eskigazeteci.com\/?p=456","title":{"rendered":"Ka\u00e7ak k\u00f6m\u00fcr oca\u011f\u0131n\u0131 su bast\u0131: 1 \u00f6l\u00fc, 1 yaral\u0131"},"content":{"rendered":"<p>Olay, ak\u015fam saatlerinde Kilimli il\u00e7esine ba\u011fl\u0131 Gelik beldesindeki ka\u00e7ak bir k\u00f6m\u00fcr oca\u011f\u0131nda meydana geldi. \u0130ddiaya g\u00f6re, \u00e7al\u0131\u015fma yap\u0131ld\u0131\u011f\u0131 s\u0131rada ka\u00e7ak oca\u011f\u0131 su bast\u0131. Mahsur kalan i\u015f\u00e7ilerden U\u011fur Eriko\u011flu ve H.G.\u2019yi suyun i\u00e7erisinden mesai arkada\u015flar\u0131 \u00e7\u0131kararak Atat\u00fcrk Devlet Hastanesi\u2019ne g\u00f6t\u00fcrd\u00fc. Buradaki m\u00fcdahalelere ra\u011fmen U\u011fur Eriko\u011flu kurtar\u0131lamad\u0131. Durumu a\u011f\u0131r olan H.G.\u2019nin tedavisi s\u00fcr\u00fcyor. Ac\u0131 haberi alan Eriko\u011flu\u2019nun yak\u0131nlar\u0131 hastane \u00f6n\u00fcnde olay\u0131n \u00fcz\u00fcnt\u00fc ya\u015fad\u0131.<\/p>\n<p>\u00d6te yandan su basan ka\u00e7ak oca\u011f\u0131n\u0131n jandarma ekipleri taraf\u0131ndan 9 Eyl\u00fcl 2025\u2019te m\u00fch\u00fcrledi\u011fi ve ayn\u0131 y\u0131l 26 Aral\u0131k\u2019ta yap\u0131lan kontrolde m\u00fchr\u00fcn bozulmad\u0131\u011f\u0131n\u0131n g\u00f6r\u00fcld\u00fc\u011f\u00fc \u00f6\u011frenildi. Jandarman\u0131n olayla ilgili ba\u015flatt\u0131\u011f\u0131 soru\u015fturma s\u00fcr\u00fcyor.<\/p>\n<p>T\u00fcrkiye g\u00fcndeminden son dakika haberleri, bug\u00fcn ya\u015fanan en son geli\u015fmeler, siyaset g\u00fcndeminden g\u00fcncel haberler ve b\u00fct\u00fcn son dakika haberleri i\u00e7in H\u00fcrriyet&#x27;in internet haber sitesi hurriyet.com.tr; Hurriyet.com.tr haber i\u00e7erikleri kaynak g\u00f6sterilmeden al\u0131nt\u0131 yap\u0131lamaz, Kanuna ayk\u0131r\u0131 ve izinsiz olarak kopyalanamaz, ba\u015fka yerde yay\u0131nlanamaz.<\/p>\n","protected":false},"excerpt":{"rendered":"<p>Zonguldak\u2019ta ka\u00e7ak k\u00f6m\u00fcr oca\u011f\u0131n\u0131 su bast\u0131. Olay s\u0131ras\u0131nda ocakta \u00e7al\u0131\u015fan U\u011fur Eriko\u011flu (32) hayat\u0131n\u0131 kaybetti, H.G. ise (41) yaraland\u0131.<\/p>\n","protected":false},"author":2,"featured_media":455,"comment_status":"open","ping_status":"open","sticky":false,"template":"","format":"standard","meta":{"footnotes":""},"categories":[8,1],"tags":[],"class_list":["post-456","post","type-post","status-publish","format-standard","has-post-thumbnail","hentry","category-arsiv","category-uncategorized"],"_links":{"self":[{"href":"https:\/\/eskigazeteci.com\/index.php?rest_route=\/wp\/v2\/posts\/456","targetHints":{"allow":["GET"]}}],"collection":[{"href":"https:\/\/eskigazeteci.com\/index.php?rest_route=\/wp\/v2\/posts"}],"about":[{"href":"https:\/\/eskigazeteci.com\/index.php?rest_route=\/wp\/v2\/types\/post"}],"author":[{"embeddable":true,"href":"https:\/\/eskigazeteci.com\/index.php?rest_route=\/wp\/v2\/users\/2"}],"replies":[{"embeddable":true,"href":"https:\/\/eskigazeteci.com\/index.php?rest_route=%2Fwp%2Fv2%2Fcomments&post=456"}],"version-history":[{"count":0,"href":"https:\/\/eskigazeteci.com\/index.php?rest_route=\/wp\/v2\/posts\/456\/revisions"}],"wp:featuredmedia":[{"embeddable":true,"href":"https:\/\/eskigazeteci.com\/index.php?rest_route=\/wp\/v2\/media\/455"}],"wp:attachment":[{"href":"https:\/\/eskigazeteci.com\/index.php?rest_route=%2Fwp%2Fv2%2Fmedia&parent=456"}],"wp:term":[{"taxonomy":"category","embeddable":true,"href":"https:\/\/eskigazeteci.com\/index.php?rest_route=%2Fwp%2Fv2%2Fcategories&post=456"},{"taxonomy":"post_tag","embeddable":true,"href":"https:\/\/eskigazeteci.com\/index.php?rest_route=%2Fwp%2Fv2%2Ftags&post=456"}],"curies":[{"name":"wp","href":"https:\/\/api.w.org\/{rel}","templated":true}]}}