{"id":448,"date":"2026-02-09T19:02:54","date_gmt":"2026-02-09T19:02:54","guid":{"rendered":"https:\/\/eskigazeteci.com\/?p=448"},"modified":"2026-02-09T19:02:54","modified_gmt":"2026-02-09T19:02:54","slug":"fenerbahce-3","status":"publish","type":"post","link":"https:\/\/eskigazeteci.com\/?p=448","title":{"rendered":"Fenerbah\u00e7e 3"},"content":{"rendered":"<p>Fenerbah\u00e7e , Trendyol S\u00fcper Lig &#x27;in 21. haftas\u0131nda sahas\u0131nda Gen\u00e7lerbirli\u011fi&#x27;yle kozlar\u0131n\u0131 payla\u015ft\u0131.<\/p>\n<p>Kad\u0131k\u00f6y&#x27;de oynanan m\u00fccadeleyi Fenerbah\u00e7e 3-1 kazand\u0131.<\/p>\n<p>Sar\u0131-lacivertliler, 16 dakikada Talisca&#x27;n\u0131n penalt\u0131 gol\u00fcyle \u00f6ne ge\u00e7ti.<\/p>\n<p>Fenerbah\u00e7e, 27. dakikada Kerem Akt\u00fcrko\u011flu ile fark\u0131 2&#x27;ye \u00e7\u0131kard\u0131.<\/p>\n<p>\u0130lk yar\u0131da son s\u00f6z\u00fc ise yine 33. dakikada Kerem Akt\u00fcrko\u011flu s\u00f6yledi ve ev sahibi tak\u0131m, devreye 3-0 \u00fcst\u00fcn girdi.<\/p>\n<p>Kar\u015f\u0131la\u015fman\u0131n skorunu belirleyen gol ise 55. dakikada Koita&#x27;dan geldi.<\/p>\n<p>Bu sonu\u00e7la birlikte puan\u0131n\u0131 49 yapan Fenerbah\u00e7e, zirveyi 3 puan getiedn takibini s\u00fcrd\u00fcrd\u00fc. Gen\u00e7lerbirli\u011fi ise 22 puanda kald\u0131.<\/p>\n<p>Tedesco&#x27;nun \u00f6\u011frencileri, ligde gelecek hafta Trabzonspor deplasman\u0131na gidecek. Ba\u015fkent ekibi, \u00c7aykur Rizespor&#x27;u konuk edecek.<\/p>\n<p>MA\u00c7TAN DAK\u0130KALAR<\/p>\n<p>13. dakikada Asensio\u2019nun pas\u0131nda ceza sahas\u0131 i\u00e7inde topla bulu\u015fan Talisca\u2019n\u0131n sa\u011f \u00e7aprazdan vuru\u015funda Zuzek\u2019e \u00e7arpan top oyun alan\u0131na geri d\u00f6nd\u00fc.<\/p>\n<p>15. dakikada VAR\u2019dan gelen uyar\u0131 sonras\u0131 pozisyonu izleyen hakem Ali \u015eansalan, Zuzek\u2019in topa elle m\u00fcdahale etti\u011fi gerek\u00e7esiyle penalt\u0131 noktas\u0131n\u0131 g\u00f6sterdi.<\/p>\n<p>16. dakikada penalt\u0131y\u0131 kullanan Talisca, me\u015fin yuvarla\u011f\u0131 sa\u011f alt k\u00f6\u015feden a\u011flara g\u00f6nderdi. 1-0<\/p>\n<p>27. dakikada Kante\u2019nin pas\u0131nda topla bulu\u015fan Asensio, bekletmeden topuk pas\u0131yla me\u015fin yuvarla\u011f\u0131 ceza sahas\u0131 i\u00e7ine y\u00f6nelen Kerem\u2019e g\u00f6nderdi. Bu oyuncunun vuru\u015funda top, kaleci Velho\u2019nun solundan filelerle bulu\u015ftu. 2-0<\/p>\n<p>33. dakikada Mert M\u00fcld\u00fcr\u2019\u00fcn sol taraftan yerden ortas\u0131nda ceza sahas\u0131 i\u00e7inde Kerem Akt\u00fcrko\u011flu\u2019nun vuru\u015funda Zuzek\u2019e de \u00e7arpan me\u015fin yuvarlak a\u011flara gitti. 3-0<\/p>\n<p>\u0130kinci yar\u0131 birazdan&#8230;<\/p>\n<p>\u0130LK 11&#x27;LER<\/p>\n<p>Fenerbah\u00e7e : Ederson, Semedo, \u00c7a\u011flar, Oosterwolde, Mert, Kante, Guendouzi, Nene, Asensio, Kerem, Talisca.<\/p>\n<p>Gen\u00e7lerbirli\u011fi : Velho, Pereira, Goutas, Zuzek, Thalisson, O\u011fulcan, Dele-Bashiru, G\u00f6ktan, Tongya, Metehan, Koita.<\/p>\n<p>T\u00fcrkiye&#x27;den ve D\u00fcnya\u2019dan son dakika haberleri, k\u00f6\u015fe yaz\u0131lar\u0131, magazinden siyasete, spordan seyahate b\u00fct\u00fcn konular\u0131n tek adresi Hurriyet.com.tr haber i\u00e7erikleri izin al\u0131nmadan, kaynak g\u00f6sterilerek dahi iktibas edilemez. Kanuna ayk\u0131r\u0131 ve izinsiz olarak kopyalanamaz, ba\u015fka yerde yay\u0131nlanamaz.<\/p>\n","protected":false},"excerpt":{"rendered":"<p>Fenerbah\u00e7e, S\u00fcper Lig&#8217;in 21. haftas\u0131nda Gen\u00e7lerbirli\u011fi&#8217;ni 3-1 ma\u011flup ederek zirve takibini s\u00fcrd\u00fcrd\u00fc.<\/p>\n","protected":false},"author":2,"featured_media":447,"comment_status":"open","ping_status":"open","sticky":false,"template":"","format":"standard","meta":{"footnotes":""},"categories":[8,1],"tags":[],"class_list":["post-448","post","type-post","status-publish","format-standard","has-post-thumbnail","hentry","category-arsiv","category-uncategorized"],"_links":{"self":[{"href":"https:\/\/eskigazeteci.com\/index.php?rest_route=\/wp\/v2\/posts\/448","targetHints":{"allow":["GET"]}}],"collection":[{"href":"https:\/\/eskigazeteci.com\/index.php?rest_route=\/wp\/v2\/posts"}],"about":[{"href":"https:\/\/eskigazeteci.com\/index.php?rest_route=\/wp\/v2\/types\/post"}],"author":[{"embeddable":true,"href":"https:\/\/eskigazeteci.com\/index.php?rest_route=\/wp\/v2\/users\/2"}],"replies":[{"embeddable":true,"href":"https:\/\/eskigazeteci.com\/index.php?rest_route=%2Fwp%2Fv2%2Fcomments&post=448"}],"version-history":[{"count":0,"href":"https:\/\/eskigazeteci.com\/index.php?rest_route=\/wp\/v2\/posts\/448\/revisions"}],"wp:featuredmedia":[{"embeddable":true,"href":"https:\/\/eskigazeteci.com\/index.php?rest_route=\/wp\/v2\/media\/447"}],"wp:attachment":[{"href":"https:\/\/eskigazeteci.com\/index.php?rest_route=%2Fwp%2Fv2%2Fmedia&parent=448"}],"wp:term":[{"taxonomy":"category","embeddable":true,"href":"https:\/\/eskigazeteci.com\/index.php?rest_route=%2Fwp%2Fv2%2Fcategories&post=448"},{"taxonomy":"post_tag","embeddable":true,"href":"https:\/\/eskigazeteci.com\/index.php?rest_route=%2Fwp%2Fv2%2Ftags&post=448"}],"curies":[{"name":"wp","href":"https:\/\/api.w.org\/{rel}","templated":true}]}}