{"id":442,"date":"2026-02-09T17:52:54","date_gmt":"2026-02-09T17:52:54","guid":{"rendered":"https:\/\/eskigazeteci.com\/?p=442"},"modified":"2026-02-09T17:52:54","modified_gmt":"2026-02-09T17:52:54","slug":"son-dakika-kar-yagisi-uyarisi","status":"publish","type":"post","link":"https:\/\/eskigazeteci.com\/?p=442","title":{"rendered":"SON DAK\u0130KA KAR YA\u011eI\u015eI UYARISI"},"content":{"rendered":"<p>Meteoroloji Genel M\u00fcd\u00fcrl\u00fc\u011f\u00fc olarak yap\u0131lan de\u011ferlendirmelere g\u00f6re, \u00fclkemiz genelinin \u00e7ok bulutlu ve aral\u0131kl\u0131 ya\u011f\u0131\u015fl\u0131 ge\u00e7ecek. Ya\u011f\u0131\u015flar\u0131n genellikle ya\u011fmur ve sa\u011fanak, i\u00e7 do\u011fu kesimlerin y\u00fcksekleri karla kar\u0131\u015f\u0131k ya\u011fmurlu, Do\u011fu Anadolu&#x27;nun kuzeyinin kar ya\u011f\u0131\u015fl\u0131 ge\u00e7ece\u011fi tahmin ediliyor. Ya\u011f\u0131\u015flar\u0131n, K\u0131y\u0131 Ege, Manisa, Antalya\u2019n\u0131n do\u011fusu, Rize, Artvin, Hatay, Adana, Osmaniye, Kahramanmara\u015f\u2019\u0131n bat\u0131s\u0131, Erzurum, A\u011fr\u0131, Bitlis ile Tunceli, Bing\u00f6l ve Mu\u015f \u00e7evrelerinde yerel kuvvetli olmas\u0131 bekleniyor. R\u00fczgar\u0131n; Marmara ve Bat\u0131 Karadeniz k\u0131y\u0131lar\u0131nda kuzey ve kuzeydo\u011fu y\u00f6nlerden kuvvetli olarak (50-70 km\/saat) esmesi bekleniyor. Gece ve sabah saatlerinde do\u011fu b\u00f6lgelerde buzlanma ve don olay\u0131 bekleniyor. Do\u011fu Karadeniz\u2019in i\u00e7 kesimlerinin y\u00fcksekleri ile Do\u011fu Anadolu\u2019nun do\u011fusunda y\u00fcksek kar \u00f6rt\u00fcs\u00fcne sahip e\u011fimli kesimlerinde \u00e7\u0131\u011f ile kar erimesi tehlikesi bulunmaktad\u0131r.<\/p>\n<p>KUVVETL\u0130 YA\u011eI\u015e UYARISI: Ya\u011f\u0131\u015flar\u0131n, K\u0131y\u0131 Ege, Manisa, Antalya\u2019n\u0131n do\u011fusu, Rize, Artvin, Hatay, Adana, Osmaniye, Kahramanmara\u015f\u2019\u0131n bat\u0131s\u0131, Erzurum, A\u011fr\u0131, Bitlis ile Tunceli, Bing\u00f6l ve Mu\u015f \u00e7evrelerinde yerel kuvvetli olmas\u0131 beklendi\u011finden sel, su bask\u0131n\u0131, heyelan ve kuvvetli kar ya\u011f\u0131\u015flar\u0131n\u0131n olu\u015fturabilece\u011fi ula\u015f\u0131mda aksamalar gibi olumsuzluklara kar\u015f\u0131 dikkatli ve tedbirli olunmas\u0131 gerekmektedir.<\/p>\n<p>YARIN (10 \u015eUBAT) HAVA NASIL OLACAK?<\/p>\n<p>MARMARA Par\u00e7al\u0131 ve \u00e7ok bulutlu, b\u00f6lge genelinin aral\u0131kl\u0131 ya\u011fmur ve sa\u011fanak ya\u011f\u0131\u015fl\u0131 ge\u00e7ece\u011fi tahmin ediliyor. R\u00fczgar\u0131n; kuzey ve kuzeydo\u011fu y\u00f6nlerden kuvvetli olarak (50-70 km\/saat) esmesi bekleniyor.<\/p>\n<p>ED\u0130RNE 4\u00b0C, 10\u00b0C Par\u00e7al\u0131 ve \u00e7ok bulutlu, bu ak\u015fam (Pazartesi) saatlerinde aral\u0131kl\u0131 sa\u011fanak ya\u011f\u0131\u015fl\u0131<\/p>\n<p>\u0130STANBUL 5\u00b0C, 8\u00b0C Par\u00e7al\u0131 ve \u00e7ok bulutlu, bu ak\u015fam (Pazartesi) ve gece saatlerinde aral\u0131kl\u0131 sa\u011fanak ya\u011f\u0131\u015fl\u0131<\/p>\n<p>KIRKLAREL\u0130 2\u00b0C, 7\u00b0C Par\u00e7al\u0131 ve \u00e7ok bulutlu, bu ak\u015fam (Pazartesi) saatlerinde aral\u0131kl\u0131 sa\u011fanak ya\u011f\u0131\u015fl\u0131<\/p>\n<p>KOCAEL\u0130 7\u00b0C, 9\u00b0C Par\u00e7al\u0131 ve \u00e7ok bulutlu, bu ak\u015fam (Pazartesi) saatlerinde aral\u0131kl\u0131 sa\u011fanak ya\u011f\u0131\u015fl\u0131<\/p>\n<p>EGE Par\u00e7al\u0131 ve \u00e7ok bulutlu, b\u00f6lge genelinin aral\u0131kl\u0131 ya\u011fmur ve sa\u011fanak ya\u011f\u0131\u015fl\u0131, i\u00e7 kesimlerin y\u00fcksekleri ya\u011fmur ve karla kar\u0131\u015f\u0131k ya\u011fmurlu gece\u00e7e\u011fi tahmin ediliyor. Ya\u011f\u0131\u015flar\u0131n, K\u0131y\u0131lar\u0131 ile Manisa \u00e7evrelerinde yerel kuvvetli olmas\u0131 bekleniyor.<\/p>\n<p>AFYONKARAH\u0130SAR 3\u00b0C, 5\u00b0C Par\u00e7al\u0131 ve \u00e7ok bulutlu, aral\u0131kl\u0131 ya\u011fmur ve y\u00fcksekleri karla kar\u0131\u015f\u0131k ya\u011fmurlu<\/p>\n<p>\u0130ZM\u0130R 10\u00b0C, 13\u00b0C Par\u00e7al\u0131 ve \u00e7ok bulutlu, aral\u0131kl\u0131 sa\u011fanak ya\u011f\u0131\u015fl\u0131 gecece\u011fi tahmin ediliyor. Ya\u011f\u0131\u015flar\u0131n, yerel kuvvetli olmas\u0131 bekleniyor.<\/p>\n<p>MAN\u0130SA 8\u00b0C, 9\u00b0C Par\u00e7al\u0131 ve \u00e7ok bulutlu, aral\u0131kl\u0131 sa\u011fanak ya\u011f\u0131\u015fl\u0131 gecece\u011fi tahmin ediliyor. Ya\u011f\u0131\u015flar\u0131n, yerel kuvvetli olmas\u0131 bekleniyor.<\/p>\n<p>MU\u011eLA 6\u00b0C, 11\u00b0C Par\u00e7al\u0131 ve \u00e7ok bulutlu, aral\u0131kl\u0131 sa\u011fanak ya\u011f\u0131\u015fl\u0131 gecece\u011fi tahmin ediliyor. Ya\u011f\u0131\u015flar\u0131n, yerel kuvvetli olmas\u0131 bekleniyor.<\/p>\n<p>AKDEN\u0130Z Par\u00e7al\u0131 ve \u00e7ok bulutlu, b\u00f6lge genelinin aral\u0131kl\u0131 ya\u011fmur ve sa\u011fanak ya\u011f\u0131\u015fl\u0131, Toroslar mevkiinin karla kar\u0131\u015f\u0131k ya\u011fmurlu ge\u00e7ece\u011fi tahmin ediliyor. Ya\u011f\u0131\u015flar\u0131n, Antalya\u2019n\u0131n do\u011fusu, Kahramanmara\u015f\u2019\u0131n bat\u0131s\u0131, Hatay, Adana ve Osmaniye \u00e7evrelerinde yerel kuvvetli olmas\u0131 bekleniyor.<\/p>\n<p>ADANA 11\u00b0C, 18\u00b0C Par\u00e7al\u0131 ve \u00e7ok bulutlu, sabah saatlerinden itibaren aral\u0131kl\u0131 sa\u011fanak ya\u011f\u0131\u015fl\u0131 ge\u00e7ece\u011fi tahmin ediliyor. Ya\u011f\u0131\u015flar\u0131n, yerel kuvvetli olmas\u0131 bekleniyor.<\/p>\n<p>ANTALYA 12\u00b0C, 17\u00b0C Par\u00e7al\u0131 ve \u00e7ok bulutlu, aral\u0131kl\u0131 sa\u011fanak ya\u011f\u0131\u015fl\u0131 ge\u00e7ece\u011fi tahmin ediliyor. Ya\u011f\u0131\u015flar\u0131n, do\u011fu il\u00e7elerinde yerel kuvvetli olmas\u0131 bekleniyor.<\/p>\n<p>HATAY 10\u00b0C, 17\u00b0C Par\u00e7al\u0131 ve \u00e7ok bulutlu, aral\u0131kl\u0131 sa\u011fanak ya\u011f\u0131\u015fl\u0131 ge\u00e7ece\u011fi tahmin ediliyor. Ya\u011f\u0131\u015flar\u0131n, do\u011fu il\u00e7elerinde yerel kuvvetli olmas\u0131 bekleniyor.<\/p>\n<p>ISPARTA 6\u00b0C, 11\u00b0C Par\u00e7al\u0131 ve \u00e7ok bulutlu, aral\u0131kl\u0131 ya\u011fmur ve sa\u011fanak ya\u011f\u0131\u015fl\u0131<\/p>\n<p>\u0130\u00c7 ANADOLU Par\u00e7al\u0131 ve \u00e7ok bulutlu, b\u00f6lge genelinin aral\u0131kl\u0131 ya\u011f\u0131\u015fl\u0131 ge\u00e7ece\u011fi tahmin ediliyor. Genellikle ya\u011fmur ve sa\u011fanak, Sivas, Kayseri ve Ni\u011fde&#x27;nin y\u00fcksek kesimlerinde karla kar\u0131\u015f\u0131k ya\u011fmur \u015feklinde olmas\u0131 bekleniyor.<\/p>\n<p>ANKARA 3\u00b0C, 6\u00b0C Par\u00e7al\u0131 ve \u00e7ok bulutlu, aral\u0131kl\u0131 ya\u011fmur ve sa\u011fanak ya\u011f\u0131\u015fl\u0131<\/p>\n<p>\u00c7ANKIRI 4\u00b0C, 7\u00b0C Par\u00e7al\u0131 ve \u00e7ok bulutlu, aral\u0131kl\u0131 ya\u011fmurlu ve y\u00fcksekleri karla kar\u0131\u015f\u0131k ya\u011fmurlu<\/p>\n<p>ESK\u0130\u015eEH\u0130R 4\u00b0C, 6\u00b0C Par\u00e7al\u0131 ve \u00e7ok bulutlu, aral\u0131kl\u0131 ya\u011fmurlu y\u00fcksekleri karla kar\u0131\u015f\u0131k ya\u011fmurlu<\/p>\n<p>S\u0130VAS 2\u00b0C, 3\u00b0C Par\u00e7al\u0131 ve \u00e7ok bulutlu, aral\u0131kl\u0131 ya\u011fmurlu ve y\u00fcksekleri karla kar\u0131\u015f\u0131k ya\u011fmurlu<\/p>\n<p>BATI KARADEN\u0130Z Par\u00e7al\u0131 ve \u00e7ok bulutlu, b\u00f6lge genelinin aral\u0131kl\u0131 ya\u011fmur ve sa\u011fanak ya\u011f\u0131\u015fl\u0131, i\u00e7 kesimlerinin aral\u0131kl\u0131 karla kar\u0131\u015f\u0131k ya\u011fmurlu ge\u00e7ece\u011fi tahmin ediliyor. R\u00fczgar\u0131n; kuzey ve kuzeydo\u011fu y\u00f6nlerden kuvvetli olarak (50-70 km\/saat) esmesi bekleniyor.<\/p>\n<p>BOLU 3\u00b0C, 8\u00b0C \u00c7ok bulutlu, aral\u0131kl\u0131 karla kar\u0131\u015f\u0131k ya\u011fmurlu<\/p>\n<p>D\u00dcZCE 5\u00b0C, 9\u00b0C Par\u00e7al\u0131 ve \u00e7ok bulutlu, aral\u0131kl\u0131 sa\u011fanak ya\u011f\u0131\u015fl\u0131<\/p>\n<p>S\u0130NOP 4\u00b0C, 9\u00b0C Par\u00e7al\u0131 ve \u00e7ok bulutlu, aral\u0131kl\u0131 sa\u011fanak ya\u011f\u0131\u015fl\u0131<\/p>\n<p>ZONGULDAK 4\u00b0C, 9\u00b0C Par\u00e7al\u0131 ve \u00e7ok bulutlu, bu ak\u015fam saatlerinde aral\u0131kl\u0131 sa\u011fanak ya\u011f\u0131\u015fl\u0131<\/p>\n<p>ORTA ve DO\u011eU KARADEN\u0130Z \u00c7ok bulutlu, b\u00f6lge genelinin aral\u0131kl\u0131 ya\u011f\u0131\u015fl\u0131, k\u0131y\u0131larda ya\u011fmur ve sa\u011fanak, b\u00f6lgenin y\u00fcksek kesimlerinde karla kar\u0131\u015f\u0131k ya\u011fmur ve kar ya\u011f\u0131\u015fl\u0131 ge\u00e7ece\u011fi tahmin ediliyor. Ya\u011f\u0131\u015flar\u0131n, bu ak\u015fam (Pazartesi) saatlerinde Artvin ve Rize \u00e7evrelerinde yerel kuvvetli olmas\u0131 bekleniyor. Do\u011fu Karadeniz&#x27;in i\u00e7 kesimlerinde y\u00fcksek kar \u00f6rt\u00fcs\u00fcne sahip e\u011fimli alanlarda \u00e7\u0131\u011f tehlikesi bulunmaktad\u0131r.<\/p>\n<p>AMASYA 4\u00b0C, 8\u00b0C \u00c7ok bulutlu, aral\u0131kl\u0131 sa\u011fanak ya\u011f\u0131\u015fl\u0131<\/p>\n<p>ARTV\u0130N 2\u00b0C, 7\u00b0C \u00c7ok bulutlu, aral\u0131kl\u0131 ya\u011fmurlu, y\u00fcksek kesimlerinde karla kar\u0131\u015f\u0131k ya\u011fmur ve kar ya\u011f\u0131\u015fl\u0131 ge\u00e7ece\u011fi tahmin ediliyor. Ya\u011f\u0131\u015flar\u0131n, bu ak\u015fam (Pazartesi) saatlerinde yerel kuvvetli olmas\u0131 bekleniyor.<\/p>\n<p>SAMSUN 4\u00b0C, 6\u00b0C \u00c7ok bulutlu, aral\u0131kl\u0131 sa\u011fanak ya\u011f\u0131\u015fl\u0131<\/p>\n<p>TRABZON 5\u00b0C, 7\u00b0C \u00c7ok bulutlu, aral\u0131kl\u0131 sa\u011fanak ya\u011f\u0131\u015fl\u0131<\/p>\n<p>DO\u011eU ANADOLU Par\u00e7al\u0131 ve \u00e7ok bulutlu, b\u00f6lge genelinin aral\u0131kl\u0131 karla kar\u0131\u015f\u0131k ya\u011fmur ve kar ya\u011f\u0131\u015fl\u0131 ge\u00e7ece\u011fi tahmin ediliyor. Ya\u011f\u0131\u015flar\u0131n, Erzurum, A\u011fr\u0131, Bitlis ile Tunceli, Bing\u00f6l ve Mu\u015f \u00e7evrelerinde yerel kuvvetli olmas\u0131 bekleniyor. Gece ve sabah saatlerinde buzlanma ve don olay\u0131 bekleniyor. B\u00f6lgenin do\u011fusunun y\u00fcksek kar \u00f6rt\u00fcs\u00fcne sahip e\u011fimli kesimlerinde \u00e7\u0131\u011f tehlikesi bulunmaktad\u0131r.<\/p>\n<p>ERZURUM -2\u00b0C, 2\u00b0C Par\u00e7al\u0131 ve \u00e7ok bulutlu, aral\u0131kl\u0131 kar ya\u011f\u0131\u015fl\u0131 ge\u00e7ece\u011fi tahmin ediliyor. Ya\u011f\u0131\u015flar\u0131n, yerel kuvvetli olmas\u0131 bekleniyor.<\/p>\n<p>KARS -4\u00b0C, 1\u00b0C Par\u00e7al\u0131 ve \u00e7ok bulutlu, aral\u0131kl\u0131 kar ya\u011f\u0131\u015fl\u0131<\/p>\n<p>MALATYA 4\u00b0C, 8\u00b0C Par\u00e7al\u0131 ve \u00e7ok bulutlu, aral\u0131kl\u0131 karla kar\u0131\u015f\u0131k ya\u011fmurlu<\/p>\n<p>VAN 0\u00b0C, 5\u00b0C Par\u00e7al\u0131 ve \u00e7ok bulutlu, aral\u0131kl\u0131 karla kar\u0131\u015f\u0131k ya\u011fmur ve kar ya\u011f\u0131\u015fl\u0131<\/p>\n<p>G\u00dcNEYDO\u011eU ANADOLU Par\u00e7al\u0131 ve \u00e7ok bulutlu, b\u00f6lge genelinin ya\u011fmur ve sa\u011fanak ya\u011f\u0131\u015fl\u0131 ge\u00e7ece\u011fi tahmin ediliyor.<\/p>\n<p>D\u0130YARBAKIR 5\u00b0C, 15\u00b0C Par\u00e7al\u0131 ve \u00e7ok bulutlu, aral\u0131kl\u0131 ya\u011fmur ve sa\u011fanak ya\u011f\u0131\u015fl\u0131<\/p>\n<p>GAZ\u0130ANTEP 7\u00b0C, 13\u00b0C Par\u00e7al\u0131 ve \u00e7ok bulutlu, aral\u0131kl\u0131 ya\u011fmur ve sa\u011fanak ya\u011f\u0131\u015fl\u0131<\/p>\n<p>S\u0130\u0130RT 8\u00b0C, 12\u00b0C Par\u00e7al\u0131 ve \u00e7ok bulutlu, aral\u0131kl\u0131 ya\u011fmur ve sa\u011fanak ya\u011f\u0131\u015fl\u0131<\/p>\n<p>\u015eANLIURFA 8\u00b0C, 16\u00b0C Par\u00e7al\u0131 ve \u00e7ok bulutlu, \u00f6\u011fle saatlerinden sonra aral\u0131kl\u0131 ya\u011fmur ve sa\u011fanak ya\u011f\u0131\u015fl\u0131<\/p>\n<p>T\u00fcrkiye&#x27;den ve D\u00fcnya\u2019dan son dakika haberleri, k\u00f6\u015fe yaz\u0131lar\u0131, magazinden siyasete, spordan seyahate b\u00fct\u00fcn konular\u0131n tek adresi Hurriyet.com.tr haber i\u00e7erikleri izin al\u0131nmadan, kaynak g\u00f6sterilerek dahi iktibas edilemez. Kanuna ayk\u0131r\u0131 ve izinsiz olarak kopyalanamaz, ba\u015fka yerde yay\u0131nlanamaz.<\/p>\n","protected":false},"excerpt":{"rendered":"<p>Hava durumu tahminleri son dakika Meteoroloji raporu ile yay\u0131nland\u0131. Yeni haftada hava s\u0131cakl\u0131klar\u0131 d\u00fc\u015ferken, Erzurum, Kars, Bing\u00f6l gibi Do\u011fu Anadolu&#8217;da da&#8230;<\/p>\n","protected":false},"author":2,"featured_media":441,"comment_status":"open","ping_status":"open","sticky":false,"template":"","format":"standard","meta":{"footnotes":""},"categories":[8,1],"tags":[],"class_list":["post-442","post","type-post","status-publish","format-standard","has-post-thumbnail","hentry","category-arsiv","category-uncategorized"],"_links":{"self":[{"href":"https:\/\/eskigazeteci.com\/index.php?rest_route=\/wp\/v2\/posts\/442","targetHints":{"allow":["GET"]}}],"collection":[{"href":"https:\/\/eskigazeteci.com\/index.php?rest_route=\/wp\/v2\/posts"}],"about":[{"href":"https:\/\/eskigazeteci.com\/index.php?rest_route=\/wp\/v2\/types\/post"}],"author":[{"embeddable":true,"href":"https:\/\/eskigazeteci.com\/index.php?rest_route=\/wp\/v2\/users\/2"}],"replies":[{"embeddable":true,"href":"https:\/\/eskigazeteci.com\/index.php?rest_route=%2Fwp%2Fv2%2Fcomments&post=442"}],"version-history":[{"count":0,"href":"https:\/\/eskigazeteci.com\/index.php?rest_route=\/wp\/v2\/posts\/442\/revisions"}],"wp:featuredmedia":[{"embeddable":true,"href":"https:\/\/eskigazeteci.com\/index.php?rest_route=\/wp\/v2\/media\/441"}],"wp:attachment":[{"href":"https:\/\/eskigazeteci.com\/index.php?rest_route=%2Fwp%2Fv2%2Fmedia&parent=442"}],"wp:term":[{"taxonomy":"category","embeddable":true,"href":"https:\/\/eskigazeteci.com\/index.php?rest_route=%2Fwp%2Fv2%2Fcategories&post=442"},{"taxonomy":"post_tag","embeddable":true,"href":"https:\/\/eskigazeteci.com\/index.php?rest_route=%2Fwp%2Fv2%2Ftags&post=442"}],"curies":[{"name":"wp","href":"https:\/\/api.w.org\/{rel}","templated":true}]}}