{"id":438,"date":"2026-02-09T17:32:55","date_gmt":"2026-02-09T17:32:55","guid":{"rendered":"https:\/\/eskigazeteci.com\/?p=438"},"modified":"2026-02-09T17:32:55","modified_gmt":"2026-02-09T17:32:55","slug":"izmirde-buca-belediyesine-yonelik-rusvet-operasyonunda-7-supheli-tutuklandi","status":"publish","type":"post","link":"https:\/\/eskigazeteci.com\/?p=438","title":{"rendered":"\u0130zmir&#8217;de Buca Belediyesine y\u00f6nelik r\u00fc\u015fvet operasyonunda 7 \u015f\u00fcpheli tutukland\u0131"},"content":{"rendered":"<p>\u0130zmir Cumhuriyet Ba\u015fsavc\u0131l\u0131\u011f\u0131nca, belediyede r\u00fc\u015fvet iddialar\u0131yla ilgili soru\u015fturma s\u00fcr\u00fcyor.<\/p>\n<p>Bu kapsamda g\u00f6zalt\u0131na al\u0131nan 26 \u015f\u00fcpheli, \u0130l Emniyet M\u00fcd\u00fcrl\u00fc\u011f\u00fc Mali Su\u00e7larla M\u00fccadele \u015eubesi&#x27;ndeki i\u015flemlerinin ard\u0131ndan adliyeye sevk edildi.<\/p>\n<p>Savc\u0131l\u0131ktaki i\u015flemlerinin ard\u0131ndan Buca Belediyesi Ruhsat ve Denetim M\u00fcd\u00fcr\u00fc \u0130.B, belediye \u00e7al\u0131\u015fan\u0131 m\u00fchendis M.G, memur C.G. i\u015f\u00e7iler C.\u015e. ve G.P. ile yap\u0131 denetim firmas\u0131 sahibi C.S. ve firma i\u015f\u00e7isi S.K. \u00e7\u0131kar\u0131ld\u0131\u011f\u0131 hakimlik\u00e7e tutukland\u0131, 19 \u015f\u00fcpheli ise adli kontrol \u015fart\u0131yla serbest b\u0131rak\u0131ld\u0131.<\/p>\n<p>OPERASYON HAKKINDA<\/p>\n<p>\u0130zmir Cumhuriyet Ba\u015fsavc\u0131l\u0131\u011f\u0131nca y\u00fcr\u00fct\u00fclen soru\u015fturma kapsam\u0131nda \u0130zmir Emniyet M\u00fcd\u00fcrl\u00fc\u011f\u00fc Mali Su\u00e7larla M\u00fccadele \u015eubesi ekiplerince, belediyede r\u00fc\u015fvet kar\u015f\u0131l\u0131\u011f\u0131 \u00e7e\u015fitli imar ve planlarda mevzuata ayk\u0131r\u0131 yerleri usul\u00fcne uygunmu\u015f gibi ruhsatland\u0131rd\u0131klar\u0131 ve menfaat temin ettikleri iddias\u0131yla 28 \u015f\u00fcpheli hakk\u0131nda g\u00f6zalt\u0131 karar\u0131 verilmi\u015fti.<\/p>\n<p>Ekiplerce, 5 \u015eubat&#x27;ta d\u00fczenlenen operasyonda zanl\u0131lardan 26&#x27;s\u0131 g\u00f6zalt\u0131na al\u0131nm\u0131\u015ft\u0131.<\/p>\n<p>Biri yurt d\u0131\u015f\u0131nda bulundu\u011fu belirlenen 2 \u015f\u00fcphelinin de yakalanmas\u0131 i\u00e7in \u00e7al\u0131\u015fmalar\u0131n s\u00fcrd\u00fc\u011f\u00fc \u00f6\u011frenilmi\u015fti.<\/p>\n<p>T\u00fcrkiye g\u00fcndeminden son dakika haberleri, bug\u00fcn ya\u015fanan en son geli\u015fmeler, siyaset g\u00fcndeminden g\u00fcncel haberler ve b\u00fct\u00fcn son dakika haberleri i\u00e7in H\u00fcrriyet&#x27;in internet haber sitesi hurriyet.com.tr; Hurriyet.com.tr haber i\u00e7erikleri kaynak g\u00f6sterilmeden al\u0131nt\u0131 yap\u0131lamaz, Kanuna ayk\u0131r\u0131 ve izinsiz olarak kopyalanamaz, ba\u015fka yerde yay\u0131nlanamaz.<\/p>\n","protected":false},"excerpt":{"rendered":"<p>\u0130zmir&#8217;de Buca Belediyesine y\u00f6nelik r\u00fc\u015fvet operasyonunda g\u00f6zalt\u0131na al\u0131narak adliyeye sevk edilen aralar\u0131nda Ruhsat ve Denetim M\u00fcd\u00fcr\u00fc \u0130.B&#8217;nin de oldu\u011fu 7 ki\u015fi&#8230;<\/p>\n","protected":false},"author":2,"featured_media":437,"comment_status":"open","ping_status":"open","sticky":false,"template":"","format":"standard","meta":{"footnotes":""},"categories":[8,1],"tags":[],"class_list":["post-438","post","type-post","status-publish","format-standard","has-post-thumbnail","hentry","category-arsiv","category-uncategorized"],"_links":{"self":[{"href":"https:\/\/eskigazeteci.com\/index.php?rest_route=\/wp\/v2\/posts\/438","targetHints":{"allow":["GET"]}}],"collection":[{"href":"https:\/\/eskigazeteci.com\/index.php?rest_route=\/wp\/v2\/posts"}],"about":[{"href":"https:\/\/eskigazeteci.com\/index.php?rest_route=\/wp\/v2\/types\/post"}],"author":[{"embeddable":true,"href":"https:\/\/eskigazeteci.com\/index.php?rest_route=\/wp\/v2\/users\/2"}],"replies":[{"embeddable":true,"href":"https:\/\/eskigazeteci.com\/index.php?rest_route=%2Fwp%2Fv2%2Fcomments&post=438"}],"version-history":[{"count":0,"href":"https:\/\/eskigazeteci.com\/index.php?rest_route=\/wp\/v2\/posts\/438\/revisions"}],"wp:featuredmedia":[{"embeddable":true,"href":"https:\/\/eskigazeteci.com\/index.php?rest_route=\/wp\/v2\/media\/437"}],"wp:attachment":[{"href":"https:\/\/eskigazeteci.com\/index.php?rest_route=%2Fwp%2Fv2%2Fmedia&parent=438"}],"wp:term":[{"taxonomy":"category","embeddable":true,"href":"https:\/\/eskigazeteci.com\/index.php?rest_route=%2Fwp%2Fv2%2Fcategories&post=438"},{"taxonomy":"post_tag","embeddable":true,"href":"https:\/\/eskigazeteci.com\/index.php?rest_route=%2Fwp%2Fv2%2Ftags&post=438"}],"curies":[{"name":"wp","href":"https:\/\/api.w.org\/{rel}","templated":true}]}}