{"id":432,"date":"2026-02-09T17:12:54","date_gmt":"2026-02-09T17:12:54","guid":{"rendered":"https:\/\/eskigazeteci.com\/?p=432"},"modified":"2026-02-09T17:12:54","modified_gmt":"2026-02-09T17:12:54","slug":"trabzonspor","status":"publish","type":"post","link":"https:\/\/eskigazeteci.com\/?p=432","title":{"rendered":"Trabzonspor"},"content":{"rendered":"<p>T\u00fcrkiye Spor Yazarlar\u0131 Derne\u011fi (TSYD) Trabzon \u015eubesinden yap\u0131lan a\u00e7\u0131klamaya g\u00f6re \u0130l Spor G\u00fcvenlik Kurulu Toplant\u0131s\u0131, Vali Tahir \u015eahin ba\u015fkanl\u0131\u011f\u0131nda kurul \u00fcyelerinin de kat\u0131l\u0131m\u0131yla Valilik Toplant\u0131 Salonu&#x27;nda ger\u00e7ekle\u015ftirildi.<\/p>\n<p>Toplant\u0131da, ev sahibi kul\u00fcb\u00fcn talebi \u00fczerine kar\u015f\u0131la\u015fmaya sar\u0131-lacivertli taraftarlar\u0131n al\u0131nmamas\u0131 uygun g\u00f6r\u00fcld\u00fc.<\/p>\n<p>Gerekli g\u00fcvenlik \u00f6nlemlerinin de g\u00f6r\u00fc\u015f\u00fcld\u00fc\u011f\u00fc toplant\u0131da, stat \u00e7evresinde taraftarlar\u0131n sorun ya\u015famamas\u0131 ad\u0131na Trabzon B\u00fcy\u00fck\u015fehir Belediyesi ve bordo-mavili kul\u00fcp yetkililerince gerekli trafik d\u00fczenlemeleri i\u00e7in yap\u0131lan \u00e7al\u0131\u015fmalar da payla\u015f\u0131ld\u0131.<\/p>\n<p>Vali \u015eahin, trafik yo\u011funlu\u011funun minimize edilece\u011fini, taraftarlar\u0131n futbola odaklanaca\u011f\u0131 bir futbol ak\u015fam\u0131 ya\u015fayaca\u011f\u0131na inand\u0131\u011f\u0131n\u0131 kaydetti.<\/p>\n<p>T\u00fcrkiye&#x27;den ve D\u00fcnya\u2019dan son dakika haberleri, k\u00f6\u015fe yaz\u0131lar\u0131, magazinden siyasete, spordan seyahate b\u00fct\u00fcn konular\u0131n tek adresi Hurriyet.com.tr haber i\u00e7erikleri izin al\u0131nmadan, kaynak g\u00f6sterilerek dahi iktibas edilemez. Kanuna ayk\u0131r\u0131 ve izinsiz olarak kopyalanamaz, ba\u015fka yerde yay\u0131nlanamaz.<\/p>\n","protected":false},"excerpt":{"rendered":"<p>Trendyol S\u00fcper Lig&#8217;in 22. haftas\u0131nda 14 \u015eubat Cumartesi g\u00fcn\u00fc oynanacak Trabzonspor-Fenerbah\u00e7e ma\u00e7\u0131na konuk tak\u0131m\u0131n taraftarlar\u0131 al\u0131nmayacak.<\/p>\n","protected":false},"author":2,"featured_media":431,"comment_status":"open","ping_status":"open","sticky":false,"template":"","format":"standard","meta":{"footnotes":""},"categories":[8,1],"tags":[],"class_list":["post-432","post","type-post","status-publish","format-standard","has-post-thumbnail","hentry","category-arsiv","category-uncategorized"],"_links":{"self":[{"href":"https:\/\/eskigazeteci.com\/index.php?rest_route=\/wp\/v2\/posts\/432","targetHints":{"allow":["GET"]}}],"collection":[{"href":"https:\/\/eskigazeteci.com\/index.php?rest_route=\/wp\/v2\/posts"}],"about":[{"href":"https:\/\/eskigazeteci.com\/index.php?rest_route=\/wp\/v2\/types\/post"}],"author":[{"embeddable":true,"href":"https:\/\/eskigazeteci.com\/index.php?rest_route=\/wp\/v2\/users\/2"}],"replies":[{"embeddable":true,"href":"https:\/\/eskigazeteci.com\/index.php?rest_route=%2Fwp%2Fv2%2Fcomments&post=432"}],"version-history":[{"count":0,"href":"https:\/\/eskigazeteci.com\/index.php?rest_route=\/wp\/v2\/posts\/432\/revisions"}],"wp:featuredmedia":[{"embeddable":true,"href":"https:\/\/eskigazeteci.com\/index.php?rest_route=\/wp\/v2\/media\/431"}],"wp:attachment":[{"href":"https:\/\/eskigazeteci.com\/index.php?rest_route=%2Fwp%2Fv2%2Fmedia&parent=432"}],"wp:term":[{"taxonomy":"category","embeddable":true,"href":"https:\/\/eskigazeteci.com\/index.php?rest_route=%2Fwp%2Fv2%2Fcategories&post=432"},{"taxonomy":"post_tag","embeddable":true,"href":"https:\/\/eskigazeteci.com\/index.php?rest_route=%2Fwp%2Fv2%2Ftags&post=432"}],"curies":[{"name":"wp","href":"https:\/\/api.w.org\/{rel}","templated":true}]}}