{"id":430,"date":"2026-02-09T17:02:55","date_gmt":"2026-02-09T17:02:55","guid":{"rendered":"https:\/\/eskigazeteci.com\/?p=430"},"modified":"2026-02-09T17:02:55","modified_gmt":"2026-02-09T17:02:55","slug":"canli-anlatim-fenerbahce-genclerbirligi-super-lig-maci","status":"publish","type":"post","link":"https:\/\/eskigazeteci.com\/?p=430","title":{"rendered":"Canl\u0131 Anlat\u0131m: Fenerbah\u00e7e Gen\u00e7lerbirli\u011fi (S\u00fcper Lig ma\u00e7\u0131)"},"content":{"rendered":"<p>Fenerbah\u00e7e , Trendyol S\u00fcper Lig &#x27;in 21. haftas\u0131nda sahas\u0131nda Gen\u00e7lerbirli\u011fi&#x27;yle kar\u015f\u0131la\u015f\u0131yor.<\/p>\n<p>CANLI ANLATIM<\/p>\n<p>\u0130lk yar\u0131 oynan\u0131yor<\/p>\n<p>Fenerbah\u00e7e : 0<\/p>\n<p>Gen\u00e7lerbirli\u011fi : 0<\/p>\n<p>Goller<\/p>\n<p>\u0130LK 11&#x27;LER<\/p>\n<p>Fenerbah\u00e7e : Ederson, Semedo, \u00c7a\u011flar, Oosterwolde, Mert, Kante, Guendouzi, Nene, Asensio, Kerem, Talisca.<\/p>\n<p>Gen\u00e7lerbirli\u011fi : Velho, Pereira, Goutas, Zuzek, Thalisson, O\u011fulcan, Dele-Bashiru, G\u00f6ktan, Tongya, Metehan, Koita.<\/p>\n<p>FENERBAH\u00c7E &#8211; GEN\u00c7LERB\u0130RL\u0130\u011e\u0130 MA\u00c7I NE ZAMAN, SAAT KA\u00c7TA, HANG\u0130 KANALDA?<\/p>\n<p>Fenerbah\u00e7e Gen\u00e7lerbirli\u011fi ma\u00e7\u0131 TS\u0130 20.00&#x27;da ba\u015flad\u0131. Hakem Ali \u015eansalan&#x27;\u0131n y\u00f6netti\u011fi m\u00fccadele beIN Sports 1 ekranlar\u0131ndan naklen yay\u0131nlan\u0131yor.<\/p>\n<p>T\u00fcrkiye&#x27;den ve D\u00fcnya\u2019dan son dakika haberleri, k\u00f6\u015fe yaz\u0131lar\u0131, magazinden siyasete, spordan seyahate b\u00fct\u00fcn konular\u0131n tek adresi Hurriyet.com.tr haber i\u00e7erikleri izin al\u0131nmadan, kaynak g\u00f6sterilerek dahi iktibas edilemez. Kanuna ayk\u0131r\u0131 ve izinsiz olarak kopyalanamaz, ba\u015fka yerde yay\u0131nlanamaz.<\/p>\n","protected":false},"excerpt":{"rendered":"<p>S\u00fcper Lig&#8217;in 21. haftas\u0131nda Fenerbah\u00e7e ile Gen\u00e7lerbirli\u011fi kozlar\u0131n\u0131 payla\u015f\u0131yor. Bu m\u00fccadeleyi haberimizden anbean takip edebilirsiniz.<\/p>\n","protected":false},"author":2,"featured_media":429,"comment_status":"open","ping_status":"open","sticky":false,"template":"","format":"standard","meta":{"footnotes":""},"categories":[8,1],"tags":[],"class_list":["post-430","post","type-post","status-publish","format-standard","has-post-thumbnail","hentry","category-arsiv","category-uncategorized"],"_links":{"self":[{"href":"https:\/\/eskigazeteci.com\/index.php?rest_route=\/wp\/v2\/posts\/430","targetHints":{"allow":["GET"]}}],"collection":[{"href":"https:\/\/eskigazeteci.com\/index.php?rest_route=\/wp\/v2\/posts"}],"about":[{"href":"https:\/\/eskigazeteci.com\/index.php?rest_route=\/wp\/v2\/types\/post"}],"author":[{"embeddable":true,"href":"https:\/\/eskigazeteci.com\/index.php?rest_route=\/wp\/v2\/users\/2"}],"replies":[{"embeddable":true,"href":"https:\/\/eskigazeteci.com\/index.php?rest_route=%2Fwp%2Fv2%2Fcomments&post=430"}],"version-history":[{"count":0,"href":"https:\/\/eskigazeteci.com\/index.php?rest_route=\/wp\/v2\/posts\/430\/revisions"}],"wp:featuredmedia":[{"embeddable":true,"href":"https:\/\/eskigazeteci.com\/index.php?rest_route=\/wp\/v2\/media\/429"}],"wp:attachment":[{"href":"https:\/\/eskigazeteci.com\/index.php?rest_route=%2Fwp%2Fv2%2Fmedia&parent=430"}],"wp:term":[{"taxonomy":"category","embeddable":true,"href":"https:\/\/eskigazeteci.com\/index.php?rest_route=%2Fwp%2Fv2%2Fcategories&post=430"},{"taxonomy":"post_tag","embeddable":true,"href":"https:\/\/eskigazeteci.com\/index.php?rest_route=%2Fwp%2Fv2%2Ftags&post=430"}],"curies":[{"name":"wp","href":"https:\/\/api.w.org\/{rel}","templated":true}]}}