{"id":420,"date":"2026-02-09T16:22:54","date_gmt":"2026-02-09T16:22:54","guid":{"rendered":"https:\/\/eskigazeteci.com\/?p=420"},"modified":"2026-02-09T16:22:54","modified_gmt":"2026-02-09T16:22:54","slug":"bakan-simsek-turkiye-dayanikliligini-koruyor","status":"publish","type":"post","link":"https:\/\/eskigazeteci.com\/?p=420","title":{"rendered":"Bakan \u015eim\u015fek: T\u00fcrkiye dayan\u0131kl\u0131l\u0131\u011f\u0131n\u0131 koruyor"},"content":{"rendered":"<p>\u015eim\u015fek, Suudi Arabistan&#x27;\u0131n El-Ula kentinde Suudi Arabistan Maliye Bakanl\u0131\u011f\u0131 ile Uluslararas\u0131 Para Fonu (IMF) taraf\u0131ndan d\u00fczenlenen Geli\u015fmekte Olan \u00dclkeler Konferans\u0131&#x27;n\u0131n &quot;Y\u00fckselen Piyasalar i\u00e7in Dayan\u0131kl\u0131l\u0131k ve Ekonomik D\u00f6n\u00fc\u015f\u00fcm Yolculu\u011fu&quot; ba\u015fl\u0131kl\u0131 kapan\u0131\u015f panelinde konu\u015ftu.<\/p>\n<p>\u201cGEL\u0130\u015eMEKTE OLAN P\u0130YASALAR \u0130\u00c7\u0130N ZOR B\u0130R YIL OLDU\u201d<\/p>\n<p>Ge\u00e7en y\u0131l k\u00fcresel ekonomide &quot;oynakl\u0131k, belirsizlik, karma\u015f\u0131kl\u0131k ve mu\u011flakl\u0131k&quot; i\u00e7eren zor bir d\u00f6nem ya\u015fand\u0131\u011f\u0131n\u0131 anlatan \u015eim\u015fek, &quot;\u00d6zellikle geli\u015fmekte olan piyasalar i\u00e7in artan belirsizliklerle zor bir y\u0131l oldu.&quot; dedi.<\/p>\n<p>\u015eim\u015fek, geli\u015fmekte olan \u00fclkelerin genellikle ihracata ba\u011fl\u0131 olduklar\u0131n\u0131 an\u0131msatarak, &quot;Mevcut korumac\u0131 \u00f6nlemler bu \u00fclkeler i\u00e7in k\u0131r\u0131lganl\u0131k olu\u015fturuyor. Geli\u015fmekte olan \u00fclkeler ayn\u0131 zamanda sermaye giri\u015flerine, \u00f6zellikle de do\u011frudan yabanc\u0131 yat\u0131r\u0131mlara (FDI) g\u00f6rece daha fazla ba\u011f\u0131ml\u0131lar. Kural bazl\u0131 bir sistemde bu \u00fclkeler, daha d\u00fc\u015f\u00fck risk primi ve daha d\u00fc\u015f\u00fck i\u015f yapma maliyetlerinden faydalan\u0131yorlar.&quot; diye konu\u015ftu.<\/p>\n<p>\u015eim\u015fek, T\u00fcrkiye&#x27;nin k\u00fcresel ticaretteki par\u00e7alanmalara g\u00f6rece dayan\u0131kl\u0131 oldu\u011funun alt\u0131n\u0131 \u00e7izerek, &quot;AB ile G\u00fcmr\u00fck Birli\u011fimiz var. Buna ek olarak 27 \u00fclkeyle daha serbest ticaret anla\u015fmam\u0131z bulunuyor. Yani ihracat\u0131m\u0131z\u0131n yakla\u015f\u0131k y\u00fczde 62&#x27;si serbest ticaret anla\u015fmalar\u0131 kapsam\u0131na giriyor. Bu elbette tam bir g\u00fcvence sa\u011flam\u0131yor, ancak ticaret ortaklar\u0131n\u0131z kurallara uygun davrand\u0131\u011f\u0131 s\u00fcrece, serbest ticaret anla\u015fmalar\u0131 bir miktar koruma sa\u011fl\u0131yor. Tamamen ba\u011f\u0131\u015f\u0131k de\u011filiz. Ticaretimizin geri kalan\u0131 da Orta Do\u011fu, Kuzey Afrika ve Orta Asya olmak \u00fczere yak\u0131n co\u011frafyaya yo\u011funla\u015fm\u0131\u015f durumda.\u201d ifadelerini kulland\u0131.<\/p>\n<p>\u201c\u0130N\u015eAATTA D\u00dcNYADA \u00d6NDE GELEN \u00dcLKELERDEN B\u0130R\u0130Y\u0130Z\u201d<\/p>\n<p>\u015eim\u015fek, hizmet ticaretinde T\u00fcrkiye&#x27;nin k\u00fcresel olarak ilk 20 aras\u0131nda oldu\u011funa de\u011finerek, \u201cTurizmde d\u00f6rd\u00fcnc\u00fc s\u0131raday\u0131z. \u0130n\u015faatta d\u00fcnyada \u00f6nde gelen \u00fclkelerden biriyiz. Hatta dizi ihracat\u0131nda bile k\u00fcresel olarak \u00fcst s\u0131ralarday\u0131z. Hizmetler sekt\u00f6r\u00fc bizim g\u00fc\u00e7l\u00fc oldu\u011fumuz alan. \u00dcstelik hizmet ticareti, mal ticaretinde g\u00f6rd\u00fc\u011f\u00fcm\u00fcz t\u00fcrden korumac\u0131 \u00f6nlemlerle hen\u00fcz kar\u015f\u0131la\u015fmad\u0131. Bu da bize \u00f6nemli bir avantaj sa\u011fl\u0131yor. Katma de\u011ferin ve istihdam yarat\u0131m\u0131n\u0131n y\u00fcksek oldu\u011fu bu alana \u00f6zellikle odaklan\u0131yoruz.\u201d \u015feklinde konu\u015ftu.<\/p>\n<p>Bakan \u015eim\u015fek, \u015funlar\u0131 kaydetti:<\/p>\n<p>&quot;Elbette k\u00fcresel sorunlara kar\u015f\u0131 tam ba\u011f\u0131\u015f\u0131k de\u011filiz. Ancak T\u00fcrkiye olarak uygulad\u0131\u011f\u0131m\u0131z program sayesinde daha az k\u0131r\u0131lgan bir konumda bulunuyoruz. Son iki bu\u00e7uk y\u0131ld\u0131r, makroekonomik istikrar ve reform program\u0131n\u0131 uyguluyoruz. Bu program, tamponlar\u0131 g\u00fc\u00e7lendirmemize ve dayan\u0131kl\u0131l\u0131\u011f\u0131 art\u0131rmam\u0131za yard\u0131mc\u0131 oldu. Kolay bir co\u011frafyada ya\u015fam\u0131yoruz, \u00e7at\u0131\u015fmalar\u0131n ve gerilimlerin yo\u011fun oldu\u011fu bir b\u00f6lgede yer al\u0131yoruz. Buna ra\u011fmen b\u00fcy\u00fcme ve ticaret diren\u00e7li seyretti, dengesizlikleri gideriyor ve s\u00fcrd\u00fcr\u00fclebilirli\u011fi art\u0131racak yap\u0131sal ad\u0131mlar at\u0131yoruz.\u201d<\/p>\n<p>T\u00fcrkiye&#x27;nin \u00c7in&#x27;le ticaret a\u00e7\u0131\u011f\u0131n\u0131n 47 milyar dolara yak\u0131n oldu\u011funa i\u015faret eden \u015eim\u015fek, &quot;Bu olduk\u00e7a b\u00fcy\u00fck bir rakam. Toplam ticaret a\u00e7\u0131\u011f\u0131m\u0131z\u0131n y\u00fczde 50&#x27;sinden fazlas\u0131n\u0131 olu\u015fturuyor.&quot; de\u011ferlendirmesinde bulundu.<\/p>\n<p>Bakan \u015eim\u015fek, \u201cT\u00fcrkiye b\u00fcy\u00fckl\u00fc\u011f\u00fcndeki bir \u00fclkenin bu sorunu tek ba\u015f\u0131na \u00e7\u00f6zmesi m\u00fcmk\u00fcn de\u011fil. Bu nedenle \u00c7inli muhataplar\u0131m\u0131za \u015funu s\u00f6yl\u00fcyoruz: &#x27;Gelin bunu birlikte \u00e7\u00f6zelim, tek y\u00f6nl\u00fc bir ticaret ili\u015fkisi olmas\u0131n, kar\u015f\u0131l\u0131kl\u0131 ve s\u00fcrd\u00fcr\u00fclebilir hale getirelim.&#x27; \u00d6rne\u011fin daha fazla \u00c7inli turistin T\u00fcrkiye\u2019ye gelmesini \u00f6nerdik. Bir di\u011fer \u00f6nerimiz k\u00fcresel \u00f6l\u00e7ekteki \u00c7inli bankalar\u0131n T\u00fcrkiye\u2019de uzun vadeli altyap\u0131 projelerine veya sanayi yat\u0131r\u0131mlar\u0131na y\u00f6nlendirilmesi oldu. \u00dc\u00e7\u00fcnc\u00fc olarak, \u00c7inli \u015firketlerin T\u00fcrkiye pazar\u0131na sadece \u00fcr\u00fcn satarak de\u011fil, \u00fcretim yaparak girmesini \u00f6neriyoruz.\u201d diye konu\u015ftu.<\/p>\n<p>\u015eim\u015fek, T\u00fcrkiye&#x27;nin yapay zeka alan\u0131na da \u00f6ncelik verdi\u011fine ve yat\u0131r\u0131m yapt\u0131\u011f\u0131na i\u015faret ederek, altyap\u0131 yat\u0131r\u0131mlar\u0131 ile birlikte insan sermayesi boyutuna, becerileri geli\u015ftirmeye ve e\u011fitime \u00f6nem verdiklerini dile getirdi.<\/p>\n<p>B\u00f6lgesel entegrasyona da odakland\u0131klar\u0131n\u0131 anlatan \u015eim\u015fek, ba\u011flant\u0131sall\u0131\u011f\u0131n bunun bir par\u00e7as\u0131 oldu\u011funu, yeni koridorlar in\u015fa ettiklerini belirtti.<\/p>\n<p>Bakan \u015eim\u015fek, T\u00fcrkiye&#x27;nin Pekin&#x27;den Londra&#x27;ya kadar uzanan orta koridorun bir par\u00e7as\u0131 oldu\u011funa dikkati \u00e7ekerek, &quot;\u015eimdi, K\u00f6rfez Arap \u00dclkeleri \u0130\u015fbirli\u011fi Konseyi\u2019ni yani Orta Do\u011fu&#x27;yu T\u00fcrkiye \u00fczerinden d\u00fcnyan\u0131n geri kalan\u0131na ba\u011flayacak yeni koridorlar in\u015fa etmeye \u00e7al\u0131\u015f\u0131yoruz. Dolay\u0131s\u0131yla ba\u011flant\u0131ya yat\u0131r\u0131m yapmak da stratejimizin bir par\u00e7as\u0131. Enerji de kritik bir ba\u015fl\u0131k. Yapay zeka enerji ister. Bu nedenle n\u00fckleer enerjiye yat\u0131r\u0131m yap\u0131yoruz, \u00f6n\u00fcm\u00fczdeki birka\u00e7 on y\u0131lda iki-\u00fc\u00e7 yeni santral daha devreye almay\u0131 hedefliyoruz.\u201d ifadelerini kulland\u0131.<\/p>\n<p>Kapan\u0131\u015f paneline, IMF Ba\u015fkan\u0131 Kristalina Georgieva, Katar Maliye Bakan\u0131 Ali bin Ahmed Al Kuwari ve Ekvador Maliye Bakan\u0131 Sariha Moya da kat\u0131ld\u0131.<\/p>\n<p>T\u00fcrkiye g\u00fcndeminden son dakika haberleri, bug\u00fcn ya\u015fanan en son geli\u015fmeler, siyaset g\u00fcndeminden g\u00fcncel haberler ve b\u00fct\u00fcn son dakika haberleri i\u00e7in H\u00fcrriyet&#x27;in internet haber sitesi hurriyet.com.tr; Hurriyet.com.tr haber i\u00e7erikleri kaynak g\u00f6sterilmeden al\u0131nt\u0131 yap\u0131lamaz, Kanuna ayk\u0131r\u0131 ve izinsiz olarak kopyalanamaz, ba\u015fka yerde yay\u0131nlanamaz.<\/p>\n","protected":false},"excerpt":{"rendered":"<p>Hazine ve Maliye Bakan\u0131 Mehmet \u015eim\u015fek, k\u00fcresel ekonomide artan belirsizliklere ra\u011fmen T\u00fcrkiye&#8217;nin serbest ticaret anla\u015fmalar\u0131, hizmet ihracat\u0131 ve uygulanan&#8230;<\/p>\n","protected":false},"author":2,"featured_media":419,"comment_status":"open","ping_status":"open","sticky":false,"template":"","format":"standard","meta":{"footnotes":""},"categories":[8,1],"tags":[],"class_list":["post-420","post","type-post","status-publish","format-standard","has-post-thumbnail","hentry","category-arsiv","category-uncategorized"],"_links":{"self":[{"href":"https:\/\/eskigazeteci.com\/index.php?rest_route=\/wp\/v2\/posts\/420","targetHints":{"allow":["GET"]}}],"collection":[{"href":"https:\/\/eskigazeteci.com\/index.php?rest_route=\/wp\/v2\/posts"}],"about":[{"href":"https:\/\/eskigazeteci.com\/index.php?rest_route=\/wp\/v2\/types\/post"}],"author":[{"embeddable":true,"href":"https:\/\/eskigazeteci.com\/index.php?rest_route=\/wp\/v2\/users\/2"}],"replies":[{"embeddable":true,"href":"https:\/\/eskigazeteci.com\/index.php?rest_route=%2Fwp%2Fv2%2Fcomments&post=420"}],"version-history":[{"count":0,"href":"https:\/\/eskigazeteci.com\/index.php?rest_route=\/wp\/v2\/posts\/420\/revisions"}],"wp:featuredmedia":[{"embeddable":true,"href":"https:\/\/eskigazeteci.com\/index.php?rest_route=\/wp\/v2\/media\/419"}],"wp:attachment":[{"href":"https:\/\/eskigazeteci.com\/index.php?rest_route=%2Fwp%2Fv2%2Fmedia&parent=420"}],"wp:term":[{"taxonomy":"category","embeddable":true,"href":"https:\/\/eskigazeteci.com\/index.php?rest_route=%2Fwp%2Fv2%2Fcategories&post=420"},{"taxonomy":"post_tag","embeddable":true,"href":"https:\/\/eskigazeteci.com\/index.php?rest_route=%2Fwp%2Fv2%2Ftags&post=420"}],"curies":[{"name":"wp","href":"https:\/\/api.w.org\/{rel}","templated":true}]}}