{"id":418,"date":"2026-02-09T16:22:53","date_gmt":"2026-02-09T16:22:53","guid":{"rendered":"https:\/\/eskigazeteci.com\/?p=418"},"modified":"2026-02-09T16:22:53","modified_gmt":"2026-02-09T16:22:53","slug":"aci-olay-emekliligine-4-gun-kala-kazada-hayatini-kaybetti","status":"publish","type":"post","link":"https:\/\/eskigazeteci.com\/?p=418","title":{"rendered":"Ac\u0131 olay\u2026 Emeklili\u011fine 4 g\u00fcn kala kazada hayat\u0131n\u0131 kaybetti"},"content":{"rendered":"<p>Kaza, saat 17.30 s\u0131ralar\u0131nda Bart\u0131n-Zonguldak yolunun Akmanlar mevkisinde meydana geldi. Bart\u0131n&#x27;dan Zonguldak istikametine giden Kaz\u0131m K\u0131z\u0131l y\u00f6netimindeki 74 AAC 067 plakal\u0131 otomobil, kontrolden \u00e7\u0131karak kar\u015f\u0131 y\u00f6ne ge\u00e7ti. Otomobil, kar\u015f\u0131 y\u00f6nde Recep Duran y\u00f6netimindeki 66 AS 505 plakal\u0131 kamyonetle \u00e7arp\u0131\u015ft\u0131. Kazay\u0131 g\u00f6renlerin ihbar\u0131 \u00fczerine olay yerine sa\u011fl\u0131k, polis ve itfaiye ekipleri sevk edildi. Kazada, 2 arac\u0131n s\u00fcr\u00fcc\u00fcs\u00fc de yaraland\u0131. Yaral\u0131lar, sa\u011fl\u0131k ekiplerinin ilk m\u00fcdahalesi sonras\u0131 ambulanslarla Bart\u0131n Devlet Hastanesi\u2019ne kald\u0131r\u0131ld\u0131. S\u00fcr\u00fcc\u00fclerden Kaz\u0131m K\u0131z\u0131l yap\u0131lan t\u00fcm m\u00fcdahalelere ra\u011fmen kurtar\u0131lamad\u0131. Di\u011fer yaralan\u0131n ise tedavisi s\u00fcr\u00fcyor.<\/p>\n<p>4 G\u00dcN SONRA EMEKL\u0130YE AYRILACAKTI<\/p>\n<p>Kazada, ya\u015fam\u0131n\u0131 yitiren Kaz\u0131m K\u0131z\u0131l\u2019\u0131n, Bart\u0131n Emniyet M\u00fcd\u00fcrl\u00fc\u011f\u00fc \u2019ne ba\u011fl\u0131 G\u00fcvenlik \u015eube M\u00fcd\u00fcrl\u00fc\u011f\u00fc\u2019nde polis memuru olarak g\u00f6rev yapt\u0131\u011f\u0131 \u00f6\u011frenildi. Kendi arac\u0131yla Zonguldak&#x27;a gitti\u011fi \u00f6\u011frenilen K\u0131z\u0131l\u2019\u0131n 4 g\u00fcn sonra emekliye ayr\u0131laca\u011f\u0131 belirtildi. (DHA)<\/p>\n<p>T\u00fcrkiye g\u00fcndeminden son dakika haberleri, bug\u00fcn ya\u015fanan en son geli\u015fmeler, siyaset g\u00fcndeminden g\u00fcncel haberler ve b\u00fct\u00fcn son dakika haberleri i\u00e7in H\u00fcrriyet&#x27;in internet haber sitesi hurriyet.com.tr; Hurriyet.com.tr haber i\u00e7erikleri kaynak g\u00f6sterilmeden al\u0131nt\u0131 yap\u0131lamaz, Kanuna ayk\u0131r\u0131 ve izinsiz olarak kopyalanamaz, ba\u015fka yerde yay\u0131nlanamaz.<\/p>\n","protected":false},"excerpt":{"rendered":"<p>BARTIN&#8217;da kar\u015f\u0131 y\u00f6ne ge\u00e7erek, kamyonetle \u00e7arp\u0131\u015fan otomobilin s\u00fcr\u00fcc\u00fcs\u00fc Kaz\u0131m K\u0131z\u0131l (55), kald\u0131r\u0131ld\u0131\u011f\u0131 hastanede ya\u015fam\u0131n\u0131 yitirdi. Polis memuru K\u0131z\u0131l&#8217;\u0131n 4&#8230;<\/p>\n","protected":false},"author":2,"featured_media":417,"comment_status":"open","ping_status":"open","sticky":false,"template":"","format":"standard","meta":{"footnotes":""},"categories":[8,1],"tags":[],"class_list":["post-418","post","type-post","status-publish","format-standard","has-post-thumbnail","hentry","category-arsiv","category-uncategorized"],"_links":{"self":[{"href":"https:\/\/eskigazeteci.com\/index.php?rest_route=\/wp\/v2\/posts\/418","targetHints":{"allow":["GET"]}}],"collection":[{"href":"https:\/\/eskigazeteci.com\/index.php?rest_route=\/wp\/v2\/posts"}],"about":[{"href":"https:\/\/eskigazeteci.com\/index.php?rest_route=\/wp\/v2\/types\/post"}],"author":[{"embeddable":true,"href":"https:\/\/eskigazeteci.com\/index.php?rest_route=\/wp\/v2\/users\/2"}],"replies":[{"embeddable":true,"href":"https:\/\/eskigazeteci.com\/index.php?rest_route=%2Fwp%2Fv2%2Fcomments&post=418"}],"version-history":[{"count":0,"href":"https:\/\/eskigazeteci.com\/index.php?rest_route=\/wp\/v2\/posts\/418\/revisions"}],"wp:featuredmedia":[{"embeddable":true,"href":"https:\/\/eskigazeteci.com\/index.php?rest_route=\/wp\/v2\/media\/417"}],"wp:attachment":[{"href":"https:\/\/eskigazeteci.com\/index.php?rest_route=%2Fwp%2Fv2%2Fmedia&parent=418"}],"wp:term":[{"taxonomy":"category","embeddable":true,"href":"https:\/\/eskigazeteci.com\/index.php?rest_route=%2Fwp%2Fv2%2Fcategories&post=418"},{"taxonomy":"post_tag","embeddable":true,"href":"https:\/\/eskigazeteci.com\/index.php?rest_route=%2Fwp%2Fv2%2Ftags&post=418"}],"curies":[{"name":"wp","href":"https:\/\/api.w.org\/{rel}","templated":true}]}}