{"id":414,"date":"2026-02-09T16:12:54","date_gmt":"2026-02-09T16:12:54","guid":{"rendered":"https:\/\/eskigazeteci.com\/?p=414"},"modified":"2026-02-09T16:12:54","modified_gmt":"2026-02-09T16:12:54","slug":"yurt-time-basvurulari-ne-zaman-2026","status":"publish","type":"post","link":"https:\/\/eskigazeteci.com\/?p=414","title":{"rendered":"Yurt Time ba\u015fvurular\u0131 ne zaman 2026?"},"content":{"rendered":"<p>Yurt Time 2. D\u00f6nem ba\u015fvurusu ne zaman, neden ba\u015flamad\u0131? sorular\u0131 g\u00fcndemin \u00f6ne \u00e7\u0131kan konular\u0131 aras\u0131nda yer al\u0131yor. Yurt Time Spor Projesi, Kredi ve Yurtlar Kurumu (KYK) yurtlar\u0131nda konaklayan \u00f6\u011frenciler i\u00e7in her y\u0131l eri\u015fime a\u00e7\u0131l\u0131yor. KYK yurtlar\u0131nda ikamet eden \u00f6\u011frencilerin yurtta i\u015fleyi\u015fe katk\u0131 sa\u011flarken spor hayat\u0131na da dokunu\u015fta bulunmas\u0131na imkan tan\u0131yan Yurt Time Spor Projesi ba\u015fvurular\u0131 i\u00e7in beklenen a\u00e7\u0131klama geldi. Ba\u015fvuru de\u011ferlendirme a\u015famas\u0131nda akademik ba\u015far\u0131 ve \u00f6\u011frencilerin burs\/kredi durumunun dikkate al\u0131nd\u0131\u011f\u0131 projede yer alan \u00f6\u011frenciler, yirmi alt\u0131 farkl\u0131 alanda g\u00f6rev alabiliyor. Peki, 2026 KYK Yurt Time ba\u015fvurusu nas\u0131l ve nereden yap\u0131l\u0131r? \u0130\u015fte, Yurt Time 2. D\u00f6nem ba\u015fvuru takvimi bilgisi.<\/p>\n<p>Gen\u00e7lik ve Spor Bakanl\u0131\u011f\u0131 KYK 2. D\u00f6nem ba\u015fvurular\u0131 bu sene 9-15 \u015eubat 2026 tarihlerinde al\u0131nacak. Projr ba\u015flang\u0131c\u0131 2 Mart Pazartesi proje biti\u015fi 30 Haziran 2026 olacak.<\/p>\n<p>KYK Yurt Time ba\u015fvurular\u0131 e-Devlet \u00fczerinden ger\u00e7ekle\u015ftiriliyor. \u00d6\u011frencilerin T.C. Kimlik numaralar\u0131 ve \u015fifreleri ile sisteme giri\u015f yaparak, Gen\u00e7lik ve Spor Bakanl\u0131\u011f\u0131&#x27;n\u0131n b\u00f6l\u00fcm\u00fcn\u00fcn alt\u0131nda yer alan Yurt-Time Spor Projesi Ba\u015fvurusu se\u00e7ene\u011finden i\u015flemlerini halletmeleri gerekiyor.<\/p>\n<p>Projeye, resmi kay\u0131tl\u0131 olarak GSB yurtlar\u0131nda bar\u0131nan birinci s\u0131n\u0131f\u0131n ikinci d\u00f6nemi ve \u00fcst\u00fc s\u0131n\u0131flarda e\u011fitim g\u00f6ren \u00f6\u011frenciler ba\u015fvurabiliyor. Yurt time spor projesi kapsam\u0131nda gen\u00e7ler idare asistanl\u0131\u011f\u0131, \u00e7ama\u015f\u0131rhane sorumlulu\u011fu, k\u00fct\u00fcphane sorumlulu\u011fu, yemekhane sorumlulu\u011fu gibi a\u011f\u0131r i\u015f gerektirmeyen g\u00f6revlerde yer alacak. Projeyle haftal\u0131k en fazla k\u0131rk saat g\u00f6rev alarak har\u00e7l\u0131klar\u0131n\u0131 \u00e7\u0131karan ve yurt i\u015fleyi\u015fine katk\u0131 sunan gen\u00e7ler, kamuda staj niteli\u011finde g\u00f6rev alarak i\u015f hayat\u0131na ilk ad\u0131m\u0131 yurdun g\u00fcvenli ortam\u0131nda atm\u0131\u015f olacak. Her g\u00fcn be\u015f dakikal\u0131k spor egzersizinin ard\u0131ndan g\u00f6reve ba\u015flayan gen\u00e7ler, ayn\u0131 zamanda sporu hayatlar\u0131n\u0131n bir par\u00e7as\u0131 haline getirmi\u015f olacak. Bug\u00fcne kadar Yurt Time Spor projesine kat\u0131lan yirmi yedi bin gen\u00e7 \u00fczerinde yap\u0131lan saha ara\u015ft\u0131rmalar\u0131nda gen\u00e7ler, projenin kendilerine g\u00fcnl\u00fck spor yapma al\u0131\u015fkanl\u0131\u011f\u0131, kamuda g\u00f6rev alma tecr\u00fcbesi, sosyal \u00e7evre ve sorumluluk bilinci kazand\u0131rd\u0131\u011f\u0131n\u0131, b\u00fct\u00e7elerini y\u00f6netme konusunda katk\u0131da bulundu\u011funu ifade ederek projeden memnuniyetlerini ifade ediyor.<\/p>\n<p>Projeye, resmi kay\u0131tl\u0131 olarak GSB yurtlar\u0131nda bar\u0131nan birinci s\u0131n\u0131f\u0131n ikinci d\u00f6nemi ve \u00fcst\u00fc s\u0131n\u0131flarda e\u011fitim g\u00f6ren \u00f6\u011frenciler ba\u015fvurabiliyor. Yurt time spor projesi kapsam\u0131nda gen\u00e7ler idare asistanl\u0131\u011f\u0131, \u00e7ama\u015f\u0131rhane sorumlulu\u011fu, k\u00fct\u00fcphane sorumlulu\u011fu, yemekhane sorumlulu\u011fu gibi a\u011f\u0131r i\u015f gerektirmeyen g\u00f6revlerde yer alacak. Projeyle haftal\u0131k en fazla k\u0131rk saat g\u00f6rev alarak har\u00e7l\u0131klar\u0131n\u0131 \u00e7\u0131karan ve yurt i\u015fleyi\u015fine katk\u0131 sunan gen\u00e7ler, kamuda staj niteli\u011finde g\u00f6rev alarak i\u015f hayat\u0131na ilk ad\u0131m\u0131 yurdun g\u00fcvenli ortam\u0131nda atm\u0131\u015f olacak. Her g\u00fcn be\u015f dakikal\u0131k spor egzersizinin ard\u0131ndan g\u00f6reve ba\u015flayan gen\u00e7ler, ayn\u0131 zamanda sporu hayatlar\u0131n\u0131n bir par\u00e7as\u0131 haline getirmi\u015f olacak. Bug\u00fcne kadar Yurt Time Spor projesine kat\u0131lan yirmi yedi bin gen\u00e7 \u00fczerinde yap\u0131lan saha ara\u015ft\u0131rmalar\u0131nda gen\u00e7ler, projenin kendilerine g\u00fcnl\u00fck spor yapma al\u0131\u015fkanl\u0131\u011f\u0131, kamuda g\u00f6rev alma tecr\u00fcbesi, sosyal \u00e7evre ve sorumluluk bilinci kazand\u0131rd\u0131\u011f\u0131n\u0131, b\u00fct\u00e7elerini y\u00f6netme konusunda katk\u0131da bulundu\u011funu ifade ederek projeden memnuniyetlerini ifade ediyor.<\/p>\n<p>Yurt time spor projesi kapsam\u0131nda gen\u00e7ler idare asistanl\u0131\u011f\u0131, \u00e7ama\u015f\u0131rhane sorumlulu\u011fu, k\u00fct\u00fcphane sorumlulu\u011fu, yemekhane sorumlulu\u011fu gibi a\u011f\u0131r i\u015f gerektirmeyen g\u00f6revlerde yer alacak. Projeyle haftal\u0131k en fazla k\u0131rk saat g\u00f6rev alarak har\u00e7l\u0131klar\u0131n\u0131 \u00e7\u0131karan ve yurt i\u015fleyi\u015fine katk\u0131 sunan gen\u00e7ler, kamuda staj niteli\u011finde g\u00f6rev alarak i\u015f hayat\u0131na ilk ad\u0131m\u0131 yurdun g\u00fcvenli ortam\u0131nda atm\u0131\u015f olacak. Her g\u00fcn be\u015f dakikal\u0131k spor egzersizinin ard\u0131ndan g\u00f6reve ba\u015flayan gen\u00e7ler, ayn\u0131 zamanda sporu hayatlar\u0131n\u0131n bir par\u00e7as\u0131 haline getirmi\u015f olacak. Bug\u00fcne kadar Yurt Time Spor projesine kat\u0131lan yirmi yedi bin gen\u00e7 \u00fczerinde yap\u0131lan saha ara\u015ft\u0131rmalar\u0131nda gen\u00e7ler, projenin kendilerine g\u00fcnl\u00fck spor yapma al\u0131\u015fkanl\u0131\u011f\u0131, kamuda g\u00f6rev alma tecr\u00fcbesi, sosyal \u00e7evre ve sorumluluk bilinci kazand\u0131rd\u0131\u011f\u0131n\u0131, b\u00fct\u00e7elerini y\u00f6netme konusunda katk\u0131da bulundu\u011funu ifade ederek projeden memnuniyetlerini ifade ediyor.<\/p>\n<p>Yurt time spor projesi kapsam\u0131nda gen\u00e7ler idare asistanl\u0131\u011f\u0131, \u00e7ama\u015f\u0131rhane sorumlulu\u011fu, k\u00fct\u00fcphane sorumlulu\u011fu, yemekhane sorumlulu\u011fu gibi a\u011f\u0131r i\u015f gerektirmeyen g\u00f6revlerde yer alacak. Projeyle haftal\u0131k en fazla k\u0131rk saat g\u00f6rev alarak har\u00e7l\u0131klar\u0131n\u0131 \u00e7\u0131karan ve yurt i\u015fleyi\u015fine katk\u0131 sunan gen\u00e7ler, kamuda staj niteli\u011finde g\u00f6rev alarak i\u015f hayat\u0131na ilk ad\u0131m\u0131 yurdun g\u00fcvenli ortam\u0131nda atm\u0131\u015f olacak. Her g\u00fcn be\u015f dakikal\u0131k spor egzersizinin ard\u0131ndan g\u00f6reve ba\u015flayan gen\u00e7ler, ayn\u0131 zamanda sporu hayatlar\u0131n\u0131n bir par\u00e7as\u0131 haline getirmi\u015f olacak. Bug\u00fcne kadar Yurt Time Spor projesine kat\u0131lan yirmi yedi bin gen\u00e7 \u00fczerinde yap\u0131lan saha ara\u015ft\u0131rmalar\u0131nda gen\u00e7ler, projenin kendilerine g\u00fcnl\u00fck spor yapma al\u0131\u015fkanl\u0131\u011f\u0131, kamuda g\u00f6rev alma tecr\u00fcbesi, sosyal \u00e7evre ve sorumluluk bilinci kazand\u0131rd\u0131\u011f\u0131n\u0131, b\u00fct\u00e7elerini y\u00f6netme konusunda katk\u0131da bulundu\u011funu ifade ederek projeden memnuniyetlerini ifade ediyor.<\/p>\n<p>Projeyle haftal\u0131k en fazla k\u0131rk saat g\u00f6rev alarak har\u00e7l\u0131klar\u0131n\u0131 \u00e7\u0131karan ve yurt i\u015fleyi\u015fine katk\u0131 sunan gen\u00e7ler, kamuda staj niteli\u011finde g\u00f6rev alarak i\u015f hayat\u0131na ilk ad\u0131m\u0131 yurdun g\u00fcvenli ortam\u0131nda atm\u0131\u015f olacak. Her g\u00fcn be\u015f dakikal\u0131k spor egzersizinin ard\u0131ndan g\u00f6reve ba\u015flayan gen\u00e7ler, ayn\u0131 zamanda sporu hayatlar\u0131n\u0131n bir par\u00e7as\u0131 haline getirmi\u015f olacak. Bug\u00fcne kadar Yurt Time Spor projesine kat\u0131lan yirmi yedi bin gen\u00e7 \u00fczerinde yap\u0131lan saha ara\u015ft\u0131rmalar\u0131nda gen\u00e7ler, projenin kendilerine g\u00fcnl\u00fck spor yapma al\u0131\u015fkanl\u0131\u011f\u0131, kamuda g\u00f6rev alma tecr\u00fcbesi, sosyal \u00e7evre ve sorumluluk bilinci kazand\u0131rd\u0131\u011f\u0131n\u0131, b\u00fct\u00e7elerini y\u00f6netme konusunda katk\u0131da bulundu\u011funu ifade ederek projeden memnuniyetlerini ifade ediyor.<\/p>\n<p>Projeyle haftal\u0131k en fazla k\u0131rk saat g\u00f6rev alarak har\u00e7l\u0131klar\u0131n\u0131 \u00e7\u0131karan ve yurt i\u015fleyi\u015fine katk\u0131 sunan gen\u00e7ler, kamuda staj niteli\u011finde g\u00f6rev alarak i\u015f hayat\u0131na ilk ad\u0131m\u0131 yurdun g\u00fcvenli ortam\u0131nda atm\u0131\u015f olacak. Her g\u00fcn be\u015f dakikal\u0131k spor egzersizinin ard\u0131ndan g\u00f6reve ba\u015flayan gen\u00e7ler, ayn\u0131 zamanda sporu hayatlar\u0131n\u0131n bir par\u00e7as\u0131 haline getirmi\u015f olacak. Bug\u00fcne kadar Yurt Time Spor projesine kat\u0131lan yirmi yedi bin gen\u00e7 \u00fczerinde yap\u0131lan saha ara\u015ft\u0131rmalar\u0131nda gen\u00e7ler, projenin kendilerine g\u00fcnl\u00fck spor yapma al\u0131\u015fkanl\u0131\u011f\u0131, kamuda g\u00f6rev alma tecr\u00fcbesi, sosyal \u00e7evre ve sorumluluk bilinci kazand\u0131rd\u0131\u011f\u0131n\u0131, b\u00fct\u00e7elerini y\u00f6netme konusunda katk\u0131da bulundu\u011funu ifade ederek projeden memnuniyetlerini ifade ediyor.<\/p>\n<p>Bug\u00fcne kadar Yurt Time Spor projesine kat\u0131lan yirmi yedi bin gen\u00e7 \u00fczerinde yap\u0131lan saha ara\u015ft\u0131rmalar\u0131nda gen\u00e7ler, projenin kendilerine g\u00fcnl\u00fck spor yapma al\u0131\u015fkanl\u0131\u011f\u0131, kamuda g\u00f6rev alma tecr\u00fcbesi, sosyal \u00e7evre ve sorumluluk bilinci kazand\u0131rd\u0131\u011f\u0131n\u0131, b\u00fct\u00e7elerini y\u00f6netme konusunda katk\u0131da bulundu\u011funu ifade ederek projeden memnuniyetlerini ifade ediyor.<\/p>\n<p>Bug\u00fcne kadar Yurt Time Spor projesine kat\u0131lan yirmi yedi bin gen\u00e7 \u00fczerinde yap\u0131lan saha ara\u015ft\u0131rmalar\u0131nda gen\u00e7ler, projenin kendilerine g\u00fcnl\u00fck spor yapma al\u0131\u015fkanl\u0131\u011f\u0131, kamuda g\u00f6rev alma tecr\u00fcbesi, sosyal \u00e7evre ve sorumluluk bilinci kazand\u0131rd\u0131\u011f\u0131n\u0131, b\u00fct\u00e7elerini y\u00f6netme konusunda katk\u0131da bulundu\u011funu ifade ederek projeden memnuniyetlerini ifade ediyor.<\/p>\n<p>T\u00fcrkiye&#x27;den ve D\u00fcnya\u2019dan son dakika haberleri, k\u00f6\u015fe yaz\u0131lar\u0131, magazinden siyasete, spordan seyahate b\u00fct\u00fcn konular\u0131n tek adresi Hurriyet.com.tr haber i\u00e7erikleri izin al\u0131nmadan, kaynak g\u00f6sterilerek dahi iktibas edilemez. Kanuna ayk\u0131r\u0131 ve izinsiz olarak kopyalanamaz, ba\u015fka yerde yay\u0131nlanamaz.<\/p>\n","protected":false},"excerpt":{"rendered":"<p>KYK Yurt Time ba\u015fvuru tarihi 2025 2026 \u00f6\u011fretim d\u00f6nemi 2. d\u00f6nemle beraber, \u00f6\u011frencilerin g\u00fcndemine geldi. Yurtlarda bar\u0131nan \u00f6\u011frencilerin ek ekonomik gelir elde&#8230;<\/p>\n","protected":false},"author":2,"featured_media":413,"comment_status":"open","ping_status":"open","sticky":false,"template":"","format":"standard","meta":{"footnotes":""},"categories":[8,1],"tags":[],"class_list":["post-414","post","type-post","status-publish","format-standard","has-post-thumbnail","hentry","category-arsiv","category-uncategorized"],"_links":{"self":[{"href":"https:\/\/eskigazeteci.com\/index.php?rest_route=\/wp\/v2\/posts\/414","targetHints":{"allow":["GET"]}}],"collection":[{"href":"https:\/\/eskigazeteci.com\/index.php?rest_route=\/wp\/v2\/posts"}],"about":[{"href":"https:\/\/eskigazeteci.com\/index.php?rest_route=\/wp\/v2\/types\/post"}],"author":[{"embeddable":true,"href":"https:\/\/eskigazeteci.com\/index.php?rest_route=\/wp\/v2\/users\/2"}],"replies":[{"embeddable":true,"href":"https:\/\/eskigazeteci.com\/index.php?rest_route=%2Fwp%2Fv2%2Fcomments&post=414"}],"version-history":[{"count":0,"href":"https:\/\/eskigazeteci.com\/index.php?rest_route=\/wp\/v2\/posts\/414\/revisions"}],"wp:featuredmedia":[{"embeddable":true,"href":"https:\/\/eskigazeteci.com\/index.php?rest_route=\/wp\/v2\/media\/413"}],"wp:attachment":[{"href":"https:\/\/eskigazeteci.com\/index.php?rest_route=%2Fwp%2Fv2%2Fmedia&parent=414"}],"wp:term":[{"taxonomy":"category","embeddable":true,"href":"https:\/\/eskigazeteci.com\/index.php?rest_route=%2Fwp%2Fv2%2Fcategories&post=414"},{"taxonomy":"post_tag","embeddable":true,"href":"https:\/\/eskigazeteci.com\/index.php?rest_route=%2Fwp%2Fv2%2Ftags&post=414"}],"curies":[{"name":"wp","href":"https:\/\/api.w.org\/{rel}","templated":true}]}}