{"id":412,"date":"2026-02-09T16:02:53","date_gmt":"2026-02-09T16:02:53","guid":{"rendered":"https:\/\/eskigazeteci.com\/?p=412"},"modified":"2026-02-09T16:02:53","modified_gmt":"2026-02-09T16:02:53","slug":"kayserispor-1","status":"publish","type":"post","link":"https:\/\/eskigazeteci.com\/?p=412","title":{"rendered":"Kayserispor 1"},"content":{"rendered":"<p>Trendyol S\u00fcper Lig&#x27;in 21. haftas\u0131nda Kayserispor ile Kocaelispor kozlar\u0131n\u0131 payla\u015ft\u0131.<\/p>\n<p>Kayseri&#x27;de oynanan m\u00fccadeleyi konuk ekip Agyei&#x27;nin golleriyle 2-1 kazand\u0131.<\/p>\n<p>Kocaelispor&#x27;da kar\u015f\u0131la\u015fman\u0131n ikinci devresinde oyuna dahil olan Daniel Agyei, 65. ve 73. dakikalarda att\u0131\u011f\u0131 gollerle tak\u0131m\u0131n\u0131 galibiyete ta\u015f\u0131d\u0131.<\/p>\n<p>Kayserispor&#x27;un ise tek say\u0131s\u0131 81. dakikada Taha Sar\u0131aslan&#x27;dan geldi.<\/p>\n<p>Bu sonucun ard\u0131ndan galibiyet hasreti 7 ma\u00e7a \u00e7\u0131kan Kayserispor 15 puanda kald\u0131. Kocaelispor ise 3 ma\u00e7\u0131n ard\u0131ndan kazanarak puan\u0131n\u0131 27 yapt\u0131.<\/p>\n<p>Ligin gelecek haftas\u0131nda Kayserispor, G\u00f6ztepe&#x27;nin konu\u011fu olacak. Kocaelispor ise evinde Gaziantep FK&#x27;y\u0131 a\u011f\u0131rlayacak.<\/p>\n<p>Ma\u00e7tan dakikalar (\u0130lk yar\u0131)<\/p>\n<p>6. dakikada sol kanattan Mendes\u2019in ortas\u0131nda savunmadan sekerek, arka dire\u011fe y\u00f6nelen topu G\u00f6rkem ceza alan\u0131 \u00f6n\u00fcne aktard\u0131. Chalov\u2019un \u015futunda top kale \u00fczerinden auta \u00e7\u0131kt\u0131. 13. dakikada sa\u011fdan Cardoso\u2019nun ceza sahas\u0131na ortas\u0131nda savunmadan seken topla arka direkte bulu\u015fan Mendes\u2019in \u015futunda me\u015fin yuvarlak auta \u00e7\u0131kt\u0131. 30. dakikada Mendes\u2019in sol kanattan kulland\u0131\u011f\u0131 k\u00f6\u015fe vuru\u015funda kale alan\u0131 \u00f6n\u00fcne Denswil\u2019in yapt\u0131\u011f\u0131 kafa vuru\u015funda top az farkla auta \u00e7\u0131kt\u0131.<\/p>\n<p>\u0130LK 11&#x27;LER<\/p>\n<p>Kayserispor: Deniz, Dorukhan, Semih, Denswil, Carole, Bennasser, G\u00f6rkem, Benes, Mendes, Cardoso, Chalov<\/p>\n<p>Kocaelispor: G\u00f6khan, Dijksteel, Balogh, Smolcic, Haidara, Show, Keita, Tayfur, Rivas, Can, Petkovic<\/p>\n<p>T\u00fcrkiye&#x27;den ve D\u00fcnya\u2019dan son dakika haberleri, k\u00f6\u015fe yaz\u0131lar\u0131, magazinden siyasete, spordan seyahate b\u00fct\u00fcn konular\u0131n tek adresi Hurriyet.com.tr haber i\u00e7erikleri izin al\u0131nmadan, kaynak g\u00f6sterilerek dahi iktibas edilemez. Kanuna ayk\u0131r\u0131 ve izinsiz olarak kopyalanamaz, ba\u015fka yerde yay\u0131nlanamaz.<\/p>\n","protected":false},"excerpt":{"rendered":"<p>S\u00fcper Lig&#8217;in 21. haftas\u0131nda Kocaelispor, deplasmanda Kayserispor&#8217;u 2-1 ma\u011flup etti.<\/p>\n","protected":false},"author":2,"featured_media":411,"comment_status":"open","ping_status":"open","sticky":false,"template":"","format":"standard","meta":{"footnotes":""},"categories":[8,1],"tags":[],"class_list":["post-412","post","type-post","status-publish","format-standard","has-post-thumbnail","hentry","category-arsiv","category-uncategorized"],"_links":{"self":[{"href":"https:\/\/eskigazeteci.com\/index.php?rest_route=\/wp\/v2\/posts\/412","targetHints":{"allow":["GET"]}}],"collection":[{"href":"https:\/\/eskigazeteci.com\/index.php?rest_route=\/wp\/v2\/posts"}],"about":[{"href":"https:\/\/eskigazeteci.com\/index.php?rest_route=\/wp\/v2\/types\/post"}],"author":[{"embeddable":true,"href":"https:\/\/eskigazeteci.com\/index.php?rest_route=\/wp\/v2\/users\/2"}],"replies":[{"embeddable":true,"href":"https:\/\/eskigazeteci.com\/index.php?rest_route=%2Fwp%2Fv2%2Fcomments&post=412"}],"version-history":[{"count":0,"href":"https:\/\/eskigazeteci.com\/index.php?rest_route=\/wp\/v2\/posts\/412\/revisions"}],"wp:featuredmedia":[{"embeddable":true,"href":"https:\/\/eskigazeteci.com\/index.php?rest_route=\/wp\/v2\/media\/411"}],"wp:attachment":[{"href":"https:\/\/eskigazeteci.com\/index.php?rest_route=%2Fwp%2Fv2%2Fmedia&parent=412"}],"wp:term":[{"taxonomy":"category","embeddable":true,"href":"https:\/\/eskigazeteci.com\/index.php?rest_route=%2Fwp%2Fv2%2Fcategories&post=412"},{"taxonomy":"post_tag","embeddable":true,"href":"https:\/\/eskigazeteci.com\/index.php?rest_route=%2Fwp%2Fv2%2Ftags&post=412"}],"curies":[{"name":"wp","href":"https:\/\/api.w.org\/{rel}","templated":true}]}}