{"id":410,"date":"2026-02-09T15:52:55","date_gmt":"2026-02-09T15:52:55","guid":{"rendered":"https:\/\/eskigazeteci.com\/?p=410"},"modified":"2026-02-09T15:52:55","modified_gmt":"2026-02-09T15:52:55","slug":"once-esini-sonra-emlakciyi-oldurdu-emekli-polisin-kactigi-anlar-kameraya-boyle-yansidi","status":"publish","type":"post","link":"https:\/\/eskigazeteci.com\/?p=410","title":{"rendered":"\u00d6nce e\u015fini sonra emlak\u00e7\u0131y\u0131 \u00f6ld\u00fcrd\u00fc\u2026 Emekli polisin ka\u00e7t\u0131\u011f\u0131 anlar kameraya b\u00f6yle yans\u0131d\u0131"},"content":{"rendered":"<p>Olay, 6 \u015eubat 2026 Cuma g\u00fcn\u00fc saat 17.00 s\u0131ralar\u0131nda Karap\u00fcr\u00e7ek il\u00e7esinde meydana geldi. Emekli polis memuru Adem Y\u00fcksel, evinde tart\u0131\u015ft\u0131\u011f\u0131 e\u015fi ve 2 \u00e7ocu\u011funun annesi Selma Y\u00fcksel\u2019i tabancayla vurarak \u00f6ld\u00fcrd\u00fc. Ard\u0131ndan il\u00e7ede emlak\u00e7\u0131l\u0131k yapan Mustafa H\u0131ra\u00e7\u2019\u0131n i\u015f yerine giden Adem Y\u00fcksel, burada da H\u0131ra\u00e7\u2019a tabancayla ate\u015f ederek \u00f6ld\u00fcrd\u00fc.<\/p>\n<p>Olay sonras\u0131 Karap\u00fcr\u00e7ek \u0130l\u00e7e Emniyet Amirli\u011fi\u2019ne giden Y\u00fcksel, teslim oldu. G\u00f6zalt\u0131na al\u0131nan Adem Y\u00fcksel emniyetteki i\u015flemlerinin ard\u0131ndan sevk edildi\u011fi adliyede \u00e7\u0131kar\u0131ld\u0131\u011f\u0131 mahkeme taraf\u0131ndan tutukland\u0131. Hayat\u0131n\u0131 kaybeden Selma Y\u00fcksel D\u00fczce\u2019de, Mustafa H\u0131ra\u00e7 ise Karap\u00fcr\u00e7ek\u2019te topra\u011fa verildi.<\/p>\n<p>G\u00dcVENL\u0130K KAMERASI G\u00d6R\u00dcNT\u00dcLER\u0130 ORTAYA \u00c7IKTI<\/p>\n<p>Adem Y\u00fcksel\u2019in emlak\u00e7\u0131 Mustafa H\u0131ra\u00e7\u2019\u0131 \u00f6ld\u00fcrd\u00fckten sonra ka\u00e7t\u0131\u011f\u0131 anlara ait g\u00fcvenlik kamera kay\u0131tlar\u0131 ortaya \u00e7\u0131kt\u0131. \u0130\u015f yerinin kameras\u0131na yans\u0131yan g\u00f6r\u00fcnt\u00fclerde, Mustafa H\u0131ra\u00e7\u2019\u0131n emlak ofisinden 4 el silah sesi duyuldu\u011fu, ard\u0131ndan Adem Y\u00fcksel\u2019in ko\u015farak olay yerinden uzakla\u015ft\u0131\u011f\u0131 anlar yer ald\u0131. Adem Y\u00fcksel\u2019in, H\u0131ra\u00e7\u2019\u0131 vurduktan sonra yeniden evine giderek e\u015fini kontrol etti\u011fi, daha sonra evine yak\u0131n mesafedeki emniyet amirli\u011fine giderek teslim oldu\u011fu \u00f6\u011frenildi.<\/p>\n<p>T\u00fcrkiye g\u00fcndeminden son dakika haberleri, bug\u00fcn ya\u015fanan en son geli\u015fmeler, siyaset g\u00fcndeminden g\u00fcncel haberler ve b\u00fct\u00fcn son dakika haberleri i\u00e7in H\u00fcrriyet&#x27;in internet haber sitesi hurriyet.com.tr; Hurriyet.com.tr haber i\u00e7erikleri kaynak g\u00f6sterilmeden al\u0131nt\u0131 yap\u0131lamaz, Kanuna ayk\u0131r\u0131 ve izinsiz olarak kopyalanamaz, ba\u015fka yerde yay\u0131nlanamaz.<\/p>\n","protected":false},"excerpt":{"rendered":"<p>SAKARYA\u2019n\u0131n Karap\u00fcr\u00e7ek il\u00e7esinde \u00f6nce evinde e\u015fini sonra da emlak\u00e7\u0131 Mustafa H\u0131ra\u00e7\u2019\u0131 da i\u015f yerinde tabancayla vurarak \u00f6ld\u00fcren emekli polis memuru Adem&#8230;<\/p>\n","protected":false},"author":2,"featured_media":409,"comment_status":"open","ping_status":"open","sticky":false,"template":"","format":"standard","meta":{"footnotes":""},"categories":[8,1],"tags":[],"class_list":["post-410","post","type-post","status-publish","format-standard","has-post-thumbnail","hentry","category-arsiv","category-uncategorized"],"_links":{"self":[{"href":"https:\/\/eskigazeteci.com\/index.php?rest_route=\/wp\/v2\/posts\/410","targetHints":{"allow":["GET"]}}],"collection":[{"href":"https:\/\/eskigazeteci.com\/index.php?rest_route=\/wp\/v2\/posts"}],"about":[{"href":"https:\/\/eskigazeteci.com\/index.php?rest_route=\/wp\/v2\/types\/post"}],"author":[{"embeddable":true,"href":"https:\/\/eskigazeteci.com\/index.php?rest_route=\/wp\/v2\/users\/2"}],"replies":[{"embeddable":true,"href":"https:\/\/eskigazeteci.com\/index.php?rest_route=%2Fwp%2Fv2%2Fcomments&post=410"}],"version-history":[{"count":0,"href":"https:\/\/eskigazeteci.com\/index.php?rest_route=\/wp\/v2\/posts\/410\/revisions"}],"wp:featuredmedia":[{"embeddable":true,"href":"https:\/\/eskigazeteci.com\/index.php?rest_route=\/wp\/v2\/media\/409"}],"wp:attachment":[{"href":"https:\/\/eskigazeteci.com\/index.php?rest_route=%2Fwp%2Fv2%2Fmedia&parent=410"}],"wp:term":[{"taxonomy":"category","embeddable":true,"href":"https:\/\/eskigazeteci.com\/index.php?rest_route=%2Fwp%2Fv2%2Fcategories&post=410"},{"taxonomy":"post_tag","embeddable":true,"href":"https:\/\/eskigazeteci.com\/index.php?rest_route=%2Fwp%2Fv2%2Ftags&post=410"}],"curies":[{"name":"wp","href":"https:\/\/api.w.org\/{rel}","templated":true}]}}