{"id":406,"date":"2026-02-09T15:42:53","date_gmt":"2026-02-09T15:42:53","guid":{"rendered":"https:\/\/eskigazeteci.com\/?p=406"},"modified":"2026-02-09T15:42:53","modified_gmt":"2026-02-09T15:42:53","slug":"bakan-yumakli-11-milyar-liralik-kaynagi-11-ilimize-aktaracagiz","status":"publish","type":"post","link":"https:\/\/eskigazeteci.com\/?p=406","title":{"rendered":"Bakan Yumakl\u0131: 11 milyar liral\u0131k kayna\u011f\u0131 11 ilimize aktaraca\u011f\u0131z"},"content":{"rendered":"<p>Bakan Yumakl\u0131, \u00e7e\u015fitli temaslarda bulunmak \u00fczere geldi\u011fi Kahramanmara\u015f&#x27;ta, TARD\u0130P&#x27;in tan\u0131t\u0131m program\u0131nda yapt\u0131\u011f\u0131 konu\u015fmada, 6 \u015eubat 2023&#x27;teki Kahramanmara\u015f merkezli depremlerin ac\u0131s\u0131n\u0131n halen y\u00fcreklerde oldu\u011funu s\u00f6yledi.<\/p>\n<p>Ya\u015fanan afetin ard\u0131ndan hayat\u0131n normale d\u00f6n\u00fc\u015ft\u00fcr\u00fclmesi ad\u0131na devlet millet i\u015fbirli\u011fiyle ba\u015flat\u0131lan \u00e7al\u0131\u015fmalarla gelinen noktan\u0131n t\u00fcm d\u00fcnyaya \u00f6rnek oldu\u011funu hat\u0131rlatan Yumakl\u0131, \u015funlar\u0131 kaydetti:<\/p>\n<p>&quot;Biz &#x27;asr\u0131n felaketi&#x27;ni &#x27;asr\u0131n dayan\u0131\u015fmas\u0131&#x27;na daha sonra da &#x27;asr\u0131n in\u015fa ve ihya faaliyeti&#x27;ne d\u00f6n\u00fc\u015ft\u00fcrm\u00fc\u015f olan bir milletiz. \u00c7ok farkl\u0131 \u00fclkelerde b\u00f6lgesel olarak bir sel hasar\u0131n\u0131 bile halen tamir edemeyen \u00e7ok geli\u015fmi\u015f dedi\u011fimiz \u00fclkelerin yan\u0131nda can\u0131n\u0131 di\u015fine takarak t\u00fcm kurum kurulu\u015flar\u0131yla ve en \u00f6nemlisi de Cumhurba\u015fkan\u0131m\u0131z\u0131n liderli\u011finde elhamd\u00fclillah bug\u00fcn hayat\u0131n normal haline d\u00f6nmesini sa\u011flam\u0131\u015f durumday\u0131z. Yaralar birlikte sar\u0131ld\u0131, aya\u011fa birlikte kalkt\u0131k, gelece\u011fe hep birlikte g\u00fcvenle bak\u0131yoruz. Deprem b\u00f6lgesinde 455 binin \u00fczerinde konut ve i\u015f yeri vatanda\u015flar\u0131m\u0131za teslim edildi. Bunlar\u0131n aras\u0131nda k\u00f6y evleri de var elbette. Binlerce aile art\u0131k kendi evlerinde kendi hayatlar\u0131n\u0131 gelece\u011fe g\u00fcvenle bakarak idame ettirmeye devam etti. Bu kapsaml\u0131 in\u015fa faaliyetinde elbette okullar, sa\u011fl\u0131k tesisleri, altyap\u0131 projeleri, ya\u015fam alanlar\u0131 yeniden d\u00fczenlendi ve b\u00f6lge halk\u0131m\u0131z\u0131n sosyal ya\u015fam kalitesi de art\u0131r\u0131lm\u0131\u015f oldu.&quot;<\/p>\n<p>Devlet-millet dayan\u0131\u015fmas\u0131n\u0131n sonu\u00e7lar\u0131n\u0131 tar\u0131m alan\u0131ndaki geli\u015fmelerde de g\u00f6zlemlediklerini anlatan Yumakl\u0131, tarlas\u0131na yeniden hayat veren, hayvan\u0131na, ah\u0131r\u0131na ya da ar\u0131 kovan\u0131na g\u00f6z\u00fc gibi bakan \u00fcreticilerin kararl\u0131l\u0131\u011f\u0131n\u0131n, Bakanl\u0131k olarak sa\u011flad\u0131klar\u0131 desteklerle olmas\u0131 gerekenden \u00e7ok daha ileriye bir noktaya ta\u015f\u0131nm\u0131\u015f bir durumda oldu\u011funu dile getirdi.<\/p>\n<p>Bakanl\u0131k olarak altyap\u0131dan finansmana kadar \u00f6zellikle \u00fcretim planlamas\u0131 alan\u0131nda \u00fcreticilerin yan\u0131nda olduklar\u0131na i\u015faret eden Yumakl\u0131, bu s\u00fcre i\u00e7erisinde vatanda\u015f\u0131n i\u00e7me ve sulama suyu ihtiyac\u0131n\u0131n kar\u015f\u0131lanmas\u0131na y\u00f6nelik b\u00f6lgede 60 milyar liral\u0131k bir yat\u0131r\u0131mla 459 su ve sulama tesisi yap\u0131ld\u0131\u011f\u0131n\u0131, yat\u0131r\u0131mlar\u0131n tamamlanmas\u0131 halinde bu rakam\u0131n 110 milyar liraya ula\u015faca\u011f\u0131n\u0131 ifade etti.<\/p>\n<p>DEPREM B\u00d6LGES\u0130NE 67 M\u0130LYAR L\u0130RALIK DESTEK VE YATIRIM<\/p>\n<p>Tar\u0131msal \u00fcretimin ve tar\u0131msal \u00fcretim altyap\u0131s\u0131n\u0131n yeniden aya\u011fa kald\u0131r\u0131lmas\u0131 ad\u0131na da depremlerden etkilenen 11 ilde \u00fcreticilere 67 milyar lira destek ve tar\u0131msal yat\u0131r\u0131m yapt\u0131klar\u0131n\u0131 aktaran Yumakl\u0131, &quot;Say\u0131n Cumhurba\u015fkan\u0131m\u0131z\u0131n \u00f6zellikle her konuya b\u00f6lgedeki her ba\u015fl\u0131\u011fa ayr\u0131 bir \u00f6nem vermesini ben tar\u0131msal \u00fcretim a\u00e7\u0131s\u0131ndan da Say\u0131n Cumhurba\u015fkan\u0131m\u0131z\u0131n &#x27;Bu s\u00fcre\u00e7 i\u00e7erisinde \u00e7ift\u00e7ilerimizin, \u00fcreticilerimizin b\u00fct\u00fcn kay\u0131plar\u0131n\u0131 birebirde telafi edece\u011fiz&#x27; s\u00f6z\u00fcne istinaden ve bizlere de talimat\u0131na istinaden hemen \u00e7al\u0131\u015ft\u0131k ve bu d\u00f6nemde \u00f6zellikle hem b\u00fcy\u00fckba\u015f hayvanlar\u0131n\u0131 hem k\u00fc\u00e7\u00fckba\u015f hayvanlar\u0131n\u0131 hem kovanlar\u0131n\u0131 hem de buna benzer makine ekipmanlar\u0131n\u0131 kaybeden vatanda\u015flar\u0131m\u0131z\u0131n bu kay\u0131plar\u0131n\u0131 birebirde kendilerine tevdi edilmi\u015f olduk.&quot; ifadelerini kulland\u0131.<\/p>\n<p>Bakan Yumakl\u0131, deprem sonras\u0131 ge\u00e7ici \u00fcretim kay\u0131plar\u0131 oldu\u011funu ancak \u00fclkeyi b\u00fcy\u00fck oranda etkileyen bir kay\u0131p ya\u015fanmad\u0131\u011f\u0131n\u0131, bunun sebebinin ise \u00fcreticilerin felaketin olumsuz ko\u015fullar\u0131na ra\u011fmen \u00fcretimden asla vazge\u00e7memesi oldu\u011funu belirtti.<\/p>\n<p>Deprem b\u00f6lgesinin tar\u0131msal \u00fcretimin kalbi oldu\u011funu vurgulayan Yumakl\u0131, &quot;Toplam \u00fclkemizin tar\u0131msal \u00fcretim kapasitesinin y\u00fczde 15&#x27;ini, tar\u0131m ve g\u0131da ihracat\u0131n\u0131n da yakla\u015f\u0131k y\u00fczde 20&#x27;sini bu b\u00f6lge kar\u015f\u0131l\u0131yordu. Bu b\u00f6lge sadece kendi halk\u0131n\u0131n yani burada ya\u015fayanlar\u0131n g\u0131da ihtiyac\u0131n\u0131 kar\u015f\u0131lamakta kalm\u0131yordu. Ayn\u0131 zamanda \u00fclkemize tar\u0131msal \u00fcr\u00fcn ihracat\u0131 anlam\u0131nda \u00e7ok \u00f6nemli bir ekonomik katk\u0131 da veriyordu. Bu \u00f6zelli\u011fin devam\u0131n\u0131 sa\u011flamam\u0131z gerekiyordu.&quot; diye konu\u015ftu.<\/p>\n<p>Bakan Yumakl\u0131, \u015fimdiye kadar ki desteklerin d\u0131\u015f\u0131nda bug\u00fcn tar\u0131msal altyap\u0131 ve sulama sistemlerinin iyile\u015ftirilmesi, s\u00fcrd\u00fcr\u00fclebilir tar\u0131m uygulamalar\u0131 ve teknolojik yat\u0131r\u0131mlar\u0131n yayg\u0131nla\u015ft\u0131r\u0131lmas\u0131 i\u00e7in yeni bir proje haz\u0131rlama gere\u011fi g\u00f6rd\u00fcklerini s\u00f6yledi.<\/p>\n<p>11 M\u0130LYAR L\u0130RALIK KAYNAK 11 \u0130LE AKTARILACAK<\/p>\n<p>S\u00f6z konusu projeyi sadece T\u00fcrkiye&#x27;de de\u011fil, ayn\u0131 zamanda d\u00fcnyada da \u00f6rnek g\u00f6stereceklerine i\u015faret eden Yumakl\u0131, &quot;Bu yabanc\u0131 kaynakl\u0131 bir proje. \u00d6zellikle D\u00fcnya Bankas\u0131&#x27;yla y\u00fcr\u00fctt\u00fc\u011f\u00fcm\u00fcz bu projede 250 milyon dolar yani bug\u00fcn\u00fcn rakamlar\u0131yla yakla\u015f\u0131k 11 milyar liral\u0131k bir kayna\u011f\u0131 biz bu proje kapsam\u0131nda 11 ilimize aktaraca\u011f\u0131z in\u015fallah.&quot; dedi.<\/p>\n<p>Sulama altyap\u0131s\u0131n\u0131n modernize edilmesi, ortak makine ekipman parklar\u0131 kurulmas\u0131, hayvanc\u0131l\u0131\u011f\u0131n g\u00fc\u00e7lendirilmesi ve meralar\u0131n iyile\u015ftirilmesi konular\u0131n\u0131 i\u00e7eren projenin detaylar\u0131na de\u011finen Yumakl\u0131, &quot;Bu projeyle kullan\u0131m esas\u0131na dayal\u0131 makine ve ekipman parklar\u0131 11 ilde 25 makine ekipman park\u0131 ile in\u015fallah v\u00fccuda gelmi\u015f olacak. Burada makine ve ekipmanlar\u0131 birliklere ve \u00fcreticilere y\u00fczde 90 hibe ile vermi\u015f olaca\u011f\u0131z.&quot; ifadelerini kulland\u0131.<\/p>\n<p>Hayvanc\u0131l\u0131kta i\u015fletmelerin kapasitelerinin artt\u0131r\u0131lmas\u0131n\u0131n olmazsa olmazlar\u0131 aras\u0131nda yer ald\u0131\u011f\u0131n\u0131 vurgulayan Yumakl\u0131, &quot; \u0130n\u015fallah bu konuda modern teknikler ve hibelerle destek vermi\u015f olaca\u011f\u0131z. Burada da b\u00fcy\u00fckba\u015f, k\u00fc\u00e7\u00fckba\u015f ve kanatl\u0131 hayvanc\u0131l\u0131k \u00fcreticilerimizin kapasite art\u0131r\u0131mlar\u0131n\u0131, alet ekipman modernizasyonlar\u0131n\u0131 ve yenilenebilir enerji yat\u0131r\u0131mlar\u0131n\u0131 y\u00fczde 75&#x27;e varan bir hibeyle in\u015fallah bu projeden desteklemi\u015f olaca\u011f\u0131z. B\u00f6ylece b\u00fct\u00fcn iste\u011fimiz, b\u00fct\u00fcn arzumuz, b\u00fct\u00fcn dile\u011fimiz ba\u015far\u0131l\u0131 sonu\u00e7lar\u0131n\u0131 g\u00f6rmek hem \u00fcretimin verimlili\u011fini art\u0131rmak hem de uygulamalar\u0131m\u0131z\u0131n \u00e7evre dostu oldu\u011funu g\u00f6stermek ve bunlar\u0131 te\u015fvik etmek olacak.&quot; diye konu\u015ftu.<\/p>\n<p>\u00d6zellikle bu y\u0131l k\u0131rsal kalk\u0131nma desteklerinin en az y\u00fczde 20&#x27;sini kad\u0131nlara ve gen\u00e7le aktaracaklar\u0131n\u0131 belirten Yumakl\u0131, \u00fclkenin s\u00fcrd\u00fcr\u00fclebilir tar\u0131m\u0131n\u0131n gelece\u011finin genler ve kad\u0131n giri\u015fimcilerin \u00fcretimin i\u00e7erisine girmesiyle m\u00fcmk\u00fcn olaca\u011f\u0131n\u0131 dile getirdi.<\/p>\n<p>T\u00fcrkiye g\u00fcndeminden son dakika haberleri, bug\u00fcn ya\u015fanan en son geli\u015fmeler, siyaset g\u00fcndeminden g\u00fcncel haberler ve b\u00fct\u00fcn son dakika haberleri i\u00e7in H\u00fcrriyet&#x27;in internet haber sitesi hurriyet.com.tr; Hurriyet.com.tr haber i\u00e7erikleri kaynak g\u00f6sterilmeden al\u0131nt\u0131 yap\u0131lamaz, Kanuna ayk\u0131r\u0131 ve izinsiz olarak kopyalanamaz, ba\u015fka yerde yay\u0131nlanamaz.<\/p>\n","protected":false},"excerpt":{"rendered":"<p>Tar\u0131m ve Orman Bakan\u0131 \u0130brahim Yumakl\u0131, T\u00fcrkiye&#8217;de Depremden Etkilenen \u0130llerde Tar\u0131m Sekt\u00f6r\u00fcn\u00fcn \u0130yile\u015ftirilmesi Projesi (TARD\u0130P) kapsam\u0131nda 11 milyar liral\u0131k&#8230;<\/p>\n","protected":false},"author":2,"featured_media":405,"comment_status":"open","ping_status":"open","sticky":false,"template":"","format":"standard","meta":{"footnotes":""},"categories":[8,1],"tags":[],"class_list":["post-406","post","type-post","status-publish","format-standard","has-post-thumbnail","hentry","category-arsiv","category-uncategorized"],"_links":{"self":[{"href":"https:\/\/eskigazeteci.com\/index.php?rest_route=\/wp\/v2\/posts\/406","targetHints":{"allow":["GET"]}}],"collection":[{"href":"https:\/\/eskigazeteci.com\/index.php?rest_route=\/wp\/v2\/posts"}],"about":[{"href":"https:\/\/eskigazeteci.com\/index.php?rest_route=\/wp\/v2\/types\/post"}],"author":[{"embeddable":true,"href":"https:\/\/eskigazeteci.com\/index.php?rest_route=\/wp\/v2\/users\/2"}],"replies":[{"embeddable":true,"href":"https:\/\/eskigazeteci.com\/index.php?rest_route=%2Fwp%2Fv2%2Fcomments&post=406"}],"version-history":[{"count":0,"href":"https:\/\/eskigazeteci.com\/index.php?rest_route=\/wp\/v2\/posts\/406\/revisions"}],"wp:featuredmedia":[{"embeddable":true,"href":"https:\/\/eskigazeteci.com\/index.php?rest_route=\/wp\/v2\/media\/405"}],"wp:attachment":[{"href":"https:\/\/eskigazeteci.com\/index.php?rest_route=%2Fwp%2Fv2%2Fmedia&parent=406"}],"wp:term":[{"taxonomy":"category","embeddable":true,"href":"https:\/\/eskigazeteci.com\/index.php?rest_route=%2Fwp%2Fv2%2Fcategories&post=406"},{"taxonomy":"post_tag","embeddable":true,"href":"https:\/\/eskigazeteci.com\/index.php?rest_route=%2Fwp%2Fv2%2Ftags&post=406"}],"curies":[{"name":"wp","href":"https:\/\/api.w.org\/{rel}","templated":true}]}}