{"id":396,"date":"2026-02-09T14:51:24","date_gmt":"2026-02-09T14:51:24","guid":{"rendered":"https:\/\/eskigazeteci.com\/?p=396"},"modified":"2026-02-09T14:51:24","modified_gmt":"2026-02-09T14:51:24","slug":"ingiltere-kralinin-kardesine-epstein-incelemesi","status":"publish","type":"post","link":"https:\/\/eskigazeteci.com\/?p=396","title":{"rendered":"\u0130ngiltere Kral\u0131&#8217;n\u0131n karde\u015fine Epstein incelemesi"},"content":{"rendered":"<p>Mountbatten-Windsor&#x27;un Epstein&#x27;le gizli ticari ve siyasi bilgileri payla\u015ft\u0131\u011f\u0131 \u015f\u00fcphesiyle monar\u015fi kar\u015f\u0131t\u0131 Republic grubu Thames Valley Polis Te\u015fkilat\u0131&#x27;na ihbarda bulundu.<\/p>\n<p>Thames Valley Polisi&#x27;nden yap\u0131lan a\u00e7\u0131klamada, &quot;Bu konuda bir ihbar ald\u0131k ve prosed\u00fcrler gere\u011fi bu ihbardaki bilgileri inceleyece\u011fiz.&quot; ifadeleri kullan\u0131ld\u0131.<\/p>\n<p>Mountbatten-Windsor, 2001-2011 aras\u0131nda \u0130ngiltere&#x27;nin Ticaret ve Yat\u0131r\u0131m \u00d6zel Temsilcili\u011fi g\u00f6revini y\u00fcr\u00fctm\u00fc\u015f, baz\u0131 \u00fclkelere resmi ziyaretler ger\u00e7ekle\u015ftirmi\u015fti.<\/p>\n<p>ABD Adalet Bakanl\u0131\u011f\u0131&#x27;n\u0131n yay\u0131mlad\u0131\u011f\u0131 Epstein belgelerinde Mountbatten-Windsor&#x27;un 2010&#x27;da yapt\u0131\u011f\u0131 Vietnam, \u00c7in ve Hong Kong ziyaretlerine ili\u015fkin kendisine g\u00f6nderilen raporlar\u0131 Epstein&#x27;e y\u00f6nlendirdi\u011fi ortaya \u00e7\u0131km\u0131\u015ft\u0131.<\/p>\n<p>Ayn\u0131 y\u0131l at\u0131lan ba\u015fka bir e-postada ise Mountbatten-Windsor&#x27;un Afganistan&#x27;\u0131n yeniden in\u015fas\u0131 s\u00fcrecinde ortaya \u00e7\u0131kacak yat\u0131r\u0131m f\u0131rsatlar\u0131na ili\u015fkin kendisine verilen brifing notlar\u0131n\u0131 Epstein&#x27;e yollad\u0131\u011f\u0131 g\u00f6r\u00fclm\u00fc\u015ft\u00fc.<\/p>\n<p>Jeffrey Epstein<\/p>\n<p>SIRLAR 2065&#x27;TE PAYLA\u015eILACAK<\/p>\n<p>\u0130ngiltere&#x27;de \u00f6zel temsilciler memur olarak kabul edilmezken, Resmi S\u0131rlar Yasas\u0131 &#x27;n\u0131n 1911 ve 1989 tarihli d\u00fczenlemelerine g\u00f6re s\u0131r saklama sorumlulu\u011fu ta\u015f\u0131yor.<\/p>\n<p>\u00d6zel temsilcilerin s\u0131r saklama y\u00fck\u00fcml\u00fcl\u00fc\u011f\u00fc, g\u00f6revleri sona erse dahi devam ediyor. Mountbatten-Windsor&#x27;un ziyaretlerine ili\u015fkin s\u0131rlar, D\u0131\u015fi\u015fleri Bakanl\u0131\u011f\u0131 taraf\u0131ndan 2065&#x27;te a\u00e7\u0131klanacak.<\/p>\n<p>\u00dcNVANLARINI KAYBETT\u0130<\/p>\n<p>Mountbatten-Windsor&#x27;un Epstein&#x27;le yak\u0131n ili\u015fkisi, ABD Adalet Bakanl\u0131\u011f\u0131n\u0131n yay\u0131mlad\u0131\u011f\u0131 belgelerde yer alm\u0131\u015f, Epstein ma\u011fduru Virginia Giuffre, hen\u00fcz 17 ya\u015f\u0131ndayken o d\u00f6nemde Prens olan Andrew&#x27;la ili\u015fkiye girdi\u011fini iddia etmi\u015fti.<\/p>\n<p>\u0130ddialar\u0131 reddeden Mountbatten-Windsor, Kraliyet Ailesi&#x27;ne zarar vermemek ad\u0131na York D\u00fck\u00fc dahil t\u00fcm unvanlar\u0131ndan feragat etmi\u015fti. Ancak ge\u00e7en y\u0131l\u0131n son aylar\u0131nda artan bask\u0131lar ve yeni a\u00e7\u0131klanan belgeler neticesinde Kral Charles taraf\u0131ndan &quot;Prens&quot; unvan\u0131 da elinden al\u0131nm\u0131\u015ft\u0131.<\/p>\n<p>Mountbatten-Windsor&#x27;un 2003&#x27;ten bu yana kald\u0131\u011f\u0131 malikaneye c\u00fczi bir y\u0131ll\u0131k kira \u00f6demesi ve 75 y\u0131ll\u0131k kullan\u0131m hakk\u0131n\u0131 1 milyon sterline almas\u0131 da bu d\u00f6nemde g\u00fcndeme gelmi\u015fti.<\/p>\n<p>Royal Lodge malikanesini kiralamas\u0131, Kraliyet gelirleri ve Mountbatten-Windsor&#x27;un masraflar\u0131n\u0131n halk taraf\u0131ndan vergiler yoluyla kar\u015f\u0131lanmas\u0131na gelen tepkilerin ard\u0131ndan konu parlamentoda da ele al\u0131nm\u0131\u015ft\u0131.<\/p>\n<p>KRAL\u0130YET M\u00dcLKLER\u0130 MERCEK ALTINDA<\/p>\n<p>Liberal Demokratlar&#x27;\u0131n lideri Ed Davey&#x27;nin, &quot;Royal Lodge&#x27;la ilgili if\u015faat g\u00f6z \u00f6n\u00fcne al\u0131nd\u0131\u011f\u0131nda vergi m\u00fckelleflerinin \u00e7\u0131karlar\u0131n\u0131 korumak i\u00e7in Kraliyet M\u00fclkleri &#x27;ni inceleme konusunda hemfikir misiniz? Mevcut Royal Lodge sakini de dahil herkesin ifadeye \u00e7a\u011f\u0131r\u0131laca\u011f\u0131 bir soru\u015fturma komisyonu olu\u015fturulmas\u0131n\u0131 destekliyor musunuz?&quot; sorusuna, Ba\u015fbakan Keir Starmer, &quot;Kraliyet M\u00fclkleri s\u00f6z konusu oldu\u011funda uygun bir inceleme yap\u0131lmas\u0131 \u00f6nemlidir. Kesinlikle destekliyorum.&quot; yan\u0131t\u0131n\u0131 vermi\u015fti.<\/p>\n<p>Bask\u0131lar\u0131n \u00fczerine d\u00fcn Windsor Kalesi&#x27;ndeki evini bo\u015faltan Mountbatten-Windsor, Kral Charles&#x27;\u0131n \u015fahsi m\u00fclk\u00fc olan Sandringham Saray\u0131 arazisindeki bir \u00e7iftlik evine ta\u015f\u0131nm\u0131\u015ft\u0131.<\/p>\n<p>Mountbatten-Windsor&#x27;un eski e\u015fi Sarah Ferguson&#x27;un da Epstein&#x27;le arkada\u015fl\u0131\u011f\u0131 ortaya \u00e7\u0131km\u0131\u015f, Ferguson&#x27;un onursal ba\u015fkan\u0131 oldu\u011fu pek \u00e7ok vak\u0131f, eski York D\u00fc\u015fesi&#x27;yle ili\u015fkisine son vermi\u015fti.<\/p>\n<p>Kendi k\u0131z \u00e7ocuklar\u0131n\u0131 Epstein adas\u0131na g\u00f6t\u00fcrd\u00fc\u011f\u00fc ortaya \u00e7\u0131kan Ferguson&#x27;un ad\u0131n\u0131 ta\u015f\u0131yan Sarah Vakf\u0131 ise kapanma karar\u0131 alm\u0131\u015ft\u0131.<\/p>\n<p>Yurtd\u0131\u015f\u0131nda ya\u015fanan en son olaylar, d\u00fcnya g\u00fcndemine oturan d\u0131\u015f haberler, son dakika d\u00fcnya haberleri, di\u011fer d\u00fcnya \u00fclkelerinden g\u00fcncel haberler i\u00e7in T\u00fcrkiye&#x27;nin haber sitesi hurriyet.com.tr; Hurriyet.com.tr haber i\u00e7erikleri kaynak g\u00f6sterilmeden al\u0131nt\u0131 yap\u0131lamaz, Kanuna ayk\u0131r\u0131 ve izinsiz olarak kopyalanamaz, ba\u015fka yerde yay\u0131nlanamaz.<\/p>\n","protected":false},"excerpt":{"rendered":"<p>\u0130ngiltere&#8217;de polis, Kral 3. Charles&#8217;\u0131n karde\u015fi Andrew Mountbatten-Windsor ile pedofili ve fuhu\u015f a\u011f\u0131 kurma su\u00e7lar\u0131ndan yarg\u0131lan\u0131rken h\u00fccresinde \u00f6l\u00fc bulunan&#8230;<\/p>\n","protected":false},"author":2,"featured_media":395,"comment_status":"open","ping_status":"open","sticky":false,"template":"","format":"standard","meta":{"footnotes":""},"categories":[8,3],"tags":[],"class_list":["post-396","post","type-post","status-publish","format-standard","has-post-thumbnail","hentry","category-arsiv","category-siyaset"],"_links":{"self":[{"href":"https:\/\/eskigazeteci.com\/index.php?rest_route=\/wp\/v2\/posts\/396","targetHints":{"allow":["GET"]}}],"collection":[{"href":"https:\/\/eskigazeteci.com\/index.php?rest_route=\/wp\/v2\/posts"}],"about":[{"href":"https:\/\/eskigazeteci.com\/index.php?rest_route=\/wp\/v2\/types\/post"}],"author":[{"embeddable":true,"href":"https:\/\/eskigazeteci.com\/index.php?rest_route=\/wp\/v2\/users\/2"}],"replies":[{"embeddable":true,"href":"https:\/\/eskigazeteci.com\/index.php?rest_route=%2Fwp%2Fv2%2Fcomments&post=396"}],"version-history":[{"count":0,"href":"https:\/\/eskigazeteci.com\/index.php?rest_route=\/wp\/v2\/posts\/396\/revisions"}],"wp:featuredmedia":[{"embeddable":true,"href":"https:\/\/eskigazeteci.com\/index.php?rest_route=\/wp\/v2\/media\/395"}],"wp:attachment":[{"href":"https:\/\/eskigazeteci.com\/index.php?rest_route=%2Fwp%2Fv2%2Fmedia&parent=396"}],"wp:term":[{"taxonomy":"category","embeddable":true,"href":"https:\/\/eskigazeteci.com\/index.php?rest_route=%2Fwp%2Fv2%2Fcategories&post=396"},{"taxonomy":"post_tag","embeddable":true,"href":"https:\/\/eskigazeteci.com\/index.php?rest_route=%2Fwp%2Fv2%2Ftags&post=396"}],"curies":[{"name":"wp","href":"https:\/\/api.w.org\/{rel}","templated":true}]}}