{"id":392,"date":"2026-02-09T14:41:25","date_gmt":"2026-02-09T14:41:25","guid":{"rendered":"https:\/\/eskigazeteci.com\/?p=392"},"modified":"2026-02-09T14:41:25","modified_gmt":"2026-02-09T14:41:25","slug":"istanbuldan-kalkan-ucak-duman-ikazi-nedeniyle-acil-inis-yapti","status":"publish","type":"post","link":"https:\/\/eskigazeteci.com\/?p=392","title":{"rendered":"\u0130stanbul&#8217;dan kalkan u\u00e7ak duman ikaz\u0131 nedeniyle acil ini\u015f yapt\u0131"},"content":{"rendered":"<p>\u0130stanbul&#x27;dan Kahire&#x27;ye gitmek 6 \u015eubat&#x27;ta \u0130stanbul Havaliman\u0131&#x27;ndan kalkan Egyptair &#x27;e ait MS738 sefer say\u0131l\u0131 Airbus A320 Neo tipi u\u00e7a\u011f\u0131n pilotlar\u0131, kokpitte duman g\u00f6r\u00fclmesi \u00fczerine Trafik Kontrol Merkezi&#x27;ne acil durum bildirdi.<\/p>\n<p>Acil ini\u015f talebinde bulunulmas\u0131 \u00fczerine \u0130stanbul Havaliman\u0131 \u0130\u015fletmecisi \u0130GA&#x27;ya ba\u011fl\u0131 hava kurtarma ve yang\u0131nla m\u00fccadele (ARFF) ekipleri haz\u0131r duruma getirildi. \u0130zin verilmesinin ard\u0131ndan u\u00e7ak, \u0130GA ARFF ekiplerinin e\u015fli\u011finde 17L nolu piste sorunsuz \u015fekilde ini\u015f yapt\u0131. U\u00e7akta yap\u0131lan kontrolde herhangi bir olumsuzluk tespit edilmedi. U\u00e7ak, 3 saat gecikmenin ard\u0131ndan tekrar havalanarak Kahire seferini tamamlad\u0131.<\/p>\n<p>T\u00fcrkiye g\u00fcndeminden son dakika haberleri, bug\u00fcn ya\u015fanan en son geli\u015fmeler, siyaset g\u00fcndeminden g\u00fcncel haberler ve b\u00fct\u00fcn son dakika haberleri i\u00e7in H\u00fcrriyet&#x27;in internet haber sitesi hurriyet.com.tr; Hurriyet.com.tr haber i\u00e7erikleri kaynak g\u00f6sterilmeden al\u0131nt\u0131 yap\u0131lamaz, Kanuna ayk\u0131r\u0131 ve izinsiz olarak kopyalanamaz, ba\u015fka yerde yay\u0131nlanamaz.<\/p>\n","protected":false},"excerpt":{"rendered":"<p>\u0130stanbul- Kahire seferini yapmak \u00fczere \u0130stanbul Havaliman\u0131&#8217;ndan kalkan M\u0131s\u0131r hava yolu \u015firketi Egyptair&#8217;e ait u\u00e7ak, pilotun duman ikaz\u0131 almas\u0131 \u00fczerine acil&#8230;<\/p>\n","protected":false},"author":2,"featured_media":391,"comment_status":"open","ping_status":"open","sticky":false,"template":"","format":"standard","meta":{"footnotes":""},"categories":[8,3],"tags":[],"class_list":["post-392","post","type-post","status-publish","format-standard","has-post-thumbnail","hentry","category-arsiv","category-siyaset"],"_links":{"self":[{"href":"https:\/\/eskigazeteci.com\/index.php?rest_route=\/wp\/v2\/posts\/392","targetHints":{"allow":["GET"]}}],"collection":[{"href":"https:\/\/eskigazeteci.com\/index.php?rest_route=\/wp\/v2\/posts"}],"about":[{"href":"https:\/\/eskigazeteci.com\/index.php?rest_route=\/wp\/v2\/types\/post"}],"author":[{"embeddable":true,"href":"https:\/\/eskigazeteci.com\/index.php?rest_route=\/wp\/v2\/users\/2"}],"replies":[{"embeddable":true,"href":"https:\/\/eskigazeteci.com\/index.php?rest_route=%2Fwp%2Fv2%2Fcomments&post=392"}],"version-history":[{"count":0,"href":"https:\/\/eskigazeteci.com\/index.php?rest_route=\/wp\/v2\/posts\/392\/revisions"}],"wp:featuredmedia":[{"embeddable":true,"href":"https:\/\/eskigazeteci.com\/index.php?rest_route=\/wp\/v2\/media\/391"}],"wp:attachment":[{"href":"https:\/\/eskigazeteci.com\/index.php?rest_route=%2Fwp%2Fv2%2Fmedia&parent=392"}],"wp:term":[{"taxonomy":"category","embeddable":true,"href":"https:\/\/eskigazeteci.com\/index.php?rest_route=%2Fwp%2Fv2%2Fcategories&post=392"},{"taxonomy":"post_tag","embeddable":true,"href":"https:\/\/eskigazeteci.com\/index.php?rest_route=%2Fwp%2Fv2%2Ftags&post=392"}],"curies":[{"name":"wp","href":"https:\/\/api.w.org\/{rel}","templated":true}]}}