{"id":390,"date":"2026-02-09T14:41:24","date_gmt":"2026-02-09T14:41:24","guid":{"rendered":"https:\/\/eskigazeteci.com\/?p=390"},"modified":"2026-02-09T14:41:24","modified_gmt":"2026-02-09T14:41:24","slug":"ekrem-imamoglunun-korumasinin-savcilik-ifadesi-ortaya-cikti","status":"publish","type":"post","link":"https:\/\/eskigazeteci.com\/?p=390","title":{"rendered":"Ekrem \u0130mamo\u011flu\u2019nun korumas\u0131n\u0131n savc\u0131l\u0131k ifadesi ortaya \u00e7\u0131kt\u0131"},"content":{"rendered":"<p>\u0130stanbul Cumhuriyet Ba\u015fsavc\u0131l\u0131\u011f\u0131 taraf\u0131ndan \u0130BB\u2019ye y\u00f6nelik y\u00fcr\u00fct\u00fclen &#x27;Yolsuzluk&#x27; soru\u015fturmas\u0131 kapsam\u0131nda tutuklanan ve g\u00f6revinden uzakla\u015ft\u0131r\u0131lan \u0130stanbul B\u00fcy\u00fck\u015fehir Belediye Ba\u015fkan\u0131 (\u0130BB) Ekrem \u0130mamo\u011flu&#x27;nun korumas\u0131 Bekta\u015f Kamburo\u011flu, Mali Su\u00e7larla M\u00fccadele \u015eube M\u00fcd\u00fcrl\u00fc\u011f\u00fc ekipleri taraf\u0131ndan g\u00f6zalt\u0131na al\u0131nm\u0131\u015ft\u0131.<\/p>\n<p>SAVCILIK \u0130FADES\u0130 ORTAYA \u00c7IKTI<\/p>\n<p>Emniyetteki i\u015flemlerinin tamamlanmas\u0131n\u0131n ard\u0131ndan adliyeye sevk edilen Bekta\u015f Kamburo\u011flu, &#x27;Yurtd\u0131\u015f\u0131 \u00e7\u0131k\u0131\u015f yasa\u011f\u0131&#x27; \u015feklindeki adli kontrol \u015fart\u0131yla sevk edildi\u011fi mahkemece serbest b\u0131rak\u0131ld\u0131. \u00d6te yandan Kamburo\u011flu&#x27;nun savc\u0131l\u0131kta verdi\u011fi ifade ortaya \u00e7\u0131kt\u0131.<\/p>\n<p>&#x27;TEK G\u00d6REV\u0130M \u0130MAMO\u011eLU&#x27;NA Y\u00d6NELECEK B\u0130R SALDIRIYA KAR\u015eI ONU KORUMAK&#x27;<\/p>\n<p>Bekta\u015f Kamburo\u011flu savc\u0131l\u0131kta verdi\u011fi ifadesinde, &quot;Ekrem \u0130mamo\u011flu ve Mustafa Ak\u0131n taraf\u0131ndan taraf\u0131ma g\u00f6nderilen mektuplar yakla\u015f\u0131k 8-9 ay \u00f6nce gelmi\u015fti. Kim taraf\u0131ndan taraf\u0131ma iletildi\u011fini hat\u0131rlam\u0131yorum. Ben a\u00e7\u0131k g\u00f6r\u00fc\u015fe hi\u00e7 gitmedim. Bundan dolay\u0131 bu mektuplar\u0131 elden ben almad\u0131m ancak b\u00fcy\u00fck ihtimalle avukatlardan birisi arac\u0131l\u0131\u011f\u0131yla taraf\u0131ma getirildi. Yine emniyette taraf\u0131ma sorulan mahkeme karar\u0131, iddianame haz\u0131rland\u0131ktan sonra klas\u00f6rler i\u00e7erisinde yer alan evraklardan birisiymi\u015f. Bu evrak Ocak ay\u0131 gibi taraf\u0131ma verildi. Bu evrak\u0131 bulundurmam\u0131n ve mektuplar\u0131 almam\u0131n su\u00e7 te\u015fkil etti\u011fi hakk\u0131nda hi\u00e7bir \u015fekilde bir bilgim yoktur. Bana sormu\u015f oldu\u011funuz kamera kapatma hususu, bizim zorunlu k\u0131lmad\u0131\u011f\u0131m\u0131z ancak Ekrem \u0130mamo\u011flu\u2019nun olumsuz bir g\u00f6r\u00fcnt\u00fcs\u00fcn\u00fcn al\u0131nmamas\u0131 amac\u0131yla uygulad\u0131\u011f\u0131m\u0131z bir \u00f6nlemdi. Hi\u00e7bir suretle herhangi bir su\u00e7 unsurunu gizlemek amac\u0131yla yap\u0131lm\u0131\u015f bir uygulama de\u011fildir. Yan\u0131m\u0131zda genellikle bulunan jammerlar ise sadece g\u00f6r\u00fcnt\u00fc amac\u0131yla bulunan ve genellikle \u00e7al\u0131\u015ft\u0131rmad\u0131\u011f\u0131m\u0131z e\u015fyalard\u0131. Bana sormu\u015f oldu\u011funuz Ekrem \u0130mamo\u011flu, Ertan Y\u0131ld\u0131z, Fatih Kele\u015f\u2019in makam odalar\u0131nda kullan\u0131lan jammerlarla ilgili hi\u00e7bir bilgim yoktur. Benim tek g\u00f6revim Ekrem \u0130mamo\u011flu\u2019na y\u00f6nelecek bir sald\u0131r\u0131ya kar\u015f\u0131 tetikte bulunmak ve onu korumakt\u0131r. Bahsetti\u011finiz hususlar, benim g\u00f6rev tan\u0131m\u0131m veya ilgi alan\u0131m i\u00e7erisinde de\u011fildir&quot; dedi.<\/p>\n<p>&#x27;KAMERA KAYIT C\u0130HAZLARIYLA \u0130LG\u0130L\u0130 B\u0130LG\u0130M YOK&#x27;<\/p>\n<p>Kamburo\u011flu, &quot; Ekrem \u0130mamo\u011flu \u2019nun konutunda bulunan ve operasyon sonras\u0131nda konuttan s\u00f6k\u00fcld\u00fc\u011f\u00fcn\u00fc s\u00f6yledi\u011finiz kamera kay\u0131t cihazlar\u0131yla ilgili hi\u00e7bir bilgim yoktur. S\u00f6z konusu her iki olayda da benim hi\u00e7bir konumum bulunmamaktad\u0131r. Ben emniyette Murat Ongun, Seza B\u00fcy\u00fck\u00e7ulha, Hakan Karanis, Fatih KELE\u015e, Ertan Y\u0131ld\u0131z ve Adem Soytekin isimli \u015fah\u0131slar\u0131 tan\u0131d\u0131\u011f\u0131m\u0131 s\u00f6yledim, ancak bu \u015fah\u0131slar\u0131n Ekrem \u0130mamo\u011flu ile \u00f6zel diyaloglar\u0131 ile ilgili hi\u00e7bir bilgim yoktur. Bu \u015fah\u0131slar\u0131n bir\u00e7o\u011funu hem\u015fehrim olmas\u0131 dolay\u0131s\u0131yla; Fatih Kele\u015f ve Murat Ongunu Beylikd\u00fcz\u00fc\u2019nde, Ertan Y\u0131ld\u0131z\u2019\u0131 ise \u0130BB d\u00f6neminde tan\u0131d\u0131m. \u00dczerime at\u0131l\u0131 su\u00e7lamalar\u0131 kabul etmiyorum. Ben hi\u00e7bir suretle su\u00e7 delillerini gizlemeye veya yok etmeye \u00e7al\u0131\u015fmad\u0131m. Benim i\u015f tan\u0131m\u0131m i\u00e7erisinde sadece Ekrem \u0130mamo\u011flu\u2019na kar\u015f\u0131 gelebilecek sald\u0131r\u0131lara kar\u015f\u0131 koruma g\u00f6revi vard\u0131. Bundan dolay\u0131 bana sordu\u011funuz olaylar\u0131n kim taraf\u0131ndan veya nas\u0131l ger\u00e7ekle\u015fti\u011fi ile ilgili bilgim yoktur&quot; dedi. (DHA)<\/p>\n<p>T\u00fcrkiye g\u00fcndeminden son dakika haberleri, bug\u00fcn ya\u015fanan en son geli\u015fmeler, siyaset g\u00fcndeminden g\u00fcncel haberler ve b\u00fct\u00fcn son dakika haberleri i\u00e7in H\u00fcrriyet&#x27;in internet haber sitesi hurriyet.com.tr; Hurriyet.com.tr haber i\u00e7erikleri kaynak g\u00f6sterilmeden al\u0131nt\u0131 yap\u0131lamaz, Kanuna ayk\u0131r\u0131 ve izinsiz olarak kopyalanamaz, ba\u015fka yerde yay\u0131nlanamaz.<\/p>\n","protected":false},"excerpt":{"rendered":"<p>\u0130BB&#8217;ye y\u00f6nelik &#8216;Yolsuzluk&#8217; soru\u015fturmas\u0131 kapsam\u0131nda tutuklanan ve g\u00f6revinden uzakla\u015ft\u0131r\u0131lan \u0130stanbul B\u00fcy\u00fck\u015fehir Belediye Ba\u015fkan\u0131 (\u0130BB) Ekrem \u0130mamo\u011flu&#8217;nun&#8230;<\/p>\n","protected":false},"author":2,"featured_media":389,"comment_status":"open","ping_status":"open","sticky":false,"template":"","format":"standard","meta":{"footnotes":""},"categories":[8,3],"tags":[],"class_list":["post-390","post","type-post","status-publish","format-standard","has-post-thumbnail","hentry","category-arsiv","category-siyaset"],"_links":{"self":[{"href":"https:\/\/eskigazeteci.com\/index.php?rest_route=\/wp\/v2\/posts\/390","targetHints":{"allow":["GET"]}}],"collection":[{"href":"https:\/\/eskigazeteci.com\/index.php?rest_route=\/wp\/v2\/posts"}],"about":[{"href":"https:\/\/eskigazeteci.com\/index.php?rest_route=\/wp\/v2\/types\/post"}],"author":[{"embeddable":true,"href":"https:\/\/eskigazeteci.com\/index.php?rest_route=\/wp\/v2\/users\/2"}],"replies":[{"embeddable":true,"href":"https:\/\/eskigazeteci.com\/index.php?rest_route=%2Fwp%2Fv2%2Fcomments&post=390"}],"version-history":[{"count":0,"href":"https:\/\/eskigazeteci.com\/index.php?rest_route=\/wp\/v2\/posts\/390\/revisions"}],"wp:featuredmedia":[{"embeddable":true,"href":"https:\/\/eskigazeteci.com\/index.php?rest_route=\/wp\/v2\/media\/389"}],"wp:attachment":[{"href":"https:\/\/eskigazeteci.com\/index.php?rest_route=%2Fwp%2Fv2%2Fmedia&parent=390"}],"wp:term":[{"taxonomy":"category","embeddable":true,"href":"https:\/\/eskigazeteci.com\/index.php?rest_route=%2Fwp%2Fv2%2Fcategories&post=390"},{"taxonomy":"post_tag","embeddable":true,"href":"https:\/\/eskigazeteci.com\/index.php?rest_route=%2Fwp%2Fv2%2Ftags&post=390"}],"curies":[{"name":"wp","href":"https:\/\/api.w.org\/{rel}","templated":true}]}}